{"id":156762,"date":"2020-04-30T20:04:51","date_gmt":"2020-04-30T17:04:51","guid":{"rendered":"http:\/\/arantv.az\/?p=156762"},"modified":"2020-04-30T20:04:51","modified_gmt":"2020-04-30T17:04:51","slug":"hikm%c9%99t-babaoglu-karantin-rejimi-il%c9%99-bagli-yumsaldilmalari-rahatliq-v%c9%99-virusdan-tam-azad-olmaq-kimi-q%c9%99bul-etm%c9%99m%c9%99liyik","status":"publish","type":"post","link":"https:\/\/arantv.az\/?p=156762","title":{"rendered":"Hikm\u0259t Babao\u011flu: Karantin rejimi il\u0259 ba\u011fl\u0131 yum\u015fald\u0131lmalar\u0131 rahatl\u0131q v\u0259 virusdan tam azad olmaq kimi q\u0259bul etm\u0259m\u0259liyik"},"content":{"rendered":"<p>Koronavirus pandemiyas\u0131 ba\u015flad\u0131qdan etibar\u0259n Az\u0259rbaycan \u00e7ox ciddi \u00f6nl\u0259yici t\u0259dbirl\u0259r ald\u0131 v\u0259 bunun n\u0259tic\u0259sind\u0259 haz\u0131rda v\u0259ziyy\u0259t tam n\u0259zar\u0259t alt\u0131ndad\u0131r. Amma karantin rejiminin t\u0259l\u0259bl\u0259ri il\u0259 ba\u011fl\u0131 yum\u015fald\u0131lmalar\u0131 rahatl\u0131q v\u0259 virusdan tam azad olmaq kimi q\u0259bul etm\u0259m\u0259liyik.<\/p>\n<p><strong>ARANTV.AZ<\/strong> bildirir ki, bunu\u00a0<a href=\"http:\/\/az.trend.az\/\" target=\"_blank\" rel=\"noopener\">Trend<\/a>-\u0259\u00a0a\u00e7\u0131qlamas\u0131nda Milli M\u0259clisin deputat\u0131 Hikm\u0259t Babao\u011flu deyib.<\/p>\n<p>H.Babao\u011flu bildirib ki, t\u0259kc\u0259 pandemiyan\u0131n t\u0259sirl\u0259rinin qar\u015f\u0131s\u0131n\u0131 almaq \u00fc\u00e7\u00fcn deyil, eyni zamanda postpandemiya m\u0259rh\u0259l\u0259sind\u0259 h\u0259m sosial-iqtisadi probleml\u0259rin h\u0259lli, h\u0259m d\u0259 iqtisadiyyat\u0131n yenid\u0259n dir\u00e7\u0259ldilm\u0259si il\u0259 ba\u011fl\u0131 kompleks t\u0259dbirl\u0259r g\u00f6r\u00fcl\u00fcr:<\/p>\n<p>&#8220;Bu g\u00fcn\u0259 q\u0259d\u0259r atd\u0131\u011f\u0131m\u0131z add\u0131mlar\u0131n u\u011furlu n\u0259tic\u0259sini g\u00f6rd\u00fck. H\u0259r bir Az\u0259rbaycan v\u0259t\u0259nda\u015f\u0131 bilir ki, koronavirus bir ne\u00e7\u0259 fazada \u00f6z\u00fcn\u00fc b\u00fcruz\u0259 ver\u0259n pandemiyad\u0131r. G\u00f6z\u00fcm\u00fcz\u00fcn \u00f6n\u00fcnd\u0259 d\u00fcnya t\u0259cr\u00fcb\u0259sini saxlamal\u0131y\u0131q&#8221;.<\/p>\n<p>Mill\u0259t v\u0259kili diqq\u0259t\u0259 \u00e7atd\u0131r\u0131b ki, ayr\u0131-ayr\u0131 \u00f6lk\u0259l\u0259rd\u0259 m\u00fcxt\u0259lif m\u0259rh\u0259l\u0259l\u0259rd\u0259 problemin s\u0259ngim\u0259sinin v\u0259 sonra yenid\u0259n ba\u015f qald\u0131rmas\u0131n\u0131n \u015fahidi oluruq:<\/p>\n<p>&#8220;Ona g\u00f6r\u0259 d\u0259 he\u00e7 bir halda karantin rejiminin t\u0259l\u0259bl\u0259ri il\u0259 ba\u011fl\u0131 yum\u015fald\u0131lmalar\u0131 rahatl\u0131q v\u0259 virusdan tam azad olmaq kimi q\u0259bul etm\u0259m\u0259liyik. \u00c7\u00fcnki bu g\u00fcn\u0259 q\u0259d\u0259r \u0259ld\u0259 etdiyimiz u\u011furlar al\u0131nan q\u0259rarlara riay\u0259t etm\u0259yimiz n\u0259tic\u0259sind\u0259 m\u00fcmk\u00fcn olub. Virusla ba\u011fl\u0131 Az\u0259rbaycan medias\u0131, ictimaiyy\u0259ti kifay\u0259t q\u0259d\u0259r maarifl\u0259ndirilib, \u00e7oxsayl\u0131 video\u00e7arxlar payla\u015f\u0131l\u0131b. C\u0259miyy\u0259t\u0259 yet\u0259rli s\u0259viyy\u0259d\u0259 informasiya \u00f6t\u00fcr\u00fcl\u00fcb. H\u0259kiml\u0259rimiz laz\u0131mi q\u0259d\u0259r tibbi maarifl\u0259ndirm\u0259 prosesini realla\u015fd\u0131r\u0131blar&#8221;.<\/p>\n<p>Deputat qeyd edib ki, c\u0259miyy\u0259tin ortaq maraqlar\u0131 \u00fc\u00e7\u00fcn sosial izolyasiya t\u0259dbirl\u0259rin\u0259 \u0259m\u0259l edilm\u0259lidir:<\/p>\n<p>&#8220;D\u00fc\u015f\u00fcn\u00fcr\u0259m ki, bel\u0259 bir v\u0259ziyy\u0259td\u0259 arxay\u0131nl\u0131q g\u00f6st\u0259rm\u0259y\u0259 he\u00e7 birimizin haqq\u0131 yoxdur. S\u00f6hb\u0259t h\u0259r birimizin v\u0259 b\u00fct\u00f6vl\u00fckd\u0259 c\u0259miyy\u0259tin maraqlar\u0131ndan gedir. Ona g\u00f6r\u0259 indiki m\u0259rh\u0259l\u0259d\u0259 karantin rejiminin t\u0259l\u0259bl\u0259rinin bir qisminin yum\u015fald\u0131lmas\u0131na baxmayaraq, ciddi \u015f\u0259kild\u0259 sosial izolyasiya t\u0259dbirl\u0259rinin ham\u0131s\u0131n\u0131 h\u0259yata ke\u00e7irm\u0259y\u0259 nail olmal\u0131y\u0131q. \u00d6z\u00fcm\u00fcz\u00fc qorumal\u0131y\u0131q ki, yax\u0131nlar\u0131m\u0131z\u0131 m\u00fchafiz\u0259 ed\u0259 bil\u0259k. Yax\u0131nlar\u0131m\u0131z\u0131 qorumal\u0131y\u0131q ki, \u0259trafdak\u0131 insanlar\u0131n sa\u011flaml\u0131\u011f\u0131n\u0131n qorunmas\u0131na nail olaq. \u018ftrafdak\u0131lar\u0131 qorumal\u0131y\u0131q ki, b\u00fct\u00f6vl\u00fckd\u0259 c\u0259miyy\u0259timizi v\u0259 xalq\u0131m\u0131z\u0131 qoruyaq. Ona g\u00f6r\u0259 \u0259sla karantin rejimi qaydalar\u0131n\u0131n yum\u015fald\u0131lmas\u0131 prosesini arxay\u0131nl\u0131q kimi q\u0259bul etm\u0259m\u0259liyik&#8221;.<\/p>\n","protected":false},"excerpt":{"rendered":"<p>Koronavirus pandemiyas\u0131 ba\u015flad\u0131qdan etibar\u0259n Az\u0259rbaycan \u00e7ox ciddi \u00f6nl\u0259yici t\u0259dbirl\u0259r ald\u0131 v\u0259 bunun n\u0259tic\u0259sind\u0259 haz\u0131rda v\u0259ziyy\u0259t tam n\u0259zar\u0259t alt\u0131ndad\u0131r. Amma karantin rejiminin t\u0259l\u0259bl\u0259ri il\u0259 ba\u011fl\u0131 yum\u015fald\u0131lmalar\u0131 rahatl\u0131q v\u0259 virusdan tam azad olmaq kimi q\u0259bul etm\u0259m\u0259liyik. ARANTV.AZ bildirir ki, bunu\u00a0Trend-\u0259\u00a0a\u00e7\u0131qlamas\u0131nda Milli M\u0259clisin deputat\u0131 Hikm\u0259t Babao\u011flu deyib. H.Babao\u011flu bildirib ki, t\u0259kc\u0259 pandemiyan\u0131n t\u0259sirl\u0259rinin qar\u015f\u0131s\u0131n\u0131 almaq \u00fc\u00e7\u00fcn deyil, eyni zamanda postpandemiya m\u0259rh\u0259l\u0259sind\u0259 h\u0259m sosial-iqtisadi probleml\u0259rin h\u0259lli, h\u0259m d\u0259 iqtisadiyyat\u0131n yenid\u0259n dir\u00e7\u0259ldilm\u0259si il\u0259 ba\u011fl\u0131 kompleks t\u0259dbirl\u0259r g\u00f6r\u00fcl\u00fcr: &#8220;Bu g\u00fcn\u0259 q\u0259d\u0259r atd\u0131\u011f\u0131m\u0131z add\u0131mlar\u0131n u\u011furlu n\u0259tic\u0259sini g\u00f6rd\u00fck. H\u0259r bir Az\u0259rbaycan v\u0259t\u0259nda\u015f\u0131 bilir ki, koronavirus bir ne\u00e7\u0259 fazada&hellip;<\/p>\n","protected":false},"author":2,"featured_media":156782,"comment_status":"closed","ping_status":"closed","sticky":false,"template":"","format":"standard","meta":{"om_disable_all_campaigns":false,"_monsterinsights_skip_tracking":false,"_monsterinsights_sitenote_active":false,"_monsterinsights_sitenote_note":"","_monsterinsights_sitenote_category":0},"categories":[19],"tags":[],"aioseo_notices":[],"gutentor_comment":0,"rttpg_featured_image_url":{"full":["https:\/\/arantv.az\/wp-content\/uploads\/2020\/04\/hikmet_283756.jpg",800,600,false],"landscape":["https:\/\/arantv.az\/wp-content\/uploads\/2020\/04\/hikmet_283756.jpg",800,600,false],"portraits":["https:\/\/arantv.az\/wp-content\/uploads\/2020\/04\/hikmet_283756.jpg",800,600,false],"thumbnail":["https:\/\/arantv.az\/wp-content\/uploads\/2020\/04\/hikmet_283756-150x150.jpg",150,150,true],"medium":["https:\/\/arantv.az\/wp-content\/uploads\/2020\/04\/hikmet_283756-300x225.jpg",300,225,true],"large":["https:\/\/arantv.az\/wp-content\/uploads\/2020\/04\/hikmet_283756.jpg",640,480,false],"1536x1536":["https:\/\/arantv.az\/wp-content\/uploads\/2020\/04\/hikmet_283756.jpg",800,600,false],"2048x2048":["https:\/\/arantv.az\/wp-content\/uploads\/2020\/04\/hikmet_283756.jpg",800,600,false],"post-thumbnail":["https:\/\/arantv.az\/wp-content\/uploads\/2020\/04\/hikmet_283756-240x172.jpg",240,172,true],"advps-thumb-one":["https:\/\/arantv.az\/wp-content\/uploads\/2020\/04\/hikmet_283756.jpg",800,600,false]},"rttpg_author":{"display_name":"V\u00fcsal Rafiqo\u011flu","author_link":"https:\/\/arantv.az\/?author=2"},"rttpg_comment":0,"rttpg_category":"<a href=\"https:\/\/arantv.az\/?cat=19\" rel=\"category\">G\u00fcnd\u0259m<\/a>","rttpg_excerpt":"Koronavirus pandemiyas\u0131 ba\u015flad\u0131qdan etibar\u0259n Az\u0259rbaycan \u00e7ox ciddi \u00f6nl\u0259yici t\u0259dbirl\u0259r ald\u0131 v\u0259 bunun n\u0259tic\u0259sind\u0259 haz\u0131rda v\u0259ziyy\u0259t tam n\u0259zar\u0259t alt\u0131ndad\u0131r. Amma karantin rejiminin t\u0259l\u0259bl\u0259ri il\u0259 ba\u011fl\u0131 yum\u015fald\u0131lmalar\u0131 rahatl\u0131q v\u0259 virusdan tam azad olmaq kimi q\u0259bul etm\u0259m\u0259liyik. ARANTV.AZ bildirir ki, bunu\u00a0Trend-\u0259\u00a0a\u00e7\u0131qlamas\u0131nda Milli M\u0259clisin deputat\u0131 Hikm\u0259t Babao\u011flu deyib. H.Babao\u011flu bildirib ki, t\u0259kc\u0259 pandemiyan\u0131n t\u0259sirl\u0259rinin qar\u015f\u0131s\u0131n\u0131 almaq \u00fc\u00e7\u00fcn deyil, eyni&hellip;","_links":{"self":[{"href":"https:\/\/arantv.az\/index.php?rest_route=\/wp\/v2\/posts\/156762"}],"collection":[{"href":"https:\/\/arantv.az\/index.php?rest_route=\/wp\/v2\/posts"}],"about":[{"href":"https:\/\/arantv.az\/index.php?rest_route=\/wp\/v2\/types\/post"}],"author":[{"embeddable":true,"href":"https:\/\/arantv.az\/index.php?rest_route=\/wp\/v2\/users\/2"}],"replies":[{"embeddable":true,"href":"https:\/\/arantv.az\/index.php?rest_route=%2Fwp%2Fv2%2Fcomments&post=156762"}],"version-history":[{"count":0,"href":"https:\/\/arantv.az\/index.php?rest_route=\/wp\/v2\/posts\/156762\/revisions"}],"wp:featuredmedia":[{"embeddable":true,"href":"https:\/\/arantv.az\/index.php?rest_route=\/wp\/v2\/media\/156782"}],"wp:attachment":[{"href":"https:\/\/arantv.az\/index.php?rest_route=%2Fwp%2Fv2%2Fmedia&parent=156762"}],"wp:term":[{"taxonomy":"category","embeddable":true,"href":"https:\/\/arantv.az\/index.php?rest_route=%2Fwp%2Fv2%2Fcategories&post=156762"},{"taxonomy":"post_tag","embeddable":true,"href":"https:\/\/arantv.az\/index.php?rest_route=%2Fwp%2Fv2%2Ftags&post=156762"}],"curies":[{"name":"wp","href":"https:\/\/api.w.org\/{rel}","templated":true}]}}