{"id":156765,"date":"2020-04-30T19:02:15","date_gmt":"2020-04-30T16:02:15","guid":{"rendered":"http:\/\/arantv.az\/?p=156765"},"modified":"2020-04-30T19:02:15","modified_gmt":"2020-04-30T16:02:15","slug":"bu-gun-isd%c9%99n-cixarilan-icra-bascisi-h%c9%99bs-edildi","status":"publish","type":"post","link":"https:\/\/arantv.az\/?p=156765","title":{"rendered":"Bu g\u00fcn i\u015fd\u0259n \u00e7\u0131xar\u0131lan icra ba\u015f\u00e7\u0131s\u0131 h\u0259bs edildi"},"content":{"rendered":"<p><strong>Bil\u0259suvar\u0131n sabiq icra ba\u015f\u00e7\u0131s\u0131 bar\u0259sind\u0259 h\u0259bs q\u0259timkan t\u0259dbiri se\u00e7ildi.<\/strong><\/p>\n<p>S\u0259bail rayon M\u0259hk\u0259m\u0259sind\u0259 Bil\u0259suvar Rayon \u0130cra Hakimiyy\u0259tinin sabiq ba\u015f\u00e7\u0131s\u0131 Mahir Quliyev bar\u0259sind\u0259 veril\u0259n t\u0259qdimata bax\u0131l\u0131b.<\/p>\n<p><strong>ARANTV.AZ<\/strong>\u00a0<a href=\"http:\/\/az.trend.az\/\" target=\"_blank\" rel=\"noopener\">Trend<\/a>-\u0259 istinad\u0259n bildirir ki,\u00a0m\u0259hk\u0259m\u0259d\u0259 t\u0259qdimat t\u0259min edilib. M\u0259hk\u0259m\u0259nin q\u0259rar\u0131 il\u0259 onun bar\u0259sind\u0259 4 ay m\u00fcdd\u0259tin\u0259 h\u0259bs q\u0259timkan t\u0259dbiri se\u00e7ilib.<\/p>\n<p>Qeyd ed\u0259k ki, M. Quliyevin \u00f6t\u0259n g\u00fcn D\u00f6vl\u0259t T\u0259hl\u00fck\u0259sizliyi Xidm\u0259tinin (DTX) ke\u00e7irdiyi \u0259m\u0259liyyat n\u0259tic\u0259sind\u0259 saxland\u0131\u011f\u0131 yay\u0131lm\u0131\u015fd\u0131.<\/p>\n<p>Aprelin 30-da M.Quliyev Prezident \u0130lham \u018fliyevin imzalad\u0131\u011f\u0131 s\u0259r\u0259ncamla tutdu\u011fu v\u0259zif\u0259d\u0259n azad edilib.<\/p>\n","protected":false},"excerpt":{"rendered":"<p>Bil\u0259suvar\u0131n sabiq icra ba\u015f\u00e7\u0131s\u0131 bar\u0259sind\u0259 h\u0259bs q\u0259timkan t\u0259dbiri se\u00e7ildi. S\u0259bail rayon M\u0259hk\u0259m\u0259sind\u0259 Bil\u0259suvar Rayon \u0130cra Hakimiyy\u0259tinin sabiq ba\u015f\u00e7\u0131s\u0131 Mahir Quliyev bar\u0259sind\u0259 veril\u0259n t\u0259qdimata bax\u0131l\u0131b. ARANTV.AZ\u00a0Trend-\u0259 istinad\u0259n bildirir ki,\u00a0m\u0259hk\u0259m\u0259d\u0259 t\u0259qdimat t\u0259min edilib. M\u0259hk\u0259m\u0259nin q\u0259rar\u0131 il\u0259 onun bar\u0259sind\u0259 4 ay m\u00fcdd\u0259tin\u0259 h\u0259bs q\u0259timkan t\u0259dbiri se\u00e7ilib. Qeyd ed\u0259k ki, M. Quliyevin \u00f6t\u0259n g\u00fcn D\u00f6vl\u0259t T\u0259hl\u00fck\u0259sizliyi Xidm\u0259tinin (DTX) ke\u00e7irdiyi \u0259m\u0259liyyat n\u0259tic\u0259sind\u0259 saxland\u0131\u011f\u0131 yay\u0131lm\u0131\u015fd\u0131. Aprelin 30-da M.Quliyev Prezident \u0130lham \u018fliyevin imzalad\u0131\u011f\u0131 s\u0259r\u0259ncamla tutdu\u011fu v\u0259zif\u0259d\u0259n azad edilib.<\/p>\n","protected":false},"author":2,"featured_media":156766,"comment_status":"closed","ping_status":"closed","sticky":false,"template":"","format":"standard","meta":{"om_disable_all_campaigns":false,"_monsterinsights_skip_tracking":false,"_monsterinsights_sitenote_active":false,"_monsterinsights_sitenote_note":"","_monsterinsights_sitenote_category":0},"categories":[3],"tags":[],"aioseo_notices":[],"gutentor_comment":0,"rttpg_featured_image_url":{"full":["https:\/\/arantv.az\/wp-content\/uploads\/2020\/04\/846656.jpg",637,400,false],"landscape":["https:\/\/arantv.az\/wp-content\/uploads\/2020\/04\/846656.jpg",637,400,false],"portraits":["https:\/\/arantv.az\/wp-content\/uploads\/2020\/04\/846656.jpg",637,400,false],"thumbnail":["https:\/\/arantv.az\/wp-content\/uploads\/2020\/04\/846656-150x150.jpg",150,150,true],"medium":["https:\/\/arantv.az\/wp-content\/uploads\/2020\/04\/846656-300x188.jpg",300,188,true],"large":["https:\/\/arantv.az\/wp-content\/uploads\/2020\/04\/846656.jpg",637,400,false],"1536x1536":["https:\/\/arantv.az\/wp-content\/uploads\/2020\/04\/846656.jpg",637,400,false],"2048x2048":["https:\/\/arantv.az\/wp-content\/uploads\/2020\/04\/846656.jpg",637,400,false],"post-thumbnail":["https:\/\/arantv.az\/wp-content\/uploads\/2020\/04\/846656-240x172.jpg",240,172,true],"advps-thumb-one":["https:\/\/arantv.az\/wp-content\/uploads\/2020\/04\/846656.jpg",637,400,false]},"rttpg_author":{"display_name":"V\u00fcsal Rafiqo\u011flu","author_link":"https:\/\/arantv.az\/?author=2"},"rttpg_comment":0,"rttpg_category":"<a href=\"https:\/\/arantv.az\/?cat=3\" rel=\"category\">Kriminal<\/a>","rttpg_excerpt":"Bil\u0259suvar\u0131n sabiq icra ba\u015f\u00e7\u0131s\u0131 bar\u0259sind\u0259 h\u0259bs q\u0259timkan t\u0259dbiri se\u00e7ildi. S\u0259bail rayon M\u0259hk\u0259m\u0259sind\u0259 Bil\u0259suvar Rayon \u0130cra Hakimiyy\u0259tinin sabiq ba\u015f\u00e7\u0131s\u0131 Mahir Quliyev bar\u0259sind\u0259 veril\u0259n t\u0259qdimata bax\u0131l\u0131b. ARANTV.AZ\u00a0Trend-\u0259 istinad\u0259n bildirir ki,\u00a0m\u0259hk\u0259m\u0259d\u0259 t\u0259qdimat t\u0259min edilib. M\u0259hk\u0259m\u0259nin q\u0259rar\u0131 il\u0259 onun bar\u0259sind\u0259 4 ay m\u00fcdd\u0259tin\u0259 h\u0259bs q\u0259timkan t\u0259dbiri se\u00e7ilib. Qeyd ed\u0259k ki, M. Quliyevin \u00f6t\u0259n g\u00fcn D\u00f6vl\u0259t T\u0259hl\u00fck\u0259sizliyi Xidm\u0259tinin (DTX) ke\u00e7irdiyi&hellip;","_links":{"self":[{"href":"https:\/\/arantv.az\/index.php?rest_route=\/wp\/v2\/posts\/156765"}],"collection":[{"href":"https:\/\/arantv.az\/index.php?rest_route=\/wp\/v2\/posts"}],"about":[{"href":"https:\/\/arantv.az\/index.php?rest_route=\/wp\/v2\/types\/post"}],"author":[{"embeddable":true,"href":"https:\/\/arantv.az\/index.php?rest_route=\/wp\/v2\/users\/2"}],"replies":[{"embeddable":true,"href":"https:\/\/arantv.az\/index.php?rest_route=%2Fwp%2Fv2%2Fcomments&post=156765"}],"version-history":[{"count":0,"href":"https:\/\/arantv.az\/index.php?rest_route=\/wp\/v2\/posts\/156765\/revisions"}],"wp:featuredmedia":[{"embeddable":true,"href":"https:\/\/arantv.az\/index.php?rest_route=\/wp\/v2\/media\/156766"}],"wp:attachment":[{"href":"https:\/\/arantv.az\/index.php?rest_route=%2Fwp%2Fv2%2Fmedia&parent=156765"}],"wp:term":[{"taxonomy":"category","embeddable":true,"href":"https:\/\/arantv.az\/index.php?rest_route=%2Fwp%2Fv2%2Fcategories&post=156765"},{"taxonomy":"post_tag","embeddable":true,"href":"https:\/\/arantv.az\/index.php?rest_route=%2Fwp%2Fv2%2Ftags&post=156765"}],"curies":[{"name":"wp","href":"https:\/\/api.w.org\/{rel}","templated":true}]}}