{"id":156777,"date":"2020-04-30T20:03:35","date_gmt":"2020-04-30T17:03:35","guid":{"rendered":"http:\/\/arantv.az\/?p=156777"},"modified":"2020-04-30T20:03:35","modified_gmt":"2020-04-30T17:03:35","slug":"nyu-yorkda-yuk-masinlarinda-100-%c9%99-yaxin-c%c9%99s%c9%99d-tapilib","status":"publish","type":"post","link":"https:\/\/arantv.az\/?p=156777","title":{"rendered":"Nyu-Yorkda y\u00fck ma\u015f\u0131nlar\u0131nda 100-\u0259 yax\u0131n c\u0259s\u0259d tap\u0131l\u0131b"},"content":{"rendered":"<p>Reuters x\u0259b\u0259r agentliyinin \u015fahidl\u0259rinin dediyin\u0259 g\u00f6r\u0259, \u00e7\u0259r\u015f\u0259nb\u0259 g\u00fcn\u00fc U-Haul y\u00fck ma\u015f\u0131n\u0131n\u0131nda Nyu-York \u015f\u0259h\u0259rinin c\u0259naz\u0259 evin\u0259 g\u0259tiril\u0259n meyitl\u0259r dondurulmam\u0131\u015f v\u0259ziyy\u0259td\u0259 olub.<\/p>\n<p>\u015eahidl\u0259r i\u00e7\u0259risind\u0259 c\u0259s\u0259dl\u0259r olan U-Haul \u015firk\u0259tin\u0259 m\u0259xsus bir b\u00f6y\u00fck v\u0259 iki daha ki\u00e7ik y\u00fck ma\u015f\u0131nlar\u0131n\u0131n c\u0259naz\u0259 evinin qar\u015f\u0131s\u0131nda dayand\u0131\u011f\u0131n\u0131 g\u00f6rd\u00fckl\u0259rini deyib.<\/p>\n<p>M\u0259rasim Xidm\u0259tl\u0259ri \u0130dar\u0259sinin ba\u015f\u00e7\u0131s\u0131 Endr\u00fc T. Kleklinin ABC News kanal\u0131na bildirdiyin\u0259 g\u00f6r\u0259, c\u0259naz\u0259 evind\u0259ki c\u0259s\u0259dl\u0259rin saxland\u0131\u011f\u0131 soyuducu xarab oldu\u011fu \u00fc\u00e7\u00fcn 100-\u0259 yax\u0131n c\u0259s\u0259d n\u0259qliyyat vasit\u0259l\u0259rind\u0259 qal\u0131b.<\/p>\n<p>ABC n\u0259 c\u0259naz\u0259 evinin sahibinin kimliyi haqdaq m\u0259lumat, n\u0259 d\u0259 c\u0259naz\u0259 evind\u0259n kims\u0259 \u015f\u0259rh verib. C\u0259s\u0259dl\u0259rin U-Haul ma\u015f\u0131nlar\u0131nda n\u0259 q\u0259d\u0259r qald\u0131\u011f\u0131 v\u0259 ya onlar\u0131n COVID-19 qurbanlar\u0131 olub-olmad\u0131\u011f\u0131 m\u0259lum deyil.<\/p>\n<p>Nyu-York medias\u0131 c\u0259s\u0259dl\u0259rin yax\u0131nl\u0131qda ya\u015fayanlar\u0131n y\u00fck ma\u015f\u0131nlar\u0131ndan pis iy g\u0259ldiyini bildirdikd\u0259n sonra a\u015fkar edildiyini yaz\u0131r.<\/p>\n<div><\/div>\n<p>Nyu-York Polis \u0130dar\u0259si \u015f\u0259rh verm\u0259kd\u0259n imtina edib. S\u0259hiyy\u0259 Nazirliyind\u0259n d\u0259 \u015f\u0259rh almaq m\u00fcmk\u00fcn olmay\u0131b.<\/p>\n","protected":false},"excerpt":{"rendered":"<p>Reuters x\u0259b\u0259r agentliyinin \u015fahidl\u0259rinin dediyin\u0259 g\u00f6r\u0259, \u00e7\u0259r\u015f\u0259nb\u0259 g\u00fcn\u00fc U-Haul y\u00fck ma\u015f\u0131n\u0131n\u0131nda Nyu-York \u015f\u0259h\u0259rinin c\u0259naz\u0259 evin\u0259 g\u0259tiril\u0259n meyitl\u0259r dondurulmam\u0131\u015f v\u0259ziyy\u0259td\u0259 olub. \u015eahidl\u0259r i\u00e7\u0259risind\u0259 c\u0259s\u0259dl\u0259r olan U-Haul \u015firk\u0259tin\u0259 m\u0259xsus bir b\u00f6y\u00fck v\u0259 iki daha ki\u00e7ik y\u00fck ma\u015f\u0131nlar\u0131n\u0131n c\u0259naz\u0259 evinin qar\u015f\u0131s\u0131nda dayand\u0131\u011f\u0131n\u0131 g\u00f6rd\u00fckl\u0259rini deyib. M\u0259rasim Xidm\u0259tl\u0259ri \u0130dar\u0259sinin ba\u015f\u00e7\u0131s\u0131 Endr\u00fc T. Kleklinin ABC News kanal\u0131na bildirdiyin\u0259 g\u00f6r\u0259, c\u0259naz\u0259 evind\u0259ki c\u0259s\u0259dl\u0259rin saxland\u0131\u011f\u0131 soyuducu xarab oldu\u011fu \u00fc\u00e7\u00fcn 100-\u0259 yax\u0131n c\u0259s\u0259d n\u0259qliyyat vasit\u0259l\u0259rind\u0259 qal\u0131b. ABC n\u0259 c\u0259naz\u0259 evinin sahibinin kimliyi haqdaq m\u0259lumat, n\u0259 d\u0259 c\u0259naz\u0259 evind\u0259n kims\u0259 \u015f\u0259rh verib. C\u0259s\u0259dl\u0259rin U-Haul ma\u015f\u0131nlar\u0131nda n\u0259 q\u0259d\u0259r qald\u0131\u011f\u0131 v\u0259 ya&hellip;<\/p>\n","protected":false},"author":2,"featured_media":156778,"comment_status":"closed","ping_status":"closed","sticky":false,"template":"","format":"standard","meta":{"om_disable_all_campaigns":false,"_monsterinsights_skip_tracking":false,"_monsterinsights_sitenote_active":false,"_monsterinsights_sitenote_note":"","_monsterinsights_sitenote_category":0},"categories":[5],"tags":[],"aioseo_notices":[],"gutentor_comment":0,"rttpg_featured_image_url":{"full":["https:\/\/arantv.az\/wp-content\/uploads\/2020\/04\/e384940r33.jpg",800,600,false],"landscape":["https:\/\/arantv.az\/wp-content\/uploads\/2020\/04\/e384940r33.jpg",800,600,false],"portraits":["https:\/\/arantv.az\/wp-content\/uploads\/2020\/04\/e384940r33.jpg",800,600,false],"thumbnail":["https:\/\/arantv.az\/wp-content\/uploads\/2020\/04\/e384940r33-150x150.jpg",150,150,true],"medium":["https:\/\/arantv.az\/wp-content\/uploads\/2020\/04\/e384940r33-300x225.jpg",300,225,true],"large":["https:\/\/arantv.az\/wp-content\/uploads\/2020\/04\/e384940r33.jpg",640,480,false],"1536x1536":["https:\/\/arantv.az\/wp-content\/uploads\/2020\/04\/e384940r33.jpg",800,600,false],"2048x2048":["https:\/\/arantv.az\/wp-content\/uploads\/2020\/04\/e384940r33.jpg",800,600,false],"post-thumbnail":["https:\/\/arantv.az\/wp-content\/uploads\/2020\/04\/e384940r33-240x172.jpg",240,172,true],"advps-thumb-one":["https:\/\/arantv.az\/wp-content\/uploads\/2020\/04\/e384940r33.jpg",800,600,false]},"rttpg_author":{"display_name":"V\u00fcsal Rafiqo\u011flu","author_link":"https:\/\/arantv.az\/?author=2"},"rttpg_comment":0,"rttpg_category":"<a href=\"https:\/\/arantv.az\/?cat=5\" rel=\"category\">Hadis\u0259<\/a>","rttpg_excerpt":"Reuters x\u0259b\u0259r agentliyinin \u015fahidl\u0259rinin dediyin\u0259 g\u00f6r\u0259, \u00e7\u0259r\u015f\u0259nb\u0259 g\u00fcn\u00fc U-Haul y\u00fck ma\u015f\u0131n\u0131n\u0131nda Nyu-York \u015f\u0259h\u0259rinin c\u0259naz\u0259 evin\u0259 g\u0259tiril\u0259n meyitl\u0259r dondurulmam\u0131\u015f v\u0259ziyy\u0259td\u0259 olub. \u015eahidl\u0259r i\u00e7\u0259risind\u0259 c\u0259s\u0259dl\u0259r olan U-Haul \u015firk\u0259tin\u0259 m\u0259xsus bir b\u00f6y\u00fck v\u0259 iki daha ki\u00e7ik y\u00fck ma\u015f\u0131nlar\u0131n\u0131n c\u0259naz\u0259 evinin qar\u015f\u0131s\u0131nda dayand\u0131\u011f\u0131n\u0131 g\u00f6rd\u00fckl\u0259rini deyib. M\u0259rasim Xidm\u0259tl\u0259ri \u0130dar\u0259sinin ba\u015f\u00e7\u0131s\u0131 Endr\u00fc T. Kleklinin ABC News kanal\u0131na bildirdiyin\u0259 g\u00f6r\u0259, c\u0259naz\u0259 evind\u0259ki&hellip;","_links":{"self":[{"href":"https:\/\/arantv.az\/index.php?rest_route=\/wp\/v2\/posts\/156777"}],"collection":[{"href":"https:\/\/arantv.az\/index.php?rest_route=\/wp\/v2\/posts"}],"about":[{"href":"https:\/\/arantv.az\/index.php?rest_route=\/wp\/v2\/types\/post"}],"author":[{"embeddable":true,"href":"https:\/\/arantv.az\/index.php?rest_route=\/wp\/v2\/users\/2"}],"replies":[{"embeddable":true,"href":"https:\/\/arantv.az\/index.php?rest_route=%2Fwp%2Fv2%2Fcomments&post=156777"}],"version-history":[{"count":0,"href":"https:\/\/arantv.az\/index.php?rest_route=\/wp\/v2\/posts\/156777\/revisions"}],"wp:featuredmedia":[{"embeddable":true,"href":"https:\/\/arantv.az\/index.php?rest_route=\/wp\/v2\/media\/156778"}],"wp:attachment":[{"href":"https:\/\/arantv.az\/index.php?rest_route=%2Fwp%2Fv2%2Fmedia&parent=156777"}],"wp:term":[{"taxonomy":"category","embeddable":true,"href":"https:\/\/arantv.az\/index.php?rest_route=%2Fwp%2Fv2%2Fcategories&post=156777"},{"taxonomy":"post_tag","embeddable":true,"href":"https:\/\/arantv.az\/index.php?rest_route=%2Fwp%2Fv2%2Ftags&post=156777"}],"curies":[{"name":"wp","href":"https:\/\/api.w.org\/{rel}","templated":true}]}}