{"id":156781,"date":"2020-04-30T20:08:07","date_gmt":"2020-04-30T17:08:07","guid":{"rendered":"http:\/\/arantv.az\/?p=156781"},"modified":"2020-04-30T20:08:07","modified_gmt":"2020-04-30T17:08:07","slug":"ali-m%c9%99hk%c9%99m%c9%99y%c9%99-namiz%c9%99dliyi-ir%c9%99li-surulmus-hakiml%c9%99r-siyahi","status":"publish","type":"post","link":"https:\/\/arantv.az\/?p=156781","title":{"rendered":"Ali M\u0259hk\u0259m\u0259y\u0259 namiz\u0259dliyi ir\u0259li s\u00fcr\u00fclm\u00fc\u015f hakiml\u0259r &#8211; S\u0130YAHI"},"content":{"rendered":"<p><strong>Sabah, may\u0131n 1-d\u0259 Milli M\u0259clisin H\u00fcquq siyas\u0259ti v\u0259 d\u00f6vl\u0259t quruculu\u011fu komit\u0259sind\u0259 \u201cAz\u0259rbaycan Respublikas\u0131 Ali M\u0259hk\u0259m\u0259si hakiml\u0259rinin t\u0259yin edilm\u0259si haqq\u0131nda\u201d m\u0259s\u0259l\u0259y\u0259 bax\u0131lacaq.<\/strong><\/p>\n<p>\u201cReport\u201dun x\u0259b\u0259rin\u0259 g\u00f6r\u0259, Prezident \u0130lham \u018fliyev Ali M\u0259hk\u0259m\u0259y\u0259 bir ne\u00e7\u0259 hakim t\u0259yin edilm\u0259si bar\u0259d\u0259 Milli M\u0259clis\u0259 t\u0259qdimat g\u00f6nd\u0259rib.<\/p>\n<p>Sabahk\u0131 komit\u0259 iclas\u0131nda Bak\u0131 Apelyasiya M\u0259hk\u0259m\u0259sinin hakiml\u0259ri \u0130smay\u0131l X\u0259lilov, V\u00fcqar H\u0259s\u0259nov, Zaur \u018fliyev, Abidin H\u00fcseynovun, Sumqay\u0131t Apellyasiya M\u0259hk\u0259m\u0259sinin hakiml\u0259ri \u00c7ingiz \u018fsg\u0259rov, Aqil Abbasov, B\u0259hram M\u0259mm\u0259dli, B\u0259hman Q\u0259ribovun, G\u0259nc\u0259 Apellyasiya M\u0259hk\u0259m\u0259sinin hakimi \u0130sp\u0259ndiyar \u015e\u0259fiyevin Ali M\u0259hk\u0259m\u0259nin hakimi t\u0259yin edilm\u0259si haqq\u0131nda m\u0259s\u0259l\u0259 m\u00fczakir\u0259y\u0259 \u00e7\u0131xar\u0131lacaq.<\/p>\n","protected":false},"excerpt":{"rendered":"<p>Sabah, may\u0131n 1-d\u0259 Milli M\u0259clisin H\u00fcquq siyas\u0259ti v\u0259 d\u00f6vl\u0259t quruculu\u011fu komit\u0259sind\u0259 \u201cAz\u0259rbaycan Respublikas\u0131 Ali M\u0259hk\u0259m\u0259si hakiml\u0259rinin t\u0259yin edilm\u0259si haqq\u0131nda\u201d m\u0259s\u0259l\u0259y\u0259 bax\u0131lacaq. \u201cReport\u201dun x\u0259b\u0259rin\u0259 g\u00f6r\u0259, Prezident \u0130lham \u018fliyev Ali M\u0259hk\u0259m\u0259y\u0259 bir ne\u00e7\u0259 hakim t\u0259yin edilm\u0259si bar\u0259d\u0259 Milli M\u0259clis\u0259 t\u0259qdimat g\u00f6nd\u0259rib. Sabahk\u0131 komit\u0259 iclas\u0131nda Bak\u0131 Apelyasiya M\u0259hk\u0259m\u0259sinin hakiml\u0259ri \u0130smay\u0131l X\u0259lilov, V\u00fcqar H\u0259s\u0259nov, Zaur \u018fliyev, Abidin H\u00fcseynovun, Sumqay\u0131t Apellyasiya M\u0259hk\u0259m\u0259sinin hakiml\u0259ri \u00c7ingiz \u018fsg\u0259rov, Aqil Abbasov, B\u0259hram M\u0259mm\u0259dli, B\u0259hman Q\u0259ribovun, G\u0259nc\u0259 Apellyasiya M\u0259hk\u0259m\u0259sinin hakimi \u0130sp\u0259ndiyar \u015e\u0259fiyevin Ali M\u0259hk\u0259m\u0259nin hakimi t\u0259yin edilm\u0259si haqq\u0131nda m\u0259s\u0259l\u0259 m\u00fczakir\u0259y\u0259 \u00e7\u0131xar\u0131lacaq.<\/p>\n","protected":false},"author":2,"featured_media":156786,"comment_status":"closed","ping_status":"closed","sticky":false,"template":"","format":"standard","meta":{"om_disable_all_campaigns":false,"_monsterinsights_skip_tracking":false,"_monsterinsights_sitenote_active":false,"_monsterinsights_sitenote_note":"","_monsterinsights_sitenote_category":0},"categories":[19],"tags":[],"aioseo_notices":[],"gutentor_comment":0,"rttpg_featured_image_url":{"full":["https:\/\/arantv.az\/wp-content\/uploads\/2020\/04\/604c4335cdc09287f3390654f4c32a67.jpg",450,300,false],"landscape":["https:\/\/arantv.az\/wp-content\/uploads\/2020\/04\/604c4335cdc09287f3390654f4c32a67.jpg",450,300,false],"portraits":["https:\/\/arantv.az\/wp-content\/uploads\/2020\/04\/604c4335cdc09287f3390654f4c32a67.jpg",450,300,false],"thumbnail":["https:\/\/arantv.az\/wp-content\/uploads\/2020\/04\/604c4335cdc09287f3390654f4c32a67-150x150.jpg",150,150,true],"medium":["https:\/\/arantv.az\/wp-content\/uploads\/2020\/04\/604c4335cdc09287f3390654f4c32a67-300x200.jpg",300,200,true],"large":["https:\/\/arantv.az\/wp-content\/uploads\/2020\/04\/604c4335cdc09287f3390654f4c32a67.jpg",450,300,false],"1536x1536":["https:\/\/arantv.az\/wp-content\/uploads\/2020\/04\/604c4335cdc09287f3390654f4c32a67.jpg",450,300,false],"2048x2048":["https:\/\/arantv.az\/wp-content\/uploads\/2020\/04\/604c4335cdc09287f3390654f4c32a67.jpg",450,300,false],"post-thumbnail":["https:\/\/arantv.az\/wp-content\/uploads\/2020\/04\/604c4335cdc09287f3390654f4c32a67-240x172.jpg",240,172,true],"advps-thumb-one":["https:\/\/arantv.az\/wp-content\/uploads\/2020\/04\/604c4335cdc09287f3390654f4c32a67.jpg",450,300,false]},"rttpg_author":{"display_name":"V\u00fcsal Rafiqo\u011flu","author_link":"https:\/\/arantv.az\/?author=2"},"rttpg_comment":0,"rttpg_category":"<a href=\"https:\/\/arantv.az\/?cat=19\" rel=\"category\">G\u00fcnd\u0259m<\/a>","rttpg_excerpt":"Sabah, may\u0131n 1-d\u0259 Milli M\u0259clisin H\u00fcquq siyas\u0259ti v\u0259 d\u00f6vl\u0259t quruculu\u011fu komit\u0259sind\u0259 \u201cAz\u0259rbaycan Respublikas\u0131 Ali M\u0259hk\u0259m\u0259si hakiml\u0259rinin t\u0259yin edilm\u0259si haqq\u0131nda\u201d m\u0259s\u0259l\u0259y\u0259 bax\u0131lacaq. \u201cReport\u201dun x\u0259b\u0259rin\u0259 g\u00f6r\u0259, Prezident \u0130lham \u018fliyev Ali M\u0259hk\u0259m\u0259y\u0259 bir ne\u00e7\u0259 hakim t\u0259yin edilm\u0259si bar\u0259d\u0259 Milli M\u0259clis\u0259 t\u0259qdimat g\u00f6nd\u0259rib. Sabahk\u0131 komit\u0259 iclas\u0131nda Bak\u0131 Apelyasiya M\u0259hk\u0259m\u0259sinin hakiml\u0259ri \u0130smay\u0131l X\u0259lilov, V\u00fcqar H\u0259s\u0259nov, Zaur \u018fliyev, Abidin H\u00fcseynovun, Sumqay\u0131t&hellip;","_links":{"self":[{"href":"https:\/\/arantv.az\/index.php?rest_route=\/wp\/v2\/posts\/156781"}],"collection":[{"href":"https:\/\/arantv.az\/index.php?rest_route=\/wp\/v2\/posts"}],"about":[{"href":"https:\/\/arantv.az\/index.php?rest_route=\/wp\/v2\/types\/post"}],"author":[{"embeddable":true,"href":"https:\/\/arantv.az\/index.php?rest_route=\/wp\/v2\/users\/2"}],"replies":[{"embeddable":true,"href":"https:\/\/arantv.az\/index.php?rest_route=%2Fwp%2Fv2%2Fcomments&post=156781"}],"version-history":[{"count":0,"href":"https:\/\/arantv.az\/index.php?rest_route=\/wp\/v2\/posts\/156781\/revisions"}],"wp:featuredmedia":[{"embeddable":true,"href":"https:\/\/arantv.az\/index.php?rest_route=\/wp\/v2\/media\/156786"}],"wp:attachment":[{"href":"https:\/\/arantv.az\/index.php?rest_route=%2Fwp%2Fv2%2Fmedia&parent=156781"}],"wp:term":[{"taxonomy":"category","embeddable":true,"href":"https:\/\/arantv.az\/index.php?rest_route=%2Fwp%2Fv2%2Fcategories&post=156781"},{"taxonomy":"post_tag","embeddable":true,"href":"https:\/\/arantv.az\/index.php?rest_route=%2Fwp%2Fv2%2Ftags&post=156781"}],"curies":[{"name":"wp","href":"https:\/\/api.w.org\/{rel}","templated":true}]}}