{"id":156815,"date":"2020-04-30T21:41:36","date_gmt":"2020-04-30T18:41:36","guid":{"rendered":"http:\/\/arantv.az\/?p=156815"},"modified":"2020-04-30T21:41:36","modified_gmt":"2020-04-30T18:41:36","slug":"h%c9%99y%c9%99can-t%c9%99bili-calindi-usaqlarda-koronavirusla-%c9%99laq%c9%99li-x%c9%99st%c9%99lik-bu-olk%c9%99l%c9%99r%c9%99-d%c9%99-yayildi","status":"publish","type":"post","link":"https:\/\/arantv.az\/?p=156815","title":{"rendered":"H\u0259y\u0259can t\u0259bili \u00e7al\u0131nd\u0131: U\u015faqlarda koronavirusla \u0259laq\u0259li x\u0259st\u0259lik bu \u00f6lk\u0259l\u0259r\u0259 d\u0259 yay\u0131ld\u0131"},"content":{"rendered":"<p>B\u00f6y\u00fck Britaniyada u\u015faqlar aras\u0131nda koronavirusla \u0259laq\u0259li yay\u0131lan x\u0259st\u0259lik ba\u015fqa \u00f6lk\u0259l\u0259rd\u0259 d\u0259 m\u00fc\u015fahid\u0259 edilib.<\/p>\n<p>Sondakika.com x\u0259b\u0259r verir ki, \u00fcr\u0259y\u0259 t\u0259sir ed\u0259n iltihabla\u015fma hallar\u0131 Fransa, AB\u015e, \u0130spaniya, \u0130taliya v\u0259 \u0130sve\u00e7r\u0259d\u0259 d\u0259 yay\u0131l\u0131b.<\/p>\n<p>COVID-19-un yeniyetm\u0259 v\u0259 u\u015faqlara t\u0259sir etm\u0259diyin\u0259 dair s\u0259hv iddialardan sonra\u00a0koronavirusla \u0259laq\u0259li ola bil\u0259n v\u0259 reanimasiyaya ehtiyac\u0131 olan yeni bir x\u0259st\u0259likl\u0259 ba\u011fl\u0131 h\u0259y\u0259can t\u0259bili \u00e7al\u0131n\u0131r.<\/p>\n<div id=\"AdviadNativeVideo0\" class=\"AdviadNativeVideo\"><\/div>\n<p>Bu m\u00f6vzuda ilk olaraq B\u00f6y\u00fck Britaniya Milli Sa\u011flaml\u0131q Sistemi (NHS) h\u0259kiml\u0259r\u0259 \u201cU\u015faqlar aras\u0131nda COVID-19-la \u0259laq\u0259li iltihabl\u0131 sindrom v\u0259 ya h\u0259l\u0259 n\u0259 oldu\u011fu t\u0259sbit edil\u0259 bilm\u0259y\u0259n yeni yoluxucu patoloji v\u0259ziyy\u0259tin a\u015fkar edilm\u0259si narahatl\u0131q yarad\u0131r\u201d x\u0259b\u0259rdarl\u0131\u011f\u0131 g\u00f6nd\u0259rib.<\/p>\n<p>Fransan\u0131n S\u0259hiyy\u0259 naziri Olivye Veran bu g\u00fcn\u0259 q\u0259d\u0259r \u00f6lk\u0259d\u0259\u00a0\u00fcr\u0259yi \u0259traf\u0131nda iltihab y\u0131\u011f\u0131lan u\u015faqlar\u0131n say\u0131n\u0131n 15-\u0259 \u00e7atd\u0131\u011f\u0131n\u0131 a\u00e7\u0131qlay\u0131b.<\/p>\n<p>O, h\u0259r ya\u015f qrupundan olan 15 u\u015faqda q\u0131zd\u0131rma, h\u0259zm \u015fikay\u0259tl\u0259ri, damarlarda, b\u0259z\u0259n d\u0259 \u00fcr\u0259yi qidaland\u0131ran damarlarda olan v\u0259 \u00fcr\u0259yin f\u0259aliyy\u0259tin\u0259 mane\u0259 yaradan iltihablara g\u00f6r\u0259 \u00f6l\u00fcm hallar\u0131n\u0131n ba\u015f verm\u0259diyini deyib.<\/p>\n<p>Veran bu hallar\u0131n koronavirusla \u0259laq\u0259sini t\u0259sdiql\u0259y\u0259n kifay\u0259t q\u0259d\u0259r d\u0259lil olmad\u0131\u011f\u0131n\u0131 bildirib.<\/p>\n<p>Britaniyada oldu\u011fu kimi, Fransada da iltihabl\u0131 u\u015faqlar\u0131n b\u0259zil\u0259rinin koronavirus testi m\u00fcsb\u0259t, b\u0259zil\u0259rinin is\u0259 m\u0259nfi oldu\u011fu\u00a0qeyd edilir.<\/p>\n<p>Veran\u00a0Fransa v\u0259 dig\u0259r \u00f6lk\u0259l\u0259rin h\u0259kim v\u0259 elm adamlar\u0131n\u0131 diqq\u0259tli olma\u011fa v\u0259 m\u00fcmk\u00fcn q\u0259d\u0259r \u00e7ox m\u0259lumat toplama\u011fa \u00e7a\u011f\u0131r\u0131b.<\/p>\n<p>AB\u015e-da alt\u0131 aydan s\u0259kkiz ya\u015fa q\u0259d\u0259r \u00fc\u00e7\u00a0u\u015fa\u011f\u0131n bu x\u0259st\u0259likd\u0259n m\u00fcalic\u0259 ald\u0131\u011f\u0131 deyilir.<\/p>\n<p>X\u0259st\u0259liyi iri damarlarda v\u0259 kapilyarlarda iltihaba s\u0259b\u0259b olan Kavasaki x\u0259st\u0259liyi il\u0259 m\u00fcqayis\u0259 edirl\u0259r.<\/p>\n<p>\u0130lk d\u0259f\u0259 1967-ci ild\u0259 yapon pediatr\u0131\u00a0Tomisaku Kavasaki t\u0259r\u0259find\u0259n a\u015fkar edil\u0259n x\u0259st\u0259lik \u0259ks\u0259r hallarda m\u00fcalic\u0259d\u0259n bir ne\u00e7\u0259 g\u00fcn sonra ciddi problem olmadan sa\u011fal\u0131r,\u00a0u\u015faqlara qal\u0131c\u0131 z\u0259r\u0259r vermir. Bu x\u0259st\u0259liy\u0259\u00a0ad\u0259t\u0259n t\u0259krar yoluxma m\u00fc\u015fahid\u0259 edilmir.<\/p>\n","protected":false},"excerpt":{"rendered":"<p>B\u00f6y\u00fck Britaniyada u\u015faqlar aras\u0131nda koronavirusla \u0259laq\u0259li yay\u0131lan x\u0259st\u0259lik ba\u015fqa \u00f6lk\u0259l\u0259rd\u0259 d\u0259 m\u00fc\u015fahid\u0259 edilib. Sondakika.com x\u0259b\u0259r verir ki, \u00fcr\u0259y\u0259 t\u0259sir ed\u0259n iltihabla\u015fma hallar\u0131 Fransa, AB\u015e, \u0130spaniya, \u0130taliya v\u0259 \u0130sve\u00e7r\u0259d\u0259 d\u0259 yay\u0131l\u0131b. COVID-19-un yeniyetm\u0259 v\u0259 u\u015faqlara t\u0259sir etm\u0259diyin\u0259 dair s\u0259hv iddialardan sonra\u00a0koronavirusla \u0259laq\u0259li ola bil\u0259n v\u0259 reanimasiyaya ehtiyac\u0131 olan yeni bir x\u0259st\u0259likl\u0259 ba\u011fl\u0131 h\u0259y\u0259can t\u0259bili \u00e7al\u0131n\u0131r. Bu m\u00f6vzuda ilk olaraq B\u00f6y\u00fck Britaniya Milli Sa\u011flaml\u0131q Sistemi (NHS) h\u0259kiml\u0259r\u0259 \u201cU\u015faqlar aras\u0131nda COVID-19-la \u0259laq\u0259li iltihabl\u0131 sindrom v\u0259 ya h\u0259l\u0259 n\u0259 oldu\u011fu t\u0259sbit edil\u0259 bilm\u0259y\u0259n yeni yoluxucu patoloji v\u0259ziyy\u0259tin a\u015fkar edilm\u0259si narahatl\u0131q yarad\u0131r\u201d x\u0259b\u0259rdarl\u0131\u011f\u0131 g\u00f6nd\u0259rib. Fransan\u0131n&hellip;<\/p>\n","protected":false},"author":2,"featured_media":156816,"comment_status":"closed","ping_status":"closed","sticky":false,"template":"","format":"standard","meta":{"om_disable_all_campaigns":false,"_monsterinsights_skip_tracking":false,"_monsterinsights_sitenote_active":false,"_monsterinsights_sitenote_note":"","_monsterinsights_sitenote_category":0},"categories":[13],"tags":[],"aioseo_notices":[],"gutentor_comment":0,"rttpg_featured_image_url":{"full":["https:\/\/arantv.az\/wp-content\/uploads\/2020\/04\/koronaviruse-bagli-cocuk-hastaligi-ingiltere-nin-13173865_4698_amp.jpg",620,348,false],"landscape":["https:\/\/arantv.az\/wp-content\/uploads\/2020\/04\/koronaviruse-bagli-cocuk-hastaligi-ingiltere-nin-13173865_4698_amp.jpg",620,348,false],"portraits":["https:\/\/arantv.az\/wp-content\/uploads\/2020\/04\/koronaviruse-bagli-cocuk-hastaligi-ingiltere-nin-13173865_4698_amp.jpg",620,348,false],"thumbnail":["https:\/\/arantv.az\/wp-content\/uploads\/2020\/04\/koronaviruse-bagli-cocuk-hastaligi-ingiltere-nin-13173865_4698_amp-150x150.jpg",150,150,true],"medium":["https:\/\/arantv.az\/wp-content\/uploads\/2020\/04\/koronaviruse-bagli-cocuk-hastaligi-ingiltere-nin-13173865_4698_amp-300x168.jpg",300,168,true],"large":["https:\/\/arantv.az\/wp-content\/uploads\/2020\/04\/koronaviruse-bagli-cocuk-hastaligi-ingiltere-nin-13173865_4698_amp.jpg",620,348,false],"1536x1536":["https:\/\/arantv.az\/wp-content\/uploads\/2020\/04\/koronaviruse-bagli-cocuk-hastaligi-ingiltere-nin-13173865_4698_amp.jpg",620,348,false],"2048x2048":["https:\/\/arantv.az\/wp-content\/uploads\/2020\/04\/koronaviruse-bagli-cocuk-hastaligi-ingiltere-nin-13173865_4698_amp.jpg",620,348,false],"post-thumbnail":["https:\/\/arantv.az\/wp-content\/uploads\/2020\/04\/koronaviruse-bagli-cocuk-hastaligi-ingiltere-nin-13173865_4698_amp-240x172.jpg",240,172,true],"advps-thumb-one":["https:\/\/arantv.az\/wp-content\/uploads\/2020\/04\/koronaviruse-bagli-cocuk-hastaligi-ingiltere-nin-13173865_4698_amp.jpg",620,348,false]},"rttpg_author":{"display_name":"V\u00fcsal Rafiqo\u011flu","author_link":"https:\/\/arantv.az\/?author=2"},"rttpg_comment":0,"rttpg_category":"<a href=\"https:\/\/arantv.az\/?cat=13\" rel=\"category\">Bizim h\u0259kim<\/a>","rttpg_excerpt":"B\u00f6y\u00fck Britaniyada u\u015faqlar aras\u0131nda koronavirusla \u0259laq\u0259li yay\u0131lan x\u0259st\u0259lik ba\u015fqa \u00f6lk\u0259l\u0259rd\u0259 d\u0259 m\u00fc\u015fahid\u0259 edilib. Sondakika.com x\u0259b\u0259r verir ki, \u00fcr\u0259y\u0259 t\u0259sir ed\u0259n iltihabla\u015fma hallar\u0131 Fransa, AB\u015e, \u0130spaniya, \u0130taliya v\u0259 \u0130sve\u00e7r\u0259d\u0259 d\u0259 yay\u0131l\u0131b. COVID-19-un yeniyetm\u0259 v\u0259 u\u015faqlara t\u0259sir etm\u0259diyin\u0259 dair s\u0259hv iddialardan sonra\u00a0koronavirusla \u0259laq\u0259li ola bil\u0259n v\u0259 reanimasiyaya ehtiyac\u0131 olan yeni bir x\u0259st\u0259likl\u0259 ba\u011fl\u0131 h\u0259y\u0259can t\u0259bili \u00e7al\u0131n\u0131r. Bu&hellip;","_links":{"self":[{"href":"https:\/\/arantv.az\/index.php?rest_route=\/wp\/v2\/posts\/156815"}],"collection":[{"href":"https:\/\/arantv.az\/index.php?rest_route=\/wp\/v2\/posts"}],"about":[{"href":"https:\/\/arantv.az\/index.php?rest_route=\/wp\/v2\/types\/post"}],"author":[{"embeddable":true,"href":"https:\/\/arantv.az\/index.php?rest_route=\/wp\/v2\/users\/2"}],"replies":[{"embeddable":true,"href":"https:\/\/arantv.az\/index.php?rest_route=%2Fwp%2Fv2%2Fcomments&post=156815"}],"version-history":[{"count":0,"href":"https:\/\/arantv.az\/index.php?rest_route=\/wp\/v2\/posts\/156815\/revisions"}],"wp:featuredmedia":[{"embeddable":true,"href":"https:\/\/arantv.az\/index.php?rest_route=\/wp\/v2\/media\/156816"}],"wp:attachment":[{"href":"https:\/\/arantv.az\/index.php?rest_route=%2Fwp%2Fv2%2Fmedia&parent=156815"}],"wp:term":[{"taxonomy":"category","embeddable":true,"href":"https:\/\/arantv.az\/index.php?rest_route=%2Fwp%2Fv2%2Fcategories&post=156815"},{"taxonomy":"post_tag","embeddable":true,"href":"https:\/\/arantv.az\/index.php?rest_route=%2Fwp%2Fv2%2Ftags&post=156815"}],"curies":[{"name":"wp","href":"https:\/\/api.w.org\/{rel}","templated":true}]}}