{"id":156819,"date":"2020-04-30T21:44:37","date_gmt":"2020-04-30T18:44:37","guid":{"rendered":"http:\/\/arantv.az\/?p=156819"},"modified":"2020-04-30T21:44:37","modified_gmt":"2020-04-30T18:44:37","slug":"yuri-sevtsov-az%c9%99rbaycan-yeni-dovr%c9%99-regionun-bir-cox-olk%c9%99l%c9%99rind%c9%99n-daha-hazirliqli-daxil-oldu","status":"publish","type":"post","link":"https:\/\/arantv.az\/?p=156819","title":{"rendered":"Yuri \u015eevtsov: Az\u0259rbaycan yeni d\u00f6vr\u0259 regionun bir \u00e7ox \u00f6lk\u0259l\u0259rind\u0259n daha haz\u0131rl\u0131ql\u0131 daxil oldu"},"content":{"rendered":"<p>Az\u0259rbaycan koronavirus v\u0259 onun f\u0259sadlar\u0131 il\u0259 m\u00fcbariz\u0259d\u0259 \u00e7ox s\u0259m\u0259r\u0259li t\u0259dbirl\u0259r g\u00f6r\u00fcr ki, bunu da statistika v\u0259 \u00f6lk\u0259d\u0259 sosial-iqtisadi v\u0259ziyy\u0259tin sabitliyi t\u0259sdiq edir.<\/p>\n<p><strong>ARANTV.AZ<\/strong> bildirir ki, bunu\u00a0<a href=\"http:\/\/az.trend.az\/\" target=\"_blank\" rel=\"noopener\">Trend<\/a>-\u0259\u00a0rusiyal\u0131 politoloq Yuri \u015eevtsov deyib.<\/p>\n<p>O qeyd edib ki, Az\u0259rbaycan SSR\u0130-nin da\u011f\u0131lmas\u0131ndan sonra \u00e7ox \u00e7\u0259tin \u015f\u0259raitd\u0259 \u00f6z d\u00f6vl\u0259t\u00e7iliyini u\u011furla qurub v\u0259 bu, \u00f6lk\u0259nin istifad\u0259 etdiyi vasit\u0259l\u0259rin s\u0259m\u0259r\u0259liliyini g\u00f6st\u0259rir:<\/p>\n<p>&#8220;\u0130lk n\u00f6vb\u0259d\u0259 m\u0259n d\u00f6vl\u0259ti v\u0259 onun institutlar\u0131n\u0131, ideologiyas\u0131n\u0131 v\u0259 sosial-iqtisadi v\u0259ziyy\u0259t\u0259 n\u0259zar\u0259t \u00fcsullar\u0131n\u0131 n\u0259z\u0259rd\u0259 tuturam. Az\u0259rbaycan yeni d\u00f6vr\u0259 regionun bir \u00e7ox \u00f6lk\u0259l\u0259rind\u0259n daha haz\u0131rl\u0131ql\u0131 daxil oldu. \u00d6lk\u0259 inki\u015faf etm\u0259y\u0259 v\u0259 qon\u015fularla m\u00fcnasib\u0259tl\u0259ri m\u00f6hk\u0259ml\u0259ndirm\u0259y\u0259 davam edir. Az\u0259rbaycan yeni inki\u015faf strategiyas\u0131n\u0131 haz\u0131rlamaqla yeni d\u00f6vr\u00fcn \u00e7a\u011f\u0131r\u0131\u015flar\u0131n\u0131 q\u0259bul ed\u0259 bil\u0259c\u0259k&#8221;.<\/p>\n<p>Politoloq \u0259lav\u0259 edib ki, indi qlobal b\u00f6hran ba\u015flay\u0131b, \u0259ks\u0259r insanlar \u00f6z\u00fcn\u00fc itirmi\u015f v\u0259ziyy\u0259td\u0259dir:<\/p>\n<p>&#8220;K\u00fctl\u0259vi \u015f\u00fcur \u015fok ke\u00e7irib v\u0259 ist\u0259nil\u0259n informasiyan\u0131 d\u00fczg\u00fcn q\u0259bul etm\u0259y\u0259 haz\u0131rd\u0131r. Amma dayan\u0131ql\u0131 karantin rejimini t\u0259tbiq etmi\u015f v\u0259 c\u0259miyy\u0259td\u0259 sabitliyi qoruyan bir s\u0131ra \u00f6lk\u0259l\u0259rin n\u00fcmun\u0259sind\u0259 biz \u0259ks prosesi m\u00fc\u015fahid\u0259 ed\u0259 bil\u0259rik&#8221;.<\/p>\n","protected":false},"excerpt":{"rendered":"<p>Az\u0259rbaycan koronavirus v\u0259 onun f\u0259sadlar\u0131 il\u0259 m\u00fcbariz\u0259d\u0259 \u00e7ox s\u0259m\u0259r\u0259li t\u0259dbirl\u0259r g\u00f6r\u00fcr ki, bunu da statistika v\u0259 \u00f6lk\u0259d\u0259 sosial-iqtisadi v\u0259ziyy\u0259tin sabitliyi t\u0259sdiq edir. ARANTV.AZ bildirir ki, bunu\u00a0Trend-\u0259\u00a0rusiyal\u0131 politoloq Yuri \u015eevtsov deyib. O qeyd edib ki, Az\u0259rbaycan SSR\u0130-nin da\u011f\u0131lmas\u0131ndan sonra \u00e7ox \u00e7\u0259tin \u015f\u0259raitd\u0259 \u00f6z d\u00f6vl\u0259t\u00e7iliyini u\u011furla qurub v\u0259 bu, \u00f6lk\u0259nin istifad\u0259 etdiyi vasit\u0259l\u0259rin s\u0259m\u0259r\u0259liliyini g\u00f6st\u0259rir: &#8220;\u0130lk n\u00f6vb\u0259d\u0259 m\u0259n d\u00f6vl\u0259ti v\u0259 onun institutlar\u0131n\u0131, ideologiyas\u0131n\u0131 v\u0259 sosial-iqtisadi v\u0259ziyy\u0259t\u0259 n\u0259zar\u0259t \u00fcsullar\u0131n\u0131 n\u0259z\u0259rd\u0259 tuturam. Az\u0259rbaycan yeni d\u00f6vr\u0259 regionun bir \u00e7ox \u00f6lk\u0259l\u0259rind\u0259n daha haz\u0131rl\u0131ql\u0131 daxil oldu. \u00d6lk\u0259 inki\u015faf etm\u0259y\u0259 v\u0259 qon\u015fularla m\u00fcnasib\u0259tl\u0259ri m\u00f6hk\u0259ml\u0259ndirm\u0259y\u0259 davam edir. Az\u0259rbaycan yeni&hellip;<\/p>\n","protected":false},"author":2,"featured_media":156823,"comment_status":"closed","ping_status":"closed","sticky":false,"template":"","format":"standard","meta":{"om_disable_all_campaigns":false,"_monsterinsights_skip_tracking":false,"_monsterinsights_sitenote_active":false,"_monsterinsights_sitenote_note":"","_monsterinsights_sitenote_category":0},"categories":[4],"tags":[],"aioseo_notices":[],"gutentor_comment":0,"rttpg_featured_image_url":{"full":["https:\/\/arantv.az\/wp-content\/uploads\/2020\/04\/3e859607-78.jpg",800,600,false],"landscape":["https:\/\/arantv.az\/wp-content\/uploads\/2020\/04\/3e859607-78.jpg",800,600,false],"portraits":["https:\/\/arantv.az\/wp-content\/uploads\/2020\/04\/3e859607-78.jpg",800,600,false],"thumbnail":["https:\/\/arantv.az\/wp-content\/uploads\/2020\/04\/3e859607-78-150x150.jpg",150,150,true],"medium":["https:\/\/arantv.az\/wp-content\/uploads\/2020\/04\/3e859607-78-300x225.jpg",300,225,true],"large":["https:\/\/arantv.az\/wp-content\/uploads\/2020\/04\/3e859607-78.jpg",640,480,false],"1536x1536":["https:\/\/arantv.az\/wp-content\/uploads\/2020\/04\/3e859607-78.jpg",800,600,false],"2048x2048":["https:\/\/arantv.az\/wp-content\/uploads\/2020\/04\/3e859607-78.jpg",800,600,false],"post-thumbnail":["https:\/\/arantv.az\/wp-content\/uploads\/2020\/04\/3e859607-78-240x172.jpg",240,172,true],"advps-thumb-one":["https:\/\/arantv.az\/wp-content\/uploads\/2020\/04\/3e859607-78.jpg",800,600,false]},"rttpg_author":{"display_name":"V\u00fcsal Rafiqo\u011flu","author_link":"https:\/\/arantv.az\/?author=2"},"rttpg_comment":0,"rttpg_category":"<a href=\"https:\/\/arantv.az\/?cat=4\" rel=\"category\">Siyas\u0259t<\/a>","rttpg_excerpt":"Az\u0259rbaycan koronavirus v\u0259 onun f\u0259sadlar\u0131 il\u0259 m\u00fcbariz\u0259d\u0259 \u00e7ox s\u0259m\u0259r\u0259li t\u0259dbirl\u0259r g\u00f6r\u00fcr ki, bunu da statistika v\u0259 \u00f6lk\u0259d\u0259 sosial-iqtisadi v\u0259ziyy\u0259tin sabitliyi t\u0259sdiq edir. ARANTV.AZ bildirir ki, bunu\u00a0Trend-\u0259\u00a0rusiyal\u0131 politoloq Yuri \u015eevtsov deyib. O qeyd edib ki, Az\u0259rbaycan SSR\u0130-nin da\u011f\u0131lmas\u0131ndan sonra \u00e7ox \u00e7\u0259tin \u015f\u0259raitd\u0259 \u00f6z d\u00f6vl\u0259t\u00e7iliyini u\u011furla qurub v\u0259 bu, \u00f6lk\u0259nin istifad\u0259 etdiyi vasit\u0259l\u0259rin s\u0259m\u0259r\u0259liliyini g\u00f6st\u0259rir: &#8220;\u0130lk n\u00f6vb\u0259d\u0259&hellip;","_links":{"self":[{"href":"https:\/\/arantv.az\/index.php?rest_route=\/wp\/v2\/posts\/156819"}],"collection":[{"href":"https:\/\/arantv.az\/index.php?rest_route=\/wp\/v2\/posts"}],"about":[{"href":"https:\/\/arantv.az\/index.php?rest_route=\/wp\/v2\/types\/post"}],"author":[{"embeddable":true,"href":"https:\/\/arantv.az\/index.php?rest_route=\/wp\/v2\/users\/2"}],"replies":[{"embeddable":true,"href":"https:\/\/arantv.az\/index.php?rest_route=%2Fwp%2Fv2%2Fcomments&post=156819"}],"version-history":[{"count":0,"href":"https:\/\/arantv.az\/index.php?rest_route=\/wp\/v2\/posts\/156819\/revisions"}],"wp:featuredmedia":[{"embeddable":true,"href":"https:\/\/arantv.az\/index.php?rest_route=\/wp\/v2\/media\/156823"}],"wp:attachment":[{"href":"https:\/\/arantv.az\/index.php?rest_route=%2Fwp%2Fv2%2Fmedia&parent=156819"}],"wp:term":[{"taxonomy":"category","embeddable":true,"href":"https:\/\/arantv.az\/index.php?rest_route=%2Fwp%2Fv2%2Fcategories&post=156819"},{"taxonomy":"post_tag","embeddable":true,"href":"https:\/\/arantv.az\/index.php?rest_route=%2Fwp%2Fv2%2Ftags&post=156819"}],"curies":[{"name":"wp","href":"https:\/\/api.w.org\/{rel}","templated":true}]}}