{"id":156824,"date":"2020-04-30T21:54:38","date_gmt":"2020-04-30T18:54:38","guid":{"rendered":"http:\/\/arantv.az\/?p=156824"},"modified":"2020-04-30T21:54:38","modified_gmt":"2020-04-30T18:54:38","slug":"sabahdan-az%c9%99rbaycanda-yeni-qadaga","status":"publish","type":"post","link":"https:\/\/arantv.az\/?p=156824","title":{"rendered":"Sabahdan Az\u0259rbaycanda yeni QADA\u011eA"},"content":{"rendered":"<p>Bal\u0131qlar\u0131n k\u00fcr\u00fct\u00f6km\u0259 d\u00f6vr\u00fc il\u0259 \u0259laq\u0259dar sabahdan &#8211; 1 may 2020-ci il tarixd\u0259n bal\u0131q ovuna 4 ayl\u0131q moratorium q\u00fcvv\u0259y\u0259 minir.<\/p>\n<p>Bunu jurnalistl\u0259r\u0259 Ekologiya v\u0259 T\u0259bii S\u0259rv\u0259tl\u0259r Nazirliyinin D\u00f6vl\u0259t Ekoloji T\u0259hl\u00fck\u0259sizlik Xidm\u0259tinin r\u0259isi Hikm\u0259t \u018flizad\u0259 bildirib.<\/p>\n<div id=\"AdviadNativeVideo0\" class=\"AdviadNativeVideo\"><\/div>\n<p>O, bal\u0131q ovu il\u0259 m\u0259\u015f\u011ful olan b\u00fct\u00fcn fiziki v\u0259 h\u00fcquqi \u015f\u0259xsl\u0259ri moratoriumun q\u00fcvv\u0259d\u0259 oldu\u011fu d\u00f6vrd\u0259 bal\u0131q ovlanmas\u0131ndan imtinaya v\u0259 qaydalara \u0259m\u0259l etm\u0259y\u0259 \u00e7a\u011f\u0131r\u0131b: &#8220;Bal\u0131q ovuna qoyulan moratorium sentyabr\u0131n 1-d\u0259k davam ed\u0259c\u0259k v\u0259 bal\u0131q ovu il\u0259 m\u0259\u015f\u011ful olan h\u0259r k\u0259si bu m\u00fcdd\u0259td\u0259 bal\u0131q ovlamama\u011fa, bal\u0131q ehtiyatlar\u0131n\u0131n art\u0131m\u0131n\u0131n qar\u015f\u0131s\u0131n\u0131 alan b\u00fct\u00fcn h\u0259r\u0259k\u0259tl\u0259rd\u0259n imtina etm\u0259y\u0259 d\u0259v\u0259t edir\u0259m&#8221;.<\/p>\n<p>Xidm\u0259t r\u0259isi icaz\u0259siz bal\u0131q ovunun qar\u015f\u0131s\u0131n\u0131n al\u0131nmas\u0131 v\u0259 bal\u0131qlar\u0131n k\u00fcr\u00fct\u00f6km\u0259 d\u00f6vr\u00fc il\u0259 \u0259laq\u0259dar mane\u0259l\u0259rin aradan qald\u0131r\u0131lmas\u0131 m\u0259qs\u0259dil\u0259 \u00f6lk\u0259nin daxili su h\u00f6vz\u0259l\u0259rind\u0259 n\u00f6vb\u0259ti n\u0259zar\u0259t t\u0259dbirl\u0259rinin h\u0259yata ke\u00e7irildiyini d\u0259 qeyd edib: &#8220;Son g\u00fcnl\u0259r ke\u00e7irdiyimiz reydl\u0259r n\u0259tic\u0259sind\u0259 istifad\u0259si qada\u011fan edil\u0259n 9537 metr uzunlu\u011funda sintetik tor, 2928 \u0259d\u0259d qada\u011fan olunmu\u015f m\u00fcxt\u0259lif ov al\u0259ti m\u00fcsadir\u0259 olunub v\u0259 bu faktlar \u00fczr\u0259 b\u00fct\u00fcn s\u00fcbutlar yerind\u0259 aktla\u015fd\u0131r\u0131lb, t\u0259qsirkarlar\u0131n m\u00fc\u0259yy\u0259n edilm\u0259si \u00fc\u00e7\u00fcn toplanm\u0131\u015f materiallar Su N\u0259qliyyat\u0131nda Polis \u0130dar\u0259sin\u0259 g\u00f6nd\u0259rilib&#8221;.<\/p>\n<p>Nazirlik r\u0259smisi n\u0259zar\u0259t t\u0259dbirl\u0259rinin \u00f6lk\u0259nin b\u00fct\u00fcn sututarlar\u0131nda, o c\u00fcml\u0259d\u0259n X\u0259z\u0259r d\u0259nizind\u0259 davam etdirildiyini bal\u0131q ovu il\u0259 m\u0259\u015f\u011ful olanlar\u0131n diqq\u0259tin\u0259 \u00e7atd\u0131r\u0131b.Modern.az<\/p>\n","protected":false},"excerpt":{"rendered":"<p>Bal\u0131qlar\u0131n k\u00fcr\u00fct\u00f6km\u0259 d\u00f6vr\u00fc il\u0259 \u0259laq\u0259dar sabahdan &#8211; 1 may 2020-ci il tarixd\u0259n bal\u0131q ovuna 4 ayl\u0131q moratorium q\u00fcvv\u0259y\u0259 minir. Bunu jurnalistl\u0259r\u0259 Ekologiya v\u0259 T\u0259bii S\u0259rv\u0259tl\u0259r Nazirliyinin D\u00f6vl\u0259t Ekoloji T\u0259hl\u00fck\u0259sizlik Xidm\u0259tinin r\u0259isi Hikm\u0259t \u018flizad\u0259 bildirib. O, bal\u0131q ovu il\u0259 m\u0259\u015f\u011ful olan b\u00fct\u00fcn fiziki v\u0259 h\u00fcquqi \u015f\u0259xsl\u0259ri moratoriumun q\u00fcvv\u0259d\u0259 oldu\u011fu d\u00f6vrd\u0259 bal\u0131q ovlanmas\u0131ndan imtinaya v\u0259 qaydalara \u0259m\u0259l etm\u0259y\u0259 \u00e7a\u011f\u0131r\u0131b: &#8220;Bal\u0131q ovuna qoyulan moratorium sentyabr\u0131n 1-d\u0259k davam ed\u0259c\u0259k v\u0259 bal\u0131q ovu il\u0259 m\u0259\u015f\u011ful olan h\u0259r k\u0259si bu m\u00fcdd\u0259td\u0259 bal\u0131q ovlamama\u011fa, bal\u0131q ehtiyatlar\u0131n\u0131n art\u0131m\u0131n\u0131n qar\u015f\u0131s\u0131n\u0131 alan b\u00fct\u00fcn h\u0259r\u0259k\u0259tl\u0259rd\u0259n imtina etm\u0259y\u0259 d\u0259v\u0259t edir\u0259m&#8221;. Xidm\u0259t r\u0259isi&hellip;<\/p>\n","protected":false},"author":2,"featured_media":156831,"comment_status":"closed","ping_status":"closed","sticky":false,"template":"","format":"standard","meta":{"om_disable_all_campaigns":false,"_monsterinsights_skip_tracking":false,"_monsterinsights_sitenote_active":false,"_monsterinsights_sitenote_note":"","_monsterinsights_sitenote_category":0},"categories":[19],"tags":[],"aioseo_notices":[],"gutentor_comment":0,"rttpg_featured_image_url":{"full":["https:\/\/arantv.az\/wp-content\/uploads\/2020\/04\/1588260373_baki11.jpg",550,381,false],"landscape":["https:\/\/arantv.az\/wp-content\/uploads\/2020\/04\/1588260373_baki11.jpg",550,381,false],"portraits":["https:\/\/arantv.az\/wp-content\/uploads\/2020\/04\/1588260373_baki11.jpg",550,381,false],"thumbnail":["https:\/\/arantv.az\/wp-content\/uploads\/2020\/04\/1588260373_baki11-150x150.jpg",150,150,true],"medium":["https:\/\/arantv.az\/wp-content\/uploads\/2020\/04\/1588260373_baki11-300x208.jpg",300,208,true],"large":["https:\/\/arantv.az\/wp-content\/uploads\/2020\/04\/1588260373_baki11.jpg",550,381,false],"1536x1536":["https:\/\/arantv.az\/wp-content\/uploads\/2020\/04\/1588260373_baki11.jpg",550,381,false],"2048x2048":["https:\/\/arantv.az\/wp-content\/uploads\/2020\/04\/1588260373_baki11.jpg",550,381,false],"post-thumbnail":["https:\/\/arantv.az\/wp-content\/uploads\/2020\/04\/1588260373_baki11-240x172.jpg",240,172,true],"advps-thumb-one":["https:\/\/arantv.az\/wp-content\/uploads\/2020\/04\/1588260373_baki11.jpg",550,381,false]},"rttpg_author":{"display_name":"V\u00fcsal Rafiqo\u011flu","author_link":"https:\/\/arantv.az\/?author=2"},"rttpg_comment":0,"rttpg_category":"<a href=\"https:\/\/arantv.az\/?cat=19\" rel=\"category\">G\u00fcnd\u0259m<\/a>","rttpg_excerpt":"Bal\u0131qlar\u0131n k\u00fcr\u00fct\u00f6km\u0259 d\u00f6vr\u00fc il\u0259 \u0259laq\u0259dar sabahdan &#8211; 1 may 2020-ci il tarixd\u0259n bal\u0131q ovuna 4 ayl\u0131q moratorium q\u00fcvv\u0259y\u0259 minir. Bunu jurnalistl\u0259r\u0259 Ekologiya v\u0259 T\u0259bii S\u0259rv\u0259tl\u0259r Nazirliyinin D\u00f6vl\u0259t Ekoloji T\u0259hl\u00fck\u0259sizlik Xidm\u0259tinin r\u0259isi Hikm\u0259t \u018flizad\u0259 bildirib. O, bal\u0131q ovu il\u0259 m\u0259\u015f\u011ful olan b\u00fct\u00fcn fiziki v\u0259 h\u00fcquqi \u015f\u0259xsl\u0259ri moratoriumun q\u00fcvv\u0259d\u0259 oldu\u011fu d\u00f6vrd\u0259 bal\u0131q ovlanmas\u0131ndan imtinaya v\u0259 qaydalara \u0259m\u0259l&hellip;","_links":{"self":[{"href":"https:\/\/arantv.az\/index.php?rest_route=\/wp\/v2\/posts\/156824"}],"collection":[{"href":"https:\/\/arantv.az\/index.php?rest_route=\/wp\/v2\/posts"}],"about":[{"href":"https:\/\/arantv.az\/index.php?rest_route=\/wp\/v2\/types\/post"}],"author":[{"embeddable":true,"href":"https:\/\/arantv.az\/index.php?rest_route=\/wp\/v2\/users\/2"}],"replies":[{"embeddable":true,"href":"https:\/\/arantv.az\/index.php?rest_route=%2Fwp%2Fv2%2Fcomments&post=156824"}],"version-history":[{"count":0,"href":"https:\/\/arantv.az\/index.php?rest_route=\/wp\/v2\/posts\/156824\/revisions"}],"wp:featuredmedia":[{"embeddable":true,"href":"https:\/\/arantv.az\/index.php?rest_route=\/wp\/v2\/media\/156831"}],"wp:attachment":[{"href":"https:\/\/arantv.az\/index.php?rest_route=%2Fwp%2Fv2%2Fmedia&parent=156824"}],"wp:term":[{"taxonomy":"category","embeddable":true,"href":"https:\/\/arantv.az\/index.php?rest_route=%2Fwp%2Fv2%2Fcategories&post=156824"},{"taxonomy":"post_tag","embeddable":true,"href":"https:\/\/arantv.az\/index.php?rest_route=%2Fwp%2Fv2%2Ftags&post=156824"}],"curies":[{"name":"wp","href":"https:\/\/api.w.org\/{rel}","templated":true}]}}