{"id":157487,"date":"2020-05-01T16:17:16","date_gmt":"2020-05-01T13:17:16","guid":{"rendered":"http:\/\/arantv.az\/?p=157487"},"modified":"2020-05-01T16:17:16","modified_gmt":"2020-05-01T13:17:16","slug":"epidemioloji-v%c9%99ziyy%c9%99t-t%c9%99l%c9%99b-ed%c9%99rs%c9%99-muvafiq-m%c9%99hdudiyy%c9%99tl%c9%99r-yenid%c9%99n-t%c9%99tbiq-olunmalidir","status":"publish","type":"post","link":"https:\/\/arantv.az\/?p=157487","title":{"rendered":"Epidemioloji v\u0259ziyy\u0259t t\u0259l\u0259b ed\u0259rs\u0259, m\u00fcvafiq m\u0259hdudiyy\u0259tl\u0259r yenid\u0259n t\u0259tbiq olunmal\u0131d\u0131r"},"content":{"rendered":"<blockquote><p><em><strong>Koronavirus pandemiyas\u0131na qar\u015f\u0131 m\u00fcbariz\u0259 sah\u0259sind\u0259 b\u00fct\u00fcn d\u00fcnya \u00f6n\u0259mli bir m\u0259rh\u0259l\u0259ni arxada qoymaqdad\u0131r. \u0130lk d\u0259f\u0259 olaraq b\u00fct\u00fcn d\u00fcnya \u00fcmumb\u0259\u015f\u0259ri bir b\u0259laya qar\u015f\u0131 m\u00f6ht\u0259\u015f\u0259m h\u0259mr\u0259ylik n\u00fcmayi\u015f etdirdi. Bu, d\u00fcnyan\u0131n g\u0259l\u0259c\u0259k taleyi il\u0259 ba\u011fl\u0131 \u00e7ox vacib s\u0131naq idi. Az\u0259rbaycan da bu s\u0131naqdan l\u0259yaq\u0259tl\u0259 \u00e7\u0131xd\u0131. \u00d6lk\u0259 ba\u015f\u00e7\u0131s\u0131 \u0130lham \u018fliyevin d\u00f6vl\u0259tin v\u0259 xalq\u0131n sa\u011flaml\u0131\u011f\u0131, bu b\u0259ladan minimum itki il\u0259 \u00e7\u0131xmas\u0131 \u00fc\u00e7\u00fcn q\u0259bul etdiyi operativ v\u0259 \u00f6nl\u0259yici q\u0259rarlar q\u0131sa vaxtda \u00f6z n\u0259tic\u0259sini verdi.<\/strong><\/em><\/p><\/blockquote>\n<p><strong>ARANTV.AZ<\/strong>\u00a0 x\u0259b\u0259r verir ki, bu fikirl\u0259ri\u00a0<a href=\"http:\/\/azertag.az\/\" target=\"_blank\" rel=\"noopener\">AZ\u018fRTAC<\/a>-a Milli M\u0259clisin \u018fm\u0259k v\u0259 sosial siyas\u0259t komit\u0259sinin \u00fczv\u00fc \u018fziz \u018fl\u0259kb\u0259rov bildirib.<\/p>\n<p>O qeyd edib ki, bu pandemiya, eyni zamanda, \u00f6lk\u0259daxili bir \u00e7ox m\u0259s\u0259l\u0259l\u0259r\u0259 ayd\u0131nl\u0131q g\u0259tirdi. Birincisi, d\u00f6vl\u0259timizin ba\u015f\u00e7\u0131s\u0131 b\u00fct\u00fcn g\u00fcc\u00fc il\u0259 xalq\u0131n\u0131n yan\u0131nda oldu v\u0259 onun son ill\u0259r xeyli yenil\u0259nmi\u015f komandas\u0131 bu ekstremal v\u0259ziyy\u0259td\u0259 etimad\u0131 tam do\u011frultdu. \u0130kincisi, xalq \u00f6lk\u0259 r\u0259hb\u0259rinin v\u0259 b\u00fct\u00fcn hakimiyy\u0259tin yan\u0131nda dayand\u0131\u011f\u0131n\u0131 \u0259yani \u015f\u0259kild\u0259 s\u00fcbut etdi v\u0259 d\u00f6vl\u0259tin q\u0259bul etdiyi b\u00fct\u00fcn q\u0259rarlara \u0259m\u0259l el\u0259di. \u018fn \u0259sas\u0131 is\u0259, b\u00fct\u00fcn bunlar d\u00fcnyan\u0131n g\u00f6z\u00fc qar\u015f\u0131s\u0131nda ba\u015f verdi v\u0259 bu, ill\u0259rd\u0259n b\u0259ri Az\u0259rbaycan haqq\u0131nda m\u0259nfi fikir formala\u015fd\u0131rma\u011fa \u00e7al\u0131\u015fan b\u0259zi q\u00fcvv\u0259l\u0259r\u0259 tutarl\u0131 mesaj oldu.<\/p>\n<p>Haz\u0131rda \u00f6lk\u0259miz x\u00fcsusi karantin rejiminin yum\u015fald\u0131lmas\u0131 m\u0259rh\u0259l\u0259sin\u0259 q\u0259d\u0259m qoyub ki, bu, pandemiyaya qar\u015f\u0131 apar\u0131lan u\u011furlu m\u00fcbariz\u0259nin ilkin n\u0259tic\u0259sidir. Lakin bununla \u0259laq\u0259dar \u0259halid\u0259 sanki t\u0259hl\u00fck\u0259nin sovu\u015fdu\u011fu \u0259hval-ruhiyy\u0259si hiss olunmaqdad\u0131r ki, bu da son d\u0259r\u0259c\u0259 t\u0259hl\u00fck\u0259li tendensiyad\u0131r v\u0259 son iki ayda bu m\u00fcbariz\u0259d\u0259 qazan\u0131lan b\u00fct\u00fcn u\u011furlara k\u00f6lg\u0259 sala bil\u0259r. Ona g\u00f6r\u0259 d\u0259 hesab edir\u0259m ki, \u0259hali x\u00fcsusi karantin rejiminin yum\u015fald\u0131lmas\u0131n\u0131 layiqinc\u0259 qiym\u0259tl\u0259ndirm\u0259li v\u0259 bu yum\u015falman\u0131n davaml\u0131 olmas\u0131na bacard\u0131\u011f\u0131 q\u0259d\u0259r k\u00f6m\u0259k etm\u0259lidir. \u018fks t\u0259qdird\u0259, \u0259hali aras\u0131nda virusa yoluxmada art\u0131m ola v\u0259 prosesin ikinci dal\u011fas\u0131 ba\u015flaya bil\u0259r.<\/p>\n<div>\n<div id=\"AdviadNativeVideo0\" class=\"AdviadNativeVideo\"><\/div>\n<\/div>\n<p>&#8220;\u0130nsanlar bilm\u0259lidir ki, COVID-19 x\u0259st\u0259liyi uzunm\u00fcdd\u0259tli prosesdir. Bu s\u0259b\u0259bd\u0259n m\u00f6vcud qaydalara riay\u0259t olunmas\u0131 v\u0259 z\u0259ruri profilaktik t\u0259dbirl\u0259r, x\u00fcsusil\u0259 &#8220;Evd\u0259 qal!&#8221; kampaniyas\u0131 davam etdirilm\u0259lidir. Paralel olaraq x\u00fcsusi karantin rejimind\u0259ki m\u00f6vcud m\u0259hdudiyy\u0259tl\u0259rin m\u0259rh\u0259l\u0259li yum\u015fald\u0131lmas\u0131 h\u0259yata ke\u00e7irilm\u0259lidir. D\u00fc\u015f\u00fcn\u00fcr\u0259m ki, ilkin olaraq \u0259n az\u0131 yax\u0131n bir ayda ilk n\u00f6vb\u0259d\u0259 orta v\u0259 ali m\u0259kt\u0259bl\u0259rd\u0259 t\u0259drisl\u0259 yana\u015f\u0131, b\u00fct\u00fcn qeyri-istehsal sah\u0259l\u0259rind\u0259 m\u0259hdudiyy\u0259tl\u0259r q\u00fcvv\u0259sind\u0259 saxlanmal\u0131, h\u0259min sah\u0259l\u0259r onlayn rejimd\u0259 f\u0259aliyy\u0259tl\u0259rini davam etdirm\u0259lidirl\u0259r. K\u00fctl\u0259vi t\u0259dbirl\u0259r q\u0259ti \u015f\u0259kild\u0259 qada\u011fan olunmal\u0131d\u0131r. K\u0259nd yerl\u0259rind\u0259 t\u0259s\u0259rr\u00fcfat i\u015fl\u0259ri il\u0259 ba\u011fl\u0131 is\u0259 m\u0259hdudiyy\u0259tl\u0259r tam aradan qald\u0131r\u0131lmal\u0131, xidm\u0259t v\u0259 istehsal sah\u0259l\u0259rinin i\u015fi t\u0259dric\u0259n b\u0259rpa olunmal\u0131d\u0131r. Diqq\u0259t b\u00f6lg\u0259l\u0259rd\u0259 ki\u00e7ik istehsal sah\u0259l\u0259rinin a\u00e7\u0131lmas\u0131na istiqam\u0259tl\u0259ndirilm\u0259lidir. Operativ Q\u0259rargah i\u015fini davam etdirm\u0259li, epidemioloji v\u0259ziyy\u0259t t\u0259l\u0259b ed\u0259rs\u0259, y\u0259ni x\u0259st\u0259liyin dinamikas\u0131nda art\u0131m olarsa, karantin rejimi yenid\u0259n s\u0259rtl\u0259\u015fdirilm\u0259li, m\u00fcvafiq m\u0259hdudiyy\u0259tl\u0259r yenid\u0259n t\u0259tbiq olunmal\u0131d\u0131r&#8221;, &#8211; dey\u0259 deputat bildirib.<\/p>\n","protected":false},"excerpt":{"rendered":"<p>Koronavirus pandemiyas\u0131na qar\u015f\u0131 m\u00fcbariz\u0259 sah\u0259sind\u0259 b\u00fct\u00fcn d\u00fcnya \u00f6n\u0259mli bir m\u0259rh\u0259l\u0259ni arxada qoymaqdad\u0131r. \u0130lk d\u0259f\u0259 olaraq b\u00fct\u00fcn d\u00fcnya \u00fcmumb\u0259\u015f\u0259ri bir b\u0259laya qar\u015f\u0131 m\u00f6ht\u0259\u015f\u0259m h\u0259mr\u0259ylik n\u00fcmayi\u015f etdirdi. Bu, d\u00fcnyan\u0131n g\u0259l\u0259c\u0259k taleyi il\u0259 ba\u011fl\u0131 \u00e7ox vacib s\u0131naq idi. Az\u0259rbaycan da bu s\u0131naqdan l\u0259yaq\u0259tl\u0259 \u00e7\u0131xd\u0131. \u00d6lk\u0259 ba\u015f\u00e7\u0131s\u0131 \u0130lham \u018fliyevin d\u00f6vl\u0259tin v\u0259 xalq\u0131n sa\u011flaml\u0131\u011f\u0131, bu b\u0259ladan minimum itki il\u0259 \u00e7\u0131xmas\u0131 \u00fc\u00e7\u00fcn q\u0259bul etdiyi operativ v\u0259 \u00f6nl\u0259yici q\u0259rarlar q\u0131sa vaxtda \u00f6z n\u0259tic\u0259sini verdi. ARANTV.AZ\u00a0 x\u0259b\u0259r verir ki, bu fikirl\u0259ri\u00a0AZ\u018fRTAC-a Milli M\u0259clisin \u018fm\u0259k v\u0259 sosial siyas\u0259t komit\u0259sinin \u00fczv\u00fc \u018fziz \u018fl\u0259kb\u0259rov bildirib. O qeyd edib ki, bu pandemiya,&hellip;<\/p>\n","protected":false},"author":2,"featured_media":157488,"comment_status":"closed","ping_status":"closed","sticky":false,"template":"","format":"standard","meta":{"om_disable_all_campaigns":false,"_monsterinsights_skip_tracking":false,"_monsterinsights_sitenote_active":false,"_monsterinsights_sitenote_note":"","_monsterinsights_sitenote_category":0},"categories":[26],"tags":[],"aioseo_notices":[],"gutentor_comment":0,"rttpg_featured_image_url":{"full":["https:\/\/arantv.az\/wp-content\/uploads\/2020\/05\/846821.jpg",800,600,false],"landscape":["https:\/\/arantv.az\/wp-content\/uploads\/2020\/05\/846821.jpg",800,600,false],"portraits":["https:\/\/arantv.az\/wp-content\/uploads\/2020\/05\/846821.jpg",800,600,false],"thumbnail":["https:\/\/arantv.az\/wp-content\/uploads\/2020\/05\/846821-150x150.jpg",150,150,true],"medium":["https:\/\/arantv.az\/wp-content\/uploads\/2020\/05\/846821-300x225.jpg",300,225,true],"large":["https:\/\/arantv.az\/wp-content\/uploads\/2020\/05\/846821.jpg",640,480,false],"1536x1536":["https:\/\/arantv.az\/wp-content\/uploads\/2020\/05\/846821.jpg",800,600,false],"2048x2048":["https:\/\/arantv.az\/wp-content\/uploads\/2020\/05\/846821.jpg",800,600,false],"post-thumbnail":["https:\/\/arantv.az\/wp-content\/uploads\/2020\/05\/846821-240x172.jpg",240,172,true],"advps-thumb-one":["https:\/\/arantv.az\/wp-content\/uploads\/2020\/05\/846821.jpg",800,600,false]},"rttpg_author":{"display_name":"V\u00fcsal Rafiqo\u011flu","author_link":"https:\/\/arantv.az\/?author=2"},"rttpg_comment":0,"rttpg_category":"<a href=\"https:\/\/arantv.az\/?cat=26\" rel=\"category\">Sosial<\/a>","rttpg_excerpt":"Koronavirus pandemiyas\u0131na qar\u015f\u0131 m\u00fcbariz\u0259 sah\u0259sind\u0259 b\u00fct\u00fcn d\u00fcnya \u00f6n\u0259mli bir m\u0259rh\u0259l\u0259ni arxada qoymaqdad\u0131r. \u0130lk d\u0259f\u0259 olaraq b\u00fct\u00fcn d\u00fcnya \u00fcmumb\u0259\u015f\u0259ri bir b\u0259laya qar\u015f\u0131 m\u00f6ht\u0259\u015f\u0259m h\u0259mr\u0259ylik n\u00fcmayi\u015f etdirdi. Bu, d\u00fcnyan\u0131n g\u0259l\u0259c\u0259k taleyi il\u0259 ba\u011fl\u0131 \u00e7ox vacib s\u0131naq idi. Az\u0259rbaycan da bu s\u0131naqdan l\u0259yaq\u0259tl\u0259 \u00e7\u0131xd\u0131. \u00d6lk\u0259 ba\u015f\u00e7\u0131s\u0131 \u0130lham \u018fliyevin d\u00f6vl\u0259tin v\u0259 xalq\u0131n sa\u011flaml\u0131\u011f\u0131, bu b\u0259ladan minimum itki il\u0259 \u00e7\u0131xmas\u0131&hellip;","_links":{"self":[{"href":"https:\/\/arantv.az\/index.php?rest_route=\/wp\/v2\/posts\/157487"}],"collection":[{"href":"https:\/\/arantv.az\/index.php?rest_route=\/wp\/v2\/posts"}],"about":[{"href":"https:\/\/arantv.az\/index.php?rest_route=\/wp\/v2\/types\/post"}],"author":[{"embeddable":true,"href":"https:\/\/arantv.az\/index.php?rest_route=\/wp\/v2\/users\/2"}],"replies":[{"embeddable":true,"href":"https:\/\/arantv.az\/index.php?rest_route=%2Fwp%2Fv2%2Fcomments&post=157487"}],"version-history":[{"count":0,"href":"https:\/\/arantv.az\/index.php?rest_route=\/wp\/v2\/posts\/157487\/revisions"}],"wp:featuredmedia":[{"embeddable":true,"href":"https:\/\/arantv.az\/index.php?rest_route=\/wp\/v2\/media\/157488"}],"wp:attachment":[{"href":"https:\/\/arantv.az\/index.php?rest_route=%2Fwp%2Fv2%2Fmedia&parent=157487"}],"wp:term":[{"taxonomy":"category","embeddable":true,"href":"https:\/\/arantv.az\/index.php?rest_route=%2Fwp%2Fv2%2Fcategories&post=157487"},{"taxonomy":"post_tag","embeddable":true,"href":"https:\/\/arantv.az\/index.php?rest_route=%2Fwp%2Fv2%2Ftags&post=157487"}],"curies":[{"name":"wp","href":"https:\/\/api.w.org\/{rel}","templated":true}]}}