{"id":157495,"date":"2020-05-01T16:19:50","date_gmt":"2020-05-01T13:19:50","guid":{"rendered":"http:\/\/arantv.az\/?p=157495"},"modified":"2020-05-01T16:19:50","modified_gmt":"2020-05-01T13:19:50","slug":"az%c9%99rbaycanda-daha-300-m%c9%99hkum-azadliga-buraxila-bil%c9%99r","status":"publish","type":"post","link":"https:\/\/arantv.az\/?p=157495","title":{"rendered":"Az\u0259rbaycanda daha 300 m\u0259hkum azadl\u0131\u011fa burax\u0131la bil\u0259r"},"content":{"rendered":"<blockquote><p><em><strong>May ay\u0131 \u0259rzind\u0259 c\u0259zas\u0131n\u0131n az hiss\u0259si qalan daha 300-d\u0259k \u015f\u0259xsin azadl\u0131\u011fa \u00e7\u0131xmas\u0131 n\u0259z\u0259rd\u0259 tutulur.<\/strong><\/em><\/p><\/blockquote>\n<p><strong>ARANTV.AZ<\/strong>\u00a0<a href=\"https:\/\/az.trend.az\/\" target=\"_blank\" rel=\"noopener\">Trend<\/a>-\u0259 istinad\u0259n x\u0259b\u0259r verir ki, bunu parlamentin Regional m\u0259s\u0259l\u0259l\u0259r komit\u0259sinin s\u0259dri Siyavu\u015f Novruzov Milli M\u0259clisin bu g\u00fcn ke\u00e7iril\u0259n iclas\u0131nda deyib.<\/p>\n<p>S.Novruzov bildirib ki, Az\u0259rbaycanda bu g\u00fcn\u0259 q\u0259d\u0259r 68 \u0259fv s\u0259r\u0259ncam\u0131 imzalan\u0131b, 11 Amnistiya Akt\u0131 q\u0259bul edilib. Bunlar kifay\u0259t q\u0259d\u0259r insana \u015famil olunub.<\/p>\n<p>Komit\u0259 s\u0259dri vur\u011fulay\u0131b ki, koronavirusla \u0259laq\u0259dar \u00f6lk\u0259 ba\u015f\u00e7\u0131s\u0131 t\u0259r\u0259find\u0259n son \u0259fv s\u0259r\u0259ncam\u0131 da kifay\u0259t q\u0259d\u0259r insan\u0131 \u0259hat\u0259 etdi: &#8220;May ay\u0131 \u0259rzind\u0259 d\u0259 c\u0259zas\u0131n\u0131n az hiss\u0259si qalan daha 300-d\u0259k \u015f\u0259xsin azadl\u0131\u011fa \u00e7\u0131xmas\u0131 n\u0259z\u0259rd\u0259 tutulur&#8221;.<\/p>\n","protected":false},"excerpt":{"rendered":"<p>May ay\u0131 \u0259rzind\u0259 c\u0259zas\u0131n\u0131n az hiss\u0259si qalan daha 300-d\u0259k \u015f\u0259xsin azadl\u0131\u011fa \u00e7\u0131xmas\u0131 n\u0259z\u0259rd\u0259 tutulur. ARANTV.AZ\u00a0Trend-\u0259 istinad\u0259n x\u0259b\u0259r verir ki, bunu parlamentin Regional m\u0259s\u0259l\u0259l\u0259r komit\u0259sinin s\u0259dri Siyavu\u015f Novruzov Milli M\u0259clisin bu g\u00fcn ke\u00e7iril\u0259n iclas\u0131nda deyib. S.Novruzov bildirib ki, Az\u0259rbaycanda bu g\u00fcn\u0259 q\u0259d\u0259r 68 \u0259fv s\u0259r\u0259ncam\u0131 imzalan\u0131b, 11 Amnistiya Akt\u0131 q\u0259bul edilib. Bunlar kifay\u0259t q\u0259d\u0259r insana \u015famil olunub. Komit\u0259 s\u0259dri vur\u011fulay\u0131b ki, koronavirusla \u0259laq\u0259dar \u00f6lk\u0259 ba\u015f\u00e7\u0131s\u0131 t\u0259r\u0259find\u0259n son \u0259fv s\u0259r\u0259ncam\u0131 da kifay\u0259t q\u0259d\u0259r insan\u0131 \u0259hat\u0259 etdi: &#8220;May ay\u0131 \u0259rzind\u0259 d\u0259 c\u0259zas\u0131n\u0131n az hiss\u0259si qalan daha 300-d\u0259k \u015f\u0259xsin azadl\u0131\u011fa \u00e7\u0131xmas\u0131 n\u0259z\u0259rd\u0259 tutulur&#8221;.<\/p>\n","protected":false},"author":2,"featured_media":157496,"comment_status":"closed","ping_status":"closed","sticky":false,"template":"","format":"standard","meta":{"om_disable_all_campaigns":false,"_monsterinsights_skip_tracking":false,"_monsterinsights_sitenote_active":false,"_monsterinsights_sitenote_note":"","_monsterinsights_sitenote_category":0},"categories":[19],"tags":[],"aioseo_notices":[],"gutentor_comment":0,"rttpg_featured_image_url":{"full":["https:\/\/arantv.az\/wp-content\/uploads\/2020\/05\/846898.jpg",800,600,false],"landscape":["https:\/\/arantv.az\/wp-content\/uploads\/2020\/05\/846898.jpg",800,600,false],"portraits":["https:\/\/arantv.az\/wp-content\/uploads\/2020\/05\/846898.jpg",800,600,false],"thumbnail":["https:\/\/arantv.az\/wp-content\/uploads\/2020\/05\/846898-150x150.jpg",150,150,true],"medium":["https:\/\/arantv.az\/wp-content\/uploads\/2020\/05\/846898-300x225.jpg",300,225,true],"large":["https:\/\/arantv.az\/wp-content\/uploads\/2020\/05\/846898.jpg",640,480,false],"1536x1536":["https:\/\/arantv.az\/wp-content\/uploads\/2020\/05\/846898.jpg",800,600,false],"2048x2048":["https:\/\/arantv.az\/wp-content\/uploads\/2020\/05\/846898.jpg",800,600,false],"post-thumbnail":["https:\/\/arantv.az\/wp-content\/uploads\/2020\/05\/846898-240x172.jpg",240,172,true],"advps-thumb-one":["https:\/\/arantv.az\/wp-content\/uploads\/2020\/05\/846898.jpg",800,600,false]},"rttpg_author":{"display_name":"V\u00fcsal Rafiqo\u011flu","author_link":"https:\/\/arantv.az\/?author=2"},"rttpg_comment":0,"rttpg_category":"<a href=\"https:\/\/arantv.az\/?cat=19\" rel=\"category\">G\u00fcnd\u0259m<\/a>","rttpg_excerpt":"May ay\u0131 \u0259rzind\u0259 c\u0259zas\u0131n\u0131n az hiss\u0259si qalan daha 300-d\u0259k \u015f\u0259xsin azadl\u0131\u011fa \u00e7\u0131xmas\u0131 n\u0259z\u0259rd\u0259 tutulur. ARANTV.AZ\u00a0Trend-\u0259 istinad\u0259n x\u0259b\u0259r verir ki, bunu parlamentin Regional m\u0259s\u0259l\u0259l\u0259r komit\u0259sinin s\u0259dri Siyavu\u015f Novruzov Milli M\u0259clisin bu g\u00fcn ke\u00e7iril\u0259n iclas\u0131nda deyib. S.Novruzov bildirib ki, Az\u0259rbaycanda bu g\u00fcn\u0259 q\u0259d\u0259r 68 \u0259fv s\u0259r\u0259ncam\u0131 imzalan\u0131b, 11 Amnistiya Akt\u0131 q\u0259bul edilib. Bunlar kifay\u0259t q\u0259d\u0259r insana \u015famil&hellip;","_links":{"self":[{"href":"https:\/\/arantv.az\/index.php?rest_route=\/wp\/v2\/posts\/157495"}],"collection":[{"href":"https:\/\/arantv.az\/index.php?rest_route=\/wp\/v2\/posts"}],"about":[{"href":"https:\/\/arantv.az\/index.php?rest_route=\/wp\/v2\/types\/post"}],"author":[{"embeddable":true,"href":"https:\/\/arantv.az\/index.php?rest_route=\/wp\/v2\/users\/2"}],"replies":[{"embeddable":true,"href":"https:\/\/arantv.az\/index.php?rest_route=%2Fwp%2Fv2%2Fcomments&post=157495"}],"version-history":[{"count":0,"href":"https:\/\/arantv.az\/index.php?rest_route=\/wp\/v2\/posts\/157495\/revisions"}],"wp:featuredmedia":[{"embeddable":true,"href":"https:\/\/arantv.az\/index.php?rest_route=\/wp\/v2\/media\/157496"}],"wp:attachment":[{"href":"https:\/\/arantv.az\/index.php?rest_route=%2Fwp%2Fv2%2Fmedia&parent=157495"}],"wp:term":[{"taxonomy":"category","embeddable":true,"href":"https:\/\/arantv.az\/index.php?rest_route=%2Fwp%2Fv2%2Fcategories&post=157495"},{"taxonomy":"post_tag","embeddable":true,"href":"https:\/\/arantv.az\/index.php?rest_route=%2Fwp%2Fv2%2Ftags&post=157495"}],"curies":[{"name":"wp","href":"https:\/\/api.w.org\/{rel}","templated":true}]}}