{"id":157499,"date":"2020-05-01T16:21:14","date_gmt":"2020-05-01T13:21:14","guid":{"rendered":"http:\/\/arantv.az\/?p=157499"},"modified":"2020-05-01T16:21:14","modified_gmt":"2020-05-01T13:21:14","slug":"az%c9%99rbaycanin-yeni-bas-prokuroru-kollektiv%c9%99-t%c9%99qdim-olundu","status":"publish","type":"post","link":"https:\/\/arantv.az\/?p=157499","title":{"rendered":"Az\u0259rbaycan\u0131n yeni Ba\u015f prokuroru kollektiv\u0259 t\u0259qdim olundu"},"content":{"rendered":"<p><strong>Az\u0259rbaycan\u0131n yeni Ba\u015f Prokuroru Kamran \u018fliyev kollektiv\u0259 t\u0259qdim olunub.<\/strong><\/p>\n<p><strong>ARANTV.AZ<\/strong>\u00a0<a href=\"https:\/\/az.trend.az\/\" target=\"_blank\" rel=\"noopener\">Trend<\/a>-\u0259 istinad\u0259n x\u0259b\u0259r verir ki, Ba\u015f Prokurorlu\u011fun inzibati binas\u0131nda yeni Ba\u015f prokurorun t\u0259qdimat m\u0259rasimi ke\u00e7irilib.<\/p>\n<p>Qeyd ed\u0259k ki, Prezident \u0130lham \u018fliyevin bu g\u00fcn imzalad\u0131\u011f\u0131 S\u0259r\u0259ncamla Kamran \u018fliyev Az\u0259rbaycan\u0131n Ba\u015f prokuroru t\u0259yin edilib.<\/p>\n","protected":false},"excerpt":{"rendered":"<p>Az\u0259rbaycan\u0131n yeni Ba\u015f Prokuroru Kamran \u018fliyev kollektiv\u0259 t\u0259qdim olunub. ARANTV.AZ\u00a0Trend-\u0259 istinad\u0259n x\u0259b\u0259r verir ki, Ba\u015f Prokurorlu\u011fun inzibati binas\u0131nda yeni Ba\u015f prokurorun t\u0259qdimat m\u0259rasimi ke\u00e7irilib. Qeyd ed\u0259k ki, Prezident \u0130lham \u018fliyevin bu g\u00fcn imzalad\u0131\u011f\u0131 S\u0259r\u0259ncamla Kamran \u018fliyev Az\u0259rbaycan\u0131n Ba\u015f prokuroru t\u0259yin edilib.<\/p>\n","protected":false},"author":2,"featured_media":157500,"comment_status":"closed","ping_status":"closed","sticky":false,"template":"","format":"standard","meta":{"om_disable_all_campaigns":false,"_monsterinsights_skip_tracking":false,"_monsterinsights_sitenote_active":false,"_monsterinsights_sitenote_note":"","_monsterinsights_sitenote_category":0},"categories":[26],"tags":[],"aioseo_notices":[],"gutentor_comment":0,"rttpg_featured_image_url":{"full":["https:\/\/arantv.az\/wp-content\/uploads\/2020\/05\/846895.jpg",800,600,false],"landscape":["https:\/\/arantv.az\/wp-content\/uploads\/2020\/05\/846895.jpg",800,600,false],"portraits":["https:\/\/arantv.az\/wp-content\/uploads\/2020\/05\/846895.jpg",800,600,false],"thumbnail":["https:\/\/arantv.az\/wp-content\/uploads\/2020\/05\/846895-150x150.jpg",150,150,true],"medium":["https:\/\/arantv.az\/wp-content\/uploads\/2020\/05\/846895-300x225.jpg",300,225,true],"large":["https:\/\/arantv.az\/wp-content\/uploads\/2020\/05\/846895.jpg",640,480,false],"1536x1536":["https:\/\/arantv.az\/wp-content\/uploads\/2020\/05\/846895.jpg",800,600,false],"2048x2048":["https:\/\/arantv.az\/wp-content\/uploads\/2020\/05\/846895.jpg",800,600,false],"post-thumbnail":["https:\/\/arantv.az\/wp-content\/uploads\/2020\/05\/846895-240x172.jpg",240,172,true],"advps-thumb-one":["https:\/\/arantv.az\/wp-content\/uploads\/2020\/05\/846895.jpg",800,600,false]},"rttpg_author":{"display_name":"V\u00fcsal Rafiqo\u011flu","author_link":"https:\/\/arantv.az\/?author=2"},"rttpg_comment":0,"rttpg_category":"<a href=\"https:\/\/arantv.az\/?cat=26\" rel=\"category\">Sosial<\/a>","rttpg_excerpt":"Az\u0259rbaycan\u0131n yeni Ba\u015f Prokuroru Kamran \u018fliyev kollektiv\u0259 t\u0259qdim olunub. ARANTV.AZ\u00a0Trend-\u0259 istinad\u0259n x\u0259b\u0259r verir ki, Ba\u015f Prokurorlu\u011fun inzibati binas\u0131nda yeni Ba\u015f prokurorun t\u0259qdimat m\u0259rasimi ke\u00e7irilib. Qeyd ed\u0259k ki, Prezident \u0130lham \u018fliyevin bu g\u00fcn imzalad\u0131\u011f\u0131 S\u0259r\u0259ncamla Kamran \u018fliyev Az\u0259rbaycan\u0131n Ba\u015f prokuroru t\u0259yin edilib.","_links":{"self":[{"href":"https:\/\/arantv.az\/index.php?rest_route=\/wp\/v2\/posts\/157499"}],"collection":[{"href":"https:\/\/arantv.az\/index.php?rest_route=\/wp\/v2\/posts"}],"about":[{"href":"https:\/\/arantv.az\/index.php?rest_route=\/wp\/v2\/types\/post"}],"author":[{"embeddable":true,"href":"https:\/\/arantv.az\/index.php?rest_route=\/wp\/v2\/users\/2"}],"replies":[{"embeddable":true,"href":"https:\/\/arantv.az\/index.php?rest_route=%2Fwp%2Fv2%2Fcomments&post=157499"}],"version-history":[{"count":0,"href":"https:\/\/arantv.az\/index.php?rest_route=\/wp\/v2\/posts\/157499\/revisions"}],"wp:featuredmedia":[{"embeddable":true,"href":"https:\/\/arantv.az\/index.php?rest_route=\/wp\/v2\/media\/157500"}],"wp:attachment":[{"href":"https:\/\/arantv.az\/index.php?rest_route=%2Fwp%2Fv2%2Fmedia&parent=157499"}],"wp:term":[{"taxonomy":"category","embeddable":true,"href":"https:\/\/arantv.az\/index.php?rest_route=%2Fwp%2Fv2%2Fcategories&post=157499"},{"taxonomy":"post_tag","embeddable":true,"href":"https:\/\/arantv.az\/index.php?rest_route=%2Fwp%2Fv2%2Ftags&post=157499"}],"curies":[{"name":"wp","href":"https:\/\/api.w.org\/{rel}","templated":true}]}}