{"id":157503,"date":"2020-05-01T16:22:43","date_gmt":"2020-05-01T13:22:43","guid":{"rendered":"http:\/\/arantv.az\/?p=157503"},"modified":"2020-05-01T16:22:43","modified_gmt":"2020-05-01T13:22:43","slug":"karantin-bu-tarixd%c9%99-yenid%c9%99n-yumsaldilacaq-r%c9%99smi-video","status":"publish","type":"post","link":"https:\/\/arantv.az\/?p=157503","title":{"rendered":"Karantin bu tarixd\u0259 yenid\u0259n yum\u015fald\u0131lacaq &#8211; R\u018fSM\u0130 + V\u0130DEO"},"content":{"rendered":"<p>\u201cRestoranlar\u0131n a\u00e7\u0131lmas\u0131\u00a0qada\u011fand\u0131r, ya\u015fay\u0131\u015f yerini t\u0259rk etm\u0259k \u00fc\u00e7\u00fcn icaz\u0259 q\u00fcvv\u0259d\u0259dir\u201d.<\/p>\n<p><b>ARANTV.AZ<\/b>-\u0131n m\u0259lumat\u0131na g\u00f6r\u0259, bunu Nazirl\u0259r Kabineti yan\u0131nda operativ q\u0259rargah\u0131n ke\u00e7irdiyi m\u0259tbuat konfrans\u0131nda qurumun M\u0259tbuat Xidm\u0259tinin r\u0259hb\u0259ri \u0130brahim M\u0259mm\u0259dov deyib.<\/p>\n<p>O qeyd edib ki, haz\u0131rda 65 ya\u015fdan\u00a0yuxar\u0131 \u015f\u0259xsl\u0259rin evd\u0259n \u00e7\u0131xmas\u0131 qada\u011fand\u0131r:<\/p>\n<div id=\"AdviadNativeVideo0\" class=\"AdviadNativeVideo\"><\/div>\n<p>\u201cMay\u0131n\u00a011-d\u0259 x\u00fcsusi karantin rejimi yenid\u0259n yum\u015fald\u0131la bil\u0259r. O zaman onlarla ba\u011fl\u0131 icaz\u0259y\u0259 bax\u0131la bil\u0259r.<\/p>\n<p>Haz\u0131rda 65 ya\u015fdan yuxar\u0131 insanlar\u0131n evd\u0259n \u00e7\u0131xmas\u0131 il\u0259 ba\u011fl\u0131 qada\u011fa b\u00fct\u00fcn \u00f6lk\u0259d\u0259 q\u00fcvv\u0259d\u0259dir\u201d.<\/p>\n<div><iframe loading=\"lazy\" src=\"https:\/\/player.baku.tv\/embed\/17989\" width=\"560\" height=\"315\" frameborder=\"0\" allowfullscreen=\"allowfullscreen\" data-mce-fragment=\"1\"><\/iframe><\/div>\n<p>Oxu.Az<\/p>\n","protected":false},"excerpt":{"rendered":"<p>\u201cRestoranlar\u0131n a\u00e7\u0131lmas\u0131\u00a0qada\u011fand\u0131r, ya\u015fay\u0131\u015f yerini t\u0259rk etm\u0259k \u00fc\u00e7\u00fcn icaz\u0259 q\u00fcvv\u0259d\u0259dir\u201d. ARANTV.AZ-\u0131n m\u0259lumat\u0131na g\u00f6r\u0259, bunu Nazirl\u0259r Kabineti yan\u0131nda operativ q\u0259rargah\u0131n ke\u00e7irdiyi m\u0259tbuat konfrans\u0131nda qurumun M\u0259tbuat Xidm\u0259tinin r\u0259hb\u0259ri \u0130brahim M\u0259mm\u0259dov deyib. O qeyd edib ki, haz\u0131rda 65 ya\u015fdan\u00a0yuxar\u0131 \u015f\u0259xsl\u0259rin evd\u0259n \u00e7\u0131xmas\u0131 qada\u011fand\u0131r: \u201cMay\u0131n\u00a011-d\u0259 x\u00fcsusi karantin rejimi yenid\u0259n yum\u015fald\u0131la bil\u0259r. O zaman onlarla ba\u011fl\u0131 icaz\u0259y\u0259 bax\u0131la bil\u0259r. Haz\u0131rda 65 ya\u015fdan yuxar\u0131 insanlar\u0131n evd\u0259n \u00e7\u0131xmas\u0131 il\u0259 ba\u011fl\u0131 qada\u011fa b\u00fct\u00fcn \u00f6lk\u0259d\u0259 q\u00fcvv\u0259d\u0259dir\u201d. Oxu.Az<\/p>\n","protected":false},"author":2,"featured_media":157504,"comment_status":"closed","ping_status":"closed","sticky":false,"template":"","format":"standard","meta":{"om_disable_all_campaigns":false,"_monsterinsights_skip_tracking":false,"_monsterinsights_sitenote_active":false,"_monsterinsights_sitenote_note":"","_monsterinsights_sitenote_category":0},"categories":[19],"tags":[],"aioseo_notices":[],"gutentor_comment":0,"rttpg_featured_image_url":{"full":["https:\/\/arantv.az\/wp-content\/uploads\/2020\/05\/5s-2.jpg",620,382,false],"landscape":["https:\/\/arantv.az\/wp-content\/uploads\/2020\/05\/5s-2.jpg",620,382,false],"portraits":["https:\/\/arantv.az\/wp-content\/uploads\/2020\/05\/5s-2.jpg",620,382,false],"thumbnail":["https:\/\/arantv.az\/wp-content\/uploads\/2020\/05\/5s-2-150x150.jpg",150,150,true],"medium":["https:\/\/arantv.az\/wp-content\/uploads\/2020\/05\/5s-2-300x185.jpg",300,185,true],"large":["https:\/\/arantv.az\/wp-content\/uploads\/2020\/05\/5s-2.jpg",620,382,false],"1536x1536":["https:\/\/arantv.az\/wp-content\/uploads\/2020\/05\/5s-2.jpg",620,382,false],"2048x2048":["https:\/\/arantv.az\/wp-content\/uploads\/2020\/05\/5s-2.jpg",620,382,false],"post-thumbnail":["https:\/\/arantv.az\/wp-content\/uploads\/2020\/05\/5s-2-240x172.jpg",240,172,true],"advps-thumb-one":["https:\/\/arantv.az\/wp-content\/uploads\/2020\/05\/5s-2.jpg",620,382,false]},"rttpg_author":{"display_name":"V\u00fcsal Rafiqo\u011flu","author_link":"https:\/\/arantv.az\/?author=2"},"rttpg_comment":0,"rttpg_category":"<a href=\"https:\/\/arantv.az\/?cat=19\" rel=\"category\">G\u00fcnd\u0259m<\/a>","rttpg_excerpt":"\u201cRestoranlar\u0131n a\u00e7\u0131lmas\u0131\u00a0qada\u011fand\u0131r, ya\u015fay\u0131\u015f yerini t\u0259rk etm\u0259k \u00fc\u00e7\u00fcn icaz\u0259 q\u00fcvv\u0259d\u0259dir\u201d. ARANTV.AZ-\u0131n m\u0259lumat\u0131na g\u00f6r\u0259, bunu Nazirl\u0259r Kabineti yan\u0131nda operativ q\u0259rargah\u0131n ke\u00e7irdiyi m\u0259tbuat konfrans\u0131nda qurumun M\u0259tbuat Xidm\u0259tinin r\u0259hb\u0259ri \u0130brahim M\u0259mm\u0259dov deyib. O qeyd edib ki, haz\u0131rda 65 ya\u015fdan\u00a0yuxar\u0131 \u015f\u0259xsl\u0259rin evd\u0259n \u00e7\u0131xmas\u0131 qada\u011fand\u0131r: \u201cMay\u0131n\u00a011-d\u0259 x\u00fcsusi karantin rejimi yenid\u0259n yum\u015fald\u0131la bil\u0259r. O zaman onlarla ba\u011fl\u0131 icaz\u0259y\u0259 bax\u0131la bil\u0259r. Haz\u0131rda 65&hellip;","_links":{"self":[{"href":"https:\/\/arantv.az\/index.php?rest_route=\/wp\/v2\/posts\/157503"}],"collection":[{"href":"https:\/\/arantv.az\/index.php?rest_route=\/wp\/v2\/posts"}],"about":[{"href":"https:\/\/arantv.az\/index.php?rest_route=\/wp\/v2\/types\/post"}],"author":[{"embeddable":true,"href":"https:\/\/arantv.az\/index.php?rest_route=\/wp\/v2\/users\/2"}],"replies":[{"embeddable":true,"href":"https:\/\/arantv.az\/index.php?rest_route=%2Fwp%2Fv2%2Fcomments&post=157503"}],"version-history":[{"count":0,"href":"https:\/\/arantv.az\/index.php?rest_route=\/wp\/v2\/posts\/157503\/revisions"}],"wp:featuredmedia":[{"embeddable":true,"href":"https:\/\/arantv.az\/index.php?rest_route=\/wp\/v2\/media\/157504"}],"wp:attachment":[{"href":"https:\/\/arantv.az\/index.php?rest_route=%2Fwp%2Fv2%2Fmedia&parent=157503"}],"wp:term":[{"taxonomy":"category","embeddable":true,"href":"https:\/\/arantv.az\/index.php?rest_route=%2Fwp%2Fv2%2Fcategories&post=157503"},{"taxonomy":"post_tag","embeddable":true,"href":"https:\/\/arantv.az\/index.php?rest_route=%2Fwp%2Fv2%2Ftags&post=157503"}],"curies":[{"name":"wp","href":"https:\/\/api.w.org\/{rel}","templated":true}]}}