{"id":157507,"date":"2020-05-01T16:23:30","date_gmt":"2020-05-01T13:23:30","guid":{"rendered":"http:\/\/arantv.az\/?p=157507"},"modified":"2020-05-01T16:23:30","modified_gmt":"2020-05-01T13:23:30","slug":"bu-%c9%99razil%c9%99rd%c9%99-gedis-g%c9%99lis-qadagandir-r%c9%99smi-aciqlama","status":"publish","type":"post","link":"https:\/\/arantv.az\/?p=157507","title":{"rendered":"Bu \u0259razil\u0259rd\u0259 gedi\u015f-g\u0259li\u015f qada\u011fand\u0131r &#8211; R\u018fSM\u0130 A\u00c7IQLAMA"},"content":{"rendered":"<p>\u201cNar\u0131nc\u0131 zolaqlara, y\u0259ni Bak\u0131, Sumqay\u0131t, G\u0259nc\u0259, L\u0259nk\u0259ran \u015f\u0259h\u0259rl\u0259rin\u0259 v\u0259 Ab\u015feron rayonuna gedi\u015f-g\u0259li\u015f qada\u011fas\u0131 q\u00fcvv\u0259d\u0259 qal\u0131r\u201d.<\/p>\n<p><b>ARANTV.AZ<\/b>-\u0131n m\u0259lumat\u0131na g\u00f6r\u0259, bunu Nazirl\u0259r Kabineti yan\u0131nda operativ q\u0259rargah\u0131n ke\u00e7irdiyi m\u0259tbuat konfrans\u0131nda qurumun M\u0259tbuat Xidm\u0259tinin r\u0259hb\u0259ri \u0130brahim M\u0259mm\u0259dov deyib.<\/p>\n<div id=\"AdviadNativeVideo0\" class=\"AdviadNativeVideo\"><\/div>\n<p>O bildirib ki, sar\u0131 v\u0259 nar\u0131nc\u0131 zolaq daxilind\u0259 gedi\u015f-g\u0259li\u015f q\u0259rar\u0131 q\u00fcvv\u0259d\u0259\u00a0qal\u0131r.Oxu.Az<\/p>\n","protected":false},"excerpt":{"rendered":"<p>\u201cNar\u0131nc\u0131 zolaqlara, y\u0259ni Bak\u0131, Sumqay\u0131t, G\u0259nc\u0259, L\u0259nk\u0259ran \u015f\u0259h\u0259rl\u0259rin\u0259 v\u0259 Ab\u015feron rayonuna gedi\u015f-g\u0259li\u015f qada\u011fas\u0131 q\u00fcvv\u0259d\u0259 qal\u0131r\u201d. ARANTV.AZ-\u0131n m\u0259lumat\u0131na g\u00f6r\u0259, bunu Nazirl\u0259r Kabineti yan\u0131nda operativ q\u0259rargah\u0131n ke\u00e7irdiyi m\u0259tbuat konfrans\u0131nda qurumun M\u0259tbuat Xidm\u0259tinin r\u0259hb\u0259ri \u0130brahim M\u0259mm\u0259dov deyib. O bildirib ki, sar\u0131 v\u0259 nar\u0131nc\u0131 zolaq daxilind\u0259 gedi\u015f-g\u0259li\u015f q\u0259rar\u0131 q\u00fcvv\u0259d\u0259\u00a0qal\u0131r.Oxu.Az<\/p>\n","protected":false},"author":2,"featured_media":157508,"comment_status":"closed","ping_status":"closed","sticky":false,"template":"","format":"standard","meta":{"om_disable_all_campaigns":false,"_monsterinsights_skip_tracking":false,"_monsterinsights_sitenote_active":false,"_monsterinsights_sitenote_note":"","_monsterinsights_sitenote_category":0},"categories":[26],"tags":[],"aioseo_notices":[],"gutentor_comment":0,"rttpg_featured_image_url":{"full":["https:\/\/arantv.az\/wp-content\/uploads\/2020\/05\/19-1.jpg",620,413,false],"landscape":["https:\/\/arantv.az\/wp-content\/uploads\/2020\/05\/19-1.jpg",620,413,false],"portraits":["https:\/\/arantv.az\/wp-content\/uploads\/2020\/05\/19-1.jpg",620,413,false],"thumbnail":["https:\/\/arantv.az\/wp-content\/uploads\/2020\/05\/19-1-150x150.jpg",150,150,true],"medium":["https:\/\/arantv.az\/wp-content\/uploads\/2020\/05\/19-1-300x200.jpg",300,200,true],"large":["https:\/\/arantv.az\/wp-content\/uploads\/2020\/05\/19-1.jpg",620,413,false],"1536x1536":["https:\/\/arantv.az\/wp-content\/uploads\/2020\/05\/19-1.jpg",620,413,false],"2048x2048":["https:\/\/arantv.az\/wp-content\/uploads\/2020\/05\/19-1.jpg",620,413,false],"post-thumbnail":["https:\/\/arantv.az\/wp-content\/uploads\/2020\/05\/19-1-240x172.jpg",240,172,true],"advps-thumb-one":["https:\/\/arantv.az\/wp-content\/uploads\/2020\/05\/19-1.jpg",620,413,false]},"rttpg_author":{"display_name":"V\u00fcsal Rafiqo\u011flu","author_link":"https:\/\/arantv.az\/?author=2"},"rttpg_comment":0,"rttpg_category":"<a href=\"https:\/\/arantv.az\/?cat=26\" rel=\"category\">Sosial<\/a>","rttpg_excerpt":"\u201cNar\u0131nc\u0131 zolaqlara, y\u0259ni Bak\u0131, Sumqay\u0131t, G\u0259nc\u0259, L\u0259nk\u0259ran \u015f\u0259h\u0259rl\u0259rin\u0259 v\u0259 Ab\u015feron rayonuna gedi\u015f-g\u0259li\u015f qada\u011fas\u0131 q\u00fcvv\u0259d\u0259 qal\u0131r\u201d. ARANTV.AZ-\u0131n m\u0259lumat\u0131na g\u00f6r\u0259, bunu Nazirl\u0259r Kabineti yan\u0131nda operativ q\u0259rargah\u0131n ke\u00e7irdiyi m\u0259tbuat konfrans\u0131nda qurumun M\u0259tbuat Xidm\u0259tinin r\u0259hb\u0259ri \u0130brahim M\u0259mm\u0259dov deyib. O bildirib ki, sar\u0131 v\u0259 nar\u0131nc\u0131 zolaq daxilind\u0259 gedi\u015f-g\u0259li\u015f q\u0259rar\u0131 q\u00fcvv\u0259d\u0259\u00a0qal\u0131r.Oxu.Az","_links":{"self":[{"href":"https:\/\/arantv.az\/index.php?rest_route=\/wp\/v2\/posts\/157507"}],"collection":[{"href":"https:\/\/arantv.az\/index.php?rest_route=\/wp\/v2\/posts"}],"about":[{"href":"https:\/\/arantv.az\/index.php?rest_route=\/wp\/v2\/types\/post"}],"author":[{"embeddable":true,"href":"https:\/\/arantv.az\/index.php?rest_route=\/wp\/v2\/users\/2"}],"replies":[{"embeddable":true,"href":"https:\/\/arantv.az\/index.php?rest_route=%2Fwp%2Fv2%2Fcomments&post=157507"}],"version-history":[{"count":0,"href":"https:\/\/arantv.az\/index.php?rest_route=\/wp\/v2\/posts\/157507\/revisions"}],"wp:featuredmedia":[{"embeddable":true,"href":"https:\/\/arantv.az\/index.php?rest_route=\/wp\/v2\/media\/157508"}],"wp:attachment":[{"href":"https:\/\/arantv.az\/index.php?rest_route=%2Fwp%2Fv2%2Fmedia&parent=157507"}],"wp:term":[{"taxonomy":"category","embeddable":true,"href":"https:\/\/arantv.az\/index.php?rest_route=%2Fwp%2Fv2%2Fcategories&post=157507"},{"taxonomy":"post_tag","embeddable":true,"href":"https:\/\/arantv.az\/index.php?rest_route=%2Fwp%2Fv2%2Ftags&post=157507"}],"curies":[{"name":"wp","href":"https:\/\/api.w.org\/{rel}","templated":true}]}}