{"id":157515,"date":"2020-05-01T16:25:25","date_gmt":"2020-05-01T13:25:25","guid":{"rendered":"http:\/\/arantv.az\/?p=157515"},"modified":"2020-05-01T16:25:25","modified_gmt":"2020-05-01T13:25:25","slug":"65-yasdan-yuxari-s%c9%99xsl%c9%99rin-evd%c9%99n-cixmasi-m%c9%99s%c9%99l%c9%99sin%c9%99-bu-tarixd%c9%99-baxilacaq","status":"publish","type":"post","link":"https:\/\/arantv.az\/?p=157515","title":{"rendered":"65 ya\u015fdan yuxar\u0131 \u015f\u0259xsl\u0259rin evd\u0259n \u00e7\u0131xmas\u0131 m\u0259s\u0259l\u0259sin\u0259 bu tarixd\u0259 bax\u0131lacaq"},"content":{"rendered":"<blockquote><p><em><strong>Haz\u0131rda 65 ya\u015fdan yuxar\u0131 \u015f\u0259xsl\u0259rin evd\u0259n \u00e7\u00f6l\u0259 \u00e7\u0131xmas\u0131 icaz\u0259si m\u0259s\u0259l\u0259sin\u0259 bax\u0131l\u0131r. May\u0131n 11-d\u0259n sonra 65 ya\u015fdan yuxar\u0131 \u015f\u0259xsl\u0259rin evd\u0259n \u00e7\u0131xmas\u0131 m\u0259s\u0259l\u0259sin\u0259 bax\u0131lacaq.<\/strong><\/em><\/p><\/blockquote>\n<p><strong>ARANTV.AZ<\/strong>\u00a0<a href=\"https:\/\/az.trend.az\/\" target=\"_blank\" rel=\"noopener\">Trend<\/a>-\u0259 istinad\u0259n x\u0259b\u0259r verir ki, bunu Nazirl\u0259r Kabinetinin m\u0259tbuat xidm\u0259tinin r\u0259hb\u0259ri \u0130brahim M\u0259mm\u0259dov brifinqd\u0259 \u00e7\u0131x\u0131\u015f\u0131 zaman\u0131 deyib.<\/p>\n<p>Onun s\u00f6zl\u0259rin\u0259 g\u00f6r\u0259, may\u0131n 11-d\u0259k \u00f6lk\u0259d\u0259ki v\u0259ziyy\u0259t qiym\u0259tl\u0259ndiril\u0259c\u0259k v\u0259 v\u0259ziyy\u0259td\u0259n as\u0131l\u0131 olaraq q\u0259rar veril\u0259c\u0259k:<\/p>\n<p>&#8220;May\u0131n 4-d\u0259n t\u0259tbiq edil\u0259n yum\u015fald\u0131lmaya ola bilsin ki may\u0131n 11-d\u0259 yenid\u0259n bax\u0131ls\u0131n v\u0259 h\u0259min m\u0259rh\u0259l\u0259d\u0259n sonra yum\u015fald\u0131lma haqq\u0131nda q\u0259rar q\u0259bul olunsun v\u0259 yaxud \u0259ksin\u0259. Situasiya diqq\u0259tl\u0259 izl\u0259n\u0259c\u0259k v\u0259 yum\u015fald\u0131lma bar\u0259d\u0259 q\u0259rar q\u0259bul olunacaq&#8221;.<\/p>\n","protected":false},"excerpt":{"rendered":"<p>Haz\u0131rda 65 ya\u015fdan yuxar\u0131 \u015f\u0259xsl\u0259rin evd\u0259n \u00e7\u00f6l\u0259 \u00e7\u0131xmas\u0131 icaz\u0259si m\u0259s\u0259l\u0259sin\u0259 bax\u0131l\u0131r. May\u0131n 11-d\u0259n sonra 65 ya\u015fdan yuxar\u0131 \u015f\u0259xsl\u0259rin evd\u0259n \u00e7\u0131xmas\u0131 m\u0259s\u0259l\u0259sin\u0259 bax\u0131lacaq. ARANTV.AZ\u00a0Trend-\u0259 istinad\u0259n x\u0259b\u0259r verir ki, bunu Nazirl\u0259r Kabinetinin m\u0259tbuat xidm\u0259tinin r\u0259hb\u0259ri \u0130brahim M\u0259mm\u0259dov brifinqd\u0259 \u00e7\u0131x\u0131\u015f\u0131 zaman\u0131 deyib. Onun s\u00f6zl\u0259rin\u0259 g\u00f6r\u0259, may\u0131n 11-d\u0259k \u00f6lk\u0259d\u0259ki v\u0259ziyy\u0259t qiym\u0259tl\u0259ndiril\u0259c\u0259k v\u0259 v\u0259ziyy\u0259td\u0259n as\u0131l\u0131 olaraq q\u0259rar veril\u0259c\u0259k: &#8220;May\u0131n 4-d\u0259n t\u0259tbiq edil\u0259n yum\u015fald\u0131lmaya ola bilsin ki may\u0131n 11-d\u0259 yenid\u0259n bax\u0131ls\u0131n v\u0259 h\u0259min m\u0259rh\u0259l\u0259d\u0259n sonra yum\u015fald\u0131lma haqq\u0131nda q\u0259rar q\u0259bul olunsun v\u0259 yaxud \u0259ksin\u0259. Situasiya diqq\u0259tl\u0259 izl\u0259n\u0259c\u0259k v\u0259 yum\u015fald\u0131lma bar\u0259d\u0259 q\u0259rar q\u0259bul olunacaq&#8221;.<\/p>\n","protected":false},"author":2,"featured_media":157516,"comment_status":"closed","ping_status":"closed","sticky":false,"template":"","format":"standard","meta":{"om_disable_all_campaigns":false,"_monsterinsights_skip_tracking":false,"_monsterinsights_sitenote_active":false,"_monsterinsights_sitenote_note":"","_monsterinsights_sitenote_category":0},"categories":[19],"tags":[],"aioseo_notices":[],"gutentor_comment":0,"rttpg_featured_image_url":{"full":["https:\/\/arantv.az\/wp-content\/uploads\/2020\/05\/yasli_insanlar_0124.jpg",800,600,false],"landscape":["https:\/\/arantv.az\/wp-content\/uploads\/2020\/05\/yasli_insanlar_0124.jpg",800,600,false],"portraits":["https:\/\/arantv.az\/wp-content\/uploads\/2020\/05\/yasli_insanlar_0124.jpg",800,600,false],"thumbnail":["https:\/\/arantv.az\/wp-content\/uploads\/2020\/05\/yasli_insanlar_0124-150x150.jpg",150,150,true],"medium":["https:\/\/arantv.az\/wp-content\/uploads\/2020\/05\/yasli_insanlar_0124-300x225.jpg",300,225,true],"large":["https:\/\/arantv.az\/wp-content\/uploads\/2020\/05\/yasli_insanlar_0124.jpg",640,480,false],"1536x1536":["https:\/\/arantv.az\/wp-content\/uploads\/2020\/05\/yasli_insanlar_0124.jpg",800,600,false],"2048x2048":["https:\/\/arantv.az\/wp-content\/uploads\/2020\/05\/yasli_insanlar_0124.jpg",800,600,false],"post-thumbnail":["https:\/\/arantv.az\/wp-content\/uploads\/2020\/05\/yasli_insanlar_0124-240x172.jpg",240,172,true],"advps-thumb-one":["https:\/\/arantv.az\/wp-content\/uploads\/2020\/05\/yasli_insanlar_0124.jpg",800,600,false]},"rttpg_author":{"display_name":"V\u00fcsal Rafiqo\u011flu","author_link":"https:\/\/arantv.az\/?author=2"},"rttpg_comment":0,"rttpg_category":"<a href=\"https:\/\/arantv.az\/?cat=19\" rel=\"category\">G\u00fcnd\u0259m<\/a>","rttpg_excerpt":"Haz\u0131rda 65 ya\u015fdan yuxar\u0131 \u015f\u0259xsl\u0259rin evd\u0259n \u00e7\u00f6l\u0259 \u00e7\u0131xmas\u0131 icaz\u0259si m\u0259s\u0259l\u0259sin\u0259 bax\u0131l\u0131r. May\u0131n 11-d\u0259n sonra 65 ya\u015fdan yuxar\u0131 \u015f\u0259xsl\u0259rin evd\u0259n \u00e7\u0131xmas\u0131 m\u0259s\u0259l\u0259sin\u0259 bax\u0131lacaq. ARANTV.AZ\u00a0Trend-\u0259 istinad\u0259n x\u0259b\u0259r verir ki, bunu Nazirl\u0259r Kabinetinin m\u0259tbuat xidm\u0259tinin r\u0259hb\u0259ri \u0130brahim M\u0259mm\u0259dov brifinqd\u0259 \u00e7\u0131x\u0131\u015f\u0131 zaman\u0131 deyib. Onun s\u00f6zl\u0259rin\u0259 g\u00f6r\u0259, may\u0131n 11-d\u0259k \u00f6lk\u0259d\u0259ki v\u0259ziyy\u0259t qiym\u0259tl\u0259ndiril\u0259c\u0259k v\u0259 v\u0259ziyy\u0259td\u0259n as\u0131l\u0131 olaraq q\u0259rar veril\u0259c\u0259k: &#8220;May\u0131n 4-d\u0259n&hellip;","_links":{"self":[{"href":"https:\/\/arantv.az\/index.php?rest_route=\/wp\/v2\/posts\/157515"}],"collection":[{"href":"https:\/\/arantv.az\/index.php?rest_route=\/wp\/v2\/posts"}],"about":[{"href":"https:\/\/arantv.az\/index.php?rest_route=\/wp\/v2\/types\/post"}],"author":[{"embeddable":true,"href":"https:\/\/arantv.az\/index.php?rest_route=\/wp\/v2\/users\/2"}],"replies":[{"embeddable":true,"href":"https:\/\/arantv.az\/index.php?rest_route=%2Fwp%2Fv2%2Fcomments&post=157515"}],"version-history":[{"count":0,"href":"https:\/\/arantv.az\/index.php?rest_route=\/wp\/v2\/posts\/157515\/revisions"}],"wp:featuredmedia":[{"embeddable":true,"href":"https:\/\/arantv.az\/index.php?rest_route=\/wp\/v2\/media\/157516"}],"wp:attachment":[{"href":"https:\/\/arantv.az\/index.php?rest_route=%2Fwp%2Fv2%2Fmedia&parent=157515"}],"wp:term":[{"taxonomy":"category","embeddable":true,"href":"https:\/\/arantv.az\/index.php?rest_route=%2Fwp%2Fv2%2Fcategories&post=157515"},{"taxonomy":"post_tag","embeddable":true,"href":"https:\/\/arantv.az\/index.php?rest_route=%2Fwp%2Fv2%2Ftags&post=157515"}],"curies":[{"name":"wp","href":"https:\/\/api.w.org\/{rel}","templated":true}]}}