{"id":157545,"date":"2020-05-01T19:43:10","date_gmt":"2020-05-01T16:43:10","guid":{"rendered":"http:\/\/arantv.az\/?p=157545"},"modified":"2020-05-01T20:06:21","modified_gmt":"2020-05-01T17:06:21","slug":"157545","status":"publish","type":"post","link":"https:\/\/arantv.az\/?p=157545","title":{"rendered":"&#8220;Karantin rejimin\u0259 \u0259m\u0259l etm\u0259s\u0259k, x\u0259st\u0259liy\u0259 yoluxma say\u0131n\u0131n artmas\u0131 il\u0259 \u00fcz-\u00fcz\u0259 qalaca\u011f\u0131q&#8221;"},"content":{"rendered":"<p>&#8220;M\u0259lum oldu\u011fu kimi, pandemiya il\u0259 \u0259laq\u0259dar olaraq \u00f6lk\u0259mizd\u0259 mart\u0131n 24-d\u0259n x\u00fcsusi karantin rejimi t\u0259tbiq edilib v\u0259 x\u0259st\u0259liyin yay\u0131lmas\u0131n\u0131n qar\u015f\u0131s\u0131n\u0131n al\u0131nmas\u0131 istiqam\u0259tind\u0259 m\u00fch\u00fcm add\u0131mlar at\u0131l\u0131b. Bu istiqam\u0259td\u0259 m\u00fcsb\u0259t n\u0259tic\u0259l\u0259r \u0259ld\u0259 olunandan sonra, aprelin 27-d\u0259n karantin rejiminin qism\u0259n yum\u015fald\u0131lmas\u0131na q\u0259rar verildi. Bununla bel\u0259, karantin rejiminin qaydalar\u0131ndan sui-istifad\u0259 hallar\u0131na da rast g\u0259linir. Bu is\u0259 pandemiyan\u0131n ikinci dal\u011fas\u0131n\u0131n ba\u015f verm\u0259si il\u0259 n\u0259tic\u0259l\u0259n\u0259 bil\u0259r. Buna g\u00f6r\u0259 d\u0259 v\u0259t\u0259nda\u015flar pandemiya d\u00f6vr\u00fcnd\u0259 karantin rejiminin qaydalar\u0131na ciddi \u0259m\u0259l etm\u0259lidirl\u0259r&#8221;.<\/p>\n<p><strong>ARANTV.AZ<\/strong> bildirir ki, bu bar\u0259d\u0259\u00a0<a href=\"http:\/\/azertag.az\/\" target=\"_blank\" rel=\"noopener\">AZ\u018fRTAC<\/a>-a a\u00e7\u0131qlama ver\u0259n Milli M\u0259clisin deputat\u0131 \u015eahin Seyidzad\u0259 deyib ki, statistik g\u00f6st\u0259ricil\u0259r, epidemiyan\u0131n yay\u0131lmas\u0131n\u0131n qar\u015f\u0131s\u0131n\u0131n al\u0131nmas\u0131nda \u0259ld\u0259 olunan n\u0259tic\u0259l\u0259rin t\u0259hlili, virusun yay\u0131lma v\u0259 yoluxanlar\u0131n sa\u011falmas\u0131 tempinin m\u00fc\u015fahid\u0259 edilm\u0259si v\u0259 dig\u0259r istiqam\u0259tl\u0259r\u0259 dair t\u0259hlill\u0259rin davaml\u0131 apar\u0131lmas\u0131 \u00e7ox vacibdir: &#8220;N\u00f6vb\u0259ti add\u0131mlar b\u0259zi sah\u0259l\u0259rd\u0259 yum\u015falman\u0131n, b\u0259zi sah\u0259 v\u0259 istiqam\u0259tl\u0259rd\u0259 m\u00f6vcud v\u0259ziyy\u0259tin saxlan\u0131lmas\u0131 v\u0259 yaxud h\u0259r hans\u0131 istiqam\u0259tl\u0259r \u00fczr\u0259 qaydalar\u0131n s\u0259rtl\u0259\u015fm\u0259si olaraq ba\u015f tuta bil\u0259r. Q\u0259rarlar m\u00fcxt\u0259lif ola bil\u0259r. Onlar\u0131n \u0259traf\u0131nda diskussiya v\u0259 fikir m\u00fcbadil\u0259si apara bil\u0259rik. Lakin m\u00fczakir\u0259 olunmayan bir d\u0259y\u0259r var, karantin rejiminin \u0259sas d\u0259y\u0259ri &#8211; o da insanlar\u0131n sa\u011flaml\u0131\u011f\u0131 v\u0259 t\u0259hl\u00fck\u0259sizliyidir. \u0130nsan sa\u011flaml\u0131\u011f\u0131na h\u0259r hans\u0131 bir t\u0259hl\u00fck\u0259 varsa, onu he\u00e7 bir maddi v\u0259 qeyri-maddi g\u00f6st\u0259rici il\u0259 \u00f6l\u00e7\u00fcl\u0259n v\u0259ziyy\u0259t\u0259 qurban verm\u0259k olmaz.<\/p>\n<p>Bilirsiniz ki, h\u00f6kum\u0259t v\u0259 v\u0259t\u0259nda\u015flar qar\u015f\u0131l\u0131ql\u0131 m\u0259suliyy\u0259t v\u0259 \u00f6hd\u0259lik m\u00fcnasib\u0259tind\u0259dir. \u00c7ox xo\u015fdur ki, v\u0259t\u0259nda\u015flar\u0131m\u0131z q\u0259bul edil\u0259n q\u0259rarlar\u0131 anlay\u0131r v\u0259 \u0259m\u0259l edirl\u0259r. H\u00f6kum\u0259t qanun \u00e7\u0259r\u00e7iv\u0259sind\u0259 v\u0259 yaxud t\u00f6vsiy\u0259 \u0259sas\u0131nda m\u00fcxt\u0259lif qaydalara riay\u0259t edilm\u0259sin\u0259 \u00e7a\u011f\u0131r\u0131\u015f edir. \u018fg\u0259r d\u00f6vl\u0259t v\u0259t\u0259nda\u015f\u0131n sa\u011flaml\u0131\u011f\u0131n\u0131 qorumaq namin\u0259 add\u0131mlar at\u0131rsa, o zaman h\u0259r bir v\u0259t\u0259nda\u015f h\u0259m h\u00fcquqi, h\u0259m d\u0259 h\u0259yati v\u0259rdi\u015fl\u0259r\u0259 \u0259saslanan bu qaydalara riay\u0259t etm\u0259k \u00f6hd\u0259liyini \u00f6z \u00fcz\u0259rin\u0259 g\u00f6t\u00fcrm\u0259lidir. Y\u0259ni v\u0259t\u0259nda\u015flar\u0131n sa\u011flaml\u0131\u011f\u0131 il\u0259 ba\u011fl\u0131 h\u00f6kum\u0259t m\u0259suliyy\u0259t da\u015f\u0131y\u0131rsa, o zaman sa\u011flaml\u0131\u011f\u0131n qorunmas\u0131n\u0131n \u00f6hd\u0259liyi v\u0259t\u0259nda\u015flar\u0131n \u00f6z\u00fcnd\u0259dir. Y\u0259ni v\u0259t\u0259nda\u015flar b\u00fct\u00fcn prosesl\u0259r\u0259 m\u0259suliyy\u0259tl\u0259 yana\u015fmal\u0131, sa\u011flaml\u0131\u011f\u0131n\u0131n qorunmas\u0131 \u00fc\u00e7\u00fcn m\u0259suliyy\u0259t da\u015f\u0131yan h\u00f6kum\u0259tin t\u00f6vsiy\u0259 v\u0259 qaydalar\u0131na \u0259m\u0259l etm\u0259kl\u0259 \u00f6hd\u0259liyi anlamal\u0131d\u0131r. \u018fks halda, karantin rejimin\u0259 \u0259m\u0259l etm\u0259s\u0259k, x\u0259st\u0259liy\u0259 yoluxma say\u0131n\u0131n artmas\u0131 il\u0259 \u00fcz-\u00fcz\u0259 qalaca\u011f\u0131q&#8221;.<\/p>\n","protected":false},"excerpt":{"rendered":"<p>&#8220;M\u0259lum oldu\u011fu kimi, pandemiya il\u0259 \u0259laq\u0259dar olaraq \u00f6lk\u0259mizd\u0259 mart\u0131n 24-d\u0259n x\u00fcsusi karantin rejimi t\u0259tbiq edilib v\u0259 x\u0259st\u0259liyin yay\u0131lmas\u0131n\u0131n qar\u015f\u0131s\u0131n\u0131n al\u0131nmas\u0131 istiqam\u0259tind\u0259 m\u00fch\u00fcm add\u0131mlar at\u0131l\u0131b. Bu istiqam\u0259td\u0259 m\u00fcsb\u0259t n\u0259tic\u0259l\u0259r \u0259ld\u0259 olunandan sonra, aprelin 27-d\u0259n karantin rejiminin qism\u0259n yum\u015fald\u0131lmas\u0131na q\u0259rar verildi. Bununla bel\u0259, karantin rejiminin qaydalar\u0131ndan sui-istifad\u0259 hallar\u0131na da rast g\u0259linir. Bu is\u0259 pandemiyan\u0131n ikinci dal\u011fas\u0131n\u0131n ba\u015f verm\u0259si il\u0259 n\u0259tic\u0259l\u0259n\u0259 bil\u0259r. Buna g\u00f6r\u0259 d\u0259 v\u0259t\u0259nda\u015flar pandemiya d\u00f6vr\u00fcnd\u0259 karantin rejiminin qaydalar\u0131na ciddi \u0259m\u0259l etm\u0259lidirl\u0259r&#8221;. ARANTV.AZ bildirir ki, bu bar\u0259d\u0259\u00a0AZ\u018fRTAC-a a\u00e7\u0131qlama ver\u0259n Milli M\u0259clisin deputat\u0131 \u015eahin Seyidzad\u0259 deyib ki, statistik g\u00f6st\u0259ricil\u0259r, epidemiyan\u0131n yay\u0131lmas\u0131n\u0131n qar\u015f\u0131s\u0131n\u0131n&hellip;<\/p>\n","protected":false},"author":2,"featured_media":157548,"comment_status":"closed","ping_status":"closed","sticky":false,"template":"","format":"standard","meta":{"om_disable_all_campaigns":false,"_monsterinsights_skip_tracking":false,"_monsterinsights_sitenote_active":false,"_monsterinsights_sitenote_note":"","_monsterinsights_sitenote_category":0},"categories":[19],"tags":[],"aioseo_notices":[],"gutentor_comment":0,"rttpg_featured_image_url":{"full":["https:\/\/arantv.az\/wp-content\/uploads\/2020\/05\/846870.jpg",800,600,false],"landscape":["https:\/\/arantv.az\/wp-content\/uploads\/2020\/05\/846870.jpg",800,600,false],"portraits":["https:\/\/arantv.az\/wp-content\/uploads\/2020\/05\/846870.jpg",800,600,false],"thumbnail":["https:\/\/arantv.az\/wp-content\/uploads\/2020\/05\/846870-150x150.jpg",150,150,true],"medium":["https:\/\/arantv.az\/wp-content\/uploads\/2020\/05\/846870-300x225.jpg",300,225,true],"large":["https:\/\/arantv.az\/wp-content\/uploads\/2020\/05\/846870.jpg",640,480,false],"1536x1536":["https:\/\/arantv.az\/wp-content\/uploads\/2020\/05\/846870.jpg",800,600,false],"2048x2048":["https:\/\/arantv.az\/wp-content\/uploads\/2020\/05\/846870.jpg",800,600,false],"post-thumbnail":["https:\/\/arantv.az\/wp-content\/uploads\/2020\/05\/846870-240x172.jpg",240,172,true],"advps-thumb-one":["https:\/\/arantv.az\/wp-content\/uploads\/2020\/05\/846870.jpg",800,600,false]},"rttpg_author":{"display_name":"V\u00fcsal Rafiqo\u011flu","author_link":"https:\/\/arantv.az\/?author=2"},"rttpg_comment":0,"rttpg_category":"<a href=\"https:\/\/arantv.az\/?cat=19\" rel=\"category\">G\u00fcnd\u0259m<\/a>","rttpg_excerpt":"&#8220;M\u0259lum oldu\u011fu kimi, pandemiya il\u0259 \u0259laq\u0259dar olaraq \u00f6lk\u0259mizd\u0259 mart\u0131n 24-d\u0259n x\u00fcsusi karantin rejimi t\u0259tbiq edilib v\u0259 x\u0259st\u0259liyin yay\u0131lmas\u0131n\u0131n qar\u015f\u0131s\u0131n\u0131n al\u0131nmas\u0131 istiqam\u0259tind\u0259 m\u00fch\u00fcm add\u0131mlar at\u0131l\u0131b. Bu istiqam\u0259td\u0259 m\u00fcsb\u0259t n\u0259tic\u0259l\u0259r \u0259ld\u0259 olunandan sonra, aprelin 27-d\u0259n karantin rejiminin qism\u0259n yum\u015fald\u0131lmas\u0131na q\u0259rar verildi. Bununla bel\u0259, karantin rejiminin qaydalar\u0131ndan sui-istifad\u0259 hallar\u0131na da rast g\u0259linir. Bu is\u0259 pandemiyan\u0131n ikinci dal\u011fas\u0131n\u0131n ba\u015f&hellip;","_links":{"self":[{"href":"https:\/\/arantv.az\/index.php?rest_route=\/wp\/v2\/posts\/157545"}],"collection":[{"href":"https:\/\/arantv.az\/index.php?rest_route=\/wp\/v2\/posts"}],"about":[{"href":"https:\/\/arantv.az\/index.php?rest_route=\/wp\/v2\/types\/post"}],"author":[{"embeddable":true,"href":"https:\/\/arantv.az\/index.php?rest_route=\/wp\/v2\/users\/2"}],"replies":[{"embeddable":true,"href":"https:\/\/arantv.az\/index.php?rest_route=%2Fwp%2Fv2%2Fcomments&post=157545"}],"version-history":[{"count":0,"href":"https:\/\/arantv.az\/index.php?rest_route=\/wp\/v2\/posts\/157545\/revisions"}],"wp:featuredmedia":[{"embeddable":true,"href":"https:\/\/arantv.az\/index.php?rest_route=\/wp\/v2\/media\/157548"}],"wp:attachment":[{"href":"https:\/\/arantv.az\/index.php?rest_route=%2Fwp%2Fv2%2Fmedia&parent=157545"}],"wp:term":[{"taxonomy":"category","embeddable":true,"href":"https:\/\/arantv.az\/index.php?rest_route=%2Fwp%2Fv2%2Fcategories&post=157545"},{"taxonomy":"post_tag","embeddable":true,"href":"https:\/\/arantv.az\/index.php?rest_route=%2Fwp%2Fv2%2Ftags&post=157545"}],"curies":[{"name":"wp","href":"https:\/\/api.w.org\/{rel}","templated":true}]}}