{"id":157552,"date":"2020-05-01T19:44:09","date_gmt":"2020-05-01T16:44:09","guid":{"rendered":"http:\/\/arantv.az\/?p=157552"},"modified":"2020-05-01T19:44:09","modified_gmt":"2020-05-01T16:44:09","slug":"q%c9%99nir%c9%99-pasayeva-koronavirusla-bagli-t%c9%99hluk%c9%99nin-azalmasi-da-artmasi-da-v%c9%99t%c9%99ndasin-davranisindan-asilidir","status":"publish","type":"post","link":"https:\/\/arantv.az\/?p=157552","title":{"rendered":"Q\u0259nir\u0259 Pa\u015fayeva: Koronavirusla ba\u011fl\u0131 t\u0259hl\u00fck\u0259nin azalmas\u0131 da, artmas\u0131 da v\u0259t\u0259nda\u015f\u0131n davran\u0131\u015f\u0131ndan as\u0131l\u0131d\u0131r"},"content":{"rendered":"<p>&#8220;Az\u0259rbaycan Prezidenti \u0130lham \u018fliyev &#8220;Yeni klinika&#8221;n\u0131n a\u00e7\u0131l\u0131\u015f\u0131nda xalq\u0131m\u0131za s\u0259sl\u0259n\u0259r\u0259k &#8220;Biz birlikd\u0259 g\u00fccl\u00fcy\u00fck&#8221; \u00e7a\u011f\u0131r\u0131\u015f\u0131n\u0131 edib. D\u00f6vl\u0259timizin ba\u015f\u00e7\u0131s\u0131 qeyd edib ki, koronavirus pandemiyas\u0131 \u00f6lk\u0259nin iqtisadiyyat\u0131na ciddi ziyan vurur, amma bizim \u00fc\u00e7\u00fcn \u0259n \u00fcmd\u0259 m\u0259s\u0259l\u0259 insanlar\u0131n sa\u011flaml\u0131\u011f\u0131d\u0131r. G\u00f6rd\u00fcy\u00fcm\u00fcz kimi, Prezident v\u0259t\u0259nda\u015flar\u0131n sa\u011flaml\u0131\u011f\u0131na b\u00f6y\u00fck \u00f6n\u0259m verir v\u0259 bununla ba\u011fl\u0131 q\u0259tiyy\u0259tli add\u0131mlar at\u0131r. Bunun qar\u015f\u0131l\u0131\u011f\u0131nda h\u0259r bir v\u0259t\u0259nda\u015f\u0131m\u0131z \u00f6z m\u0259suliyy\u0259tini d\u0259rk etm\u0259li, \u00f6z\u00fcn\u00fcn, ail\u0259 \u00fczvl\u0259rinin, yax\u0131nlar\u0131n\u0131n v\u0259 \u0259n \u0259sas\u0131, c\u0259miyy\u0259tin sa\u011flaml\u0131\u011f\u0131 \u00fc\u00e7\u00fcn \u00f6z\u00fcn\u00fct\u0259crid, sanitariya qaydalar\u0131na \u0259m\u0259l etm\u0259lidir. D\u00f6vl\u0259tin v\u0259 xalq\u0131n h\u0259mr\u0259yliyi biz\u0259 koronavirusla m\u00fcbariz\u0259 istiqam\u0259tind\u0259 dig\u0259r \u00f6lk\u0259l\u0259r\u0259 n\u00fcmun\u0259 olma\u011fa imkan verdi. H\u0259mr\u0259yliyimiz, birliyimiz olmasayd\u0131 m\u00fcsb\u0259t n\u0259tic\u0259l\u0259r \u0259ld\u0259 ed\u0259 bilm\u0259zdik&#8221;.<\/p>\n<p><strong>ARANTV.AZ<\/strong> bildirir ki, bu fikirl\u0259ri\u00a0<a href=\"http:\/\/azertag.az\/\" target=\"_blank\" rel=\"noopener\">AZ\u018fRTAC<\/a>-a a\u00e7\u0131qlamas\u0131nda Milli M\u0259clisin M\u0259d\u0259niyy\u0259t komit\u0259sinin s\u0259dri Q\u0259nir\u0259 Pa\u015fayeva s\u00f6yl\u0259yib.<\/p>\n<p>Komit\u0259 s\u0259dri diqq\u0259t\u0259 \u00e7atd\u0131r\u0131b ki, Az\u0259rbaycan virusun geni\u015f yay\u0131ld\u0131\u011f\u0131 \u00f6lk\u0259l\u0259rd\u0259n, h\u0259tta inki\u015faf etmi\u015f Avropa \u00f6lk\u0259l\u0259rind\u0259n bel\u0259 f\u0259rql\u0259ndi. H\u0259min \u00f6lk\u0259l\u0259rd\u0259 iqtisadiyyat v\u0259 s\u0259hiyy\u0259 b\u00f6hran\u0131n\u0131n ya\u015fand\u0131\u011f\u0131n\u0131 diqq\u0259t\u0259 \u00e7atd\u0131ran deputat bildirib ki, statistikaya g\u00f6r\u0259, \u00f6lk\u0259mizd\u0259 yoluxma, \u00f6l\u00fcm say\u0131 d\u00fcnyan\u0131n \u0259ks\u0259r \u00f6lk\u0259l\u0259ri il\u0259 m\u00fcqayis\u0259d\u0259 \u00e7ox azd\u0131r. O, sa\u011falma faizinin d\u0259 y\u00fcks\u0259k olmas\u0131n\u0131n \u00e7ox m\u00fcsb\u0259t hal oldu\u011funu vur\u011fulay\u0131b.<\/p>\n<p>Q.Pa\u015fayeva deyib ki, d\u00f6vl\u0259timiz m\u0259hz bu m\u00fcsb\u0259t keyfiyy\u0259tl\u0259ri n\u0259z\u0259r\u0259 alaraq karantin rejiminin qaydalar\u0131n\u0131n yum\u015fald\u0131lmas\u0131 il\u0259 ba\u011fl\u0131 q\u0259rar verdi. M\u0259qs\u0259d t\u0259bii ki, insanlar\u0131n i\u015fl\u0259y\u0259 bilm\u0259si v\u0259 iqtisadiyyat\u0131n dir\u00e7\u0259ldilm\u0259sidir. \u018fg\u0259r h\u0259r bir Az\u0259rbaycan v\u0259t\u0259nda\u015f\u0131 \u00fcz\u0259rin\u0259 d\u00fc\u015f\u0259n m\u0259suliyy\u0259ti ba\u015fa d\u00fc\u015f\u0259r\u0259k \u00f6z v\u0259zif\u0259sini yerin\u0259 yetirs\u0259, h\u00f6kum\u0259t add\u0131m-add\u0131m v\u0259 u\u011furla yum\u015fald\u0131lma prosesin\u0259 davam ed\u0259 bil\u0259r. Bu s\u0259b\u0259bd\u0259n indiki v\u0259ziyy\u0259td\u0259 h\u0259r \u015fey insanlara ba\u011fl\u0131d\u0131r. Y\u0259ni m\u0259hdudiyy\u0259tl\u0259r g\u00f6t\u00fcr\u00fcls\u0259 bel\u0259, insanlar profilaktik t\u0259dbirl\u0259r\u0259, sanitar normalara uy\u011fun davranmasa yoluxma hallar\u0131 \u00e7oxala bil\u0259r. \u015e\u00fcbh\u0259siz ki, x\u0259st\u0259liyin d\u0259rman\u0131 tap\u0131lmayana q\u0259d\u0259r ikinci, h\u0259tta \u00fc\u00e7\u00fcnc\u00fc dal\u011fan\u0131n ola bil\u0259c\u0259yi istisna deyil.<\/p>\n<p>&#8220;Tibb t\u0259hsili alm\u0131\u015f v\u0259 uzun m\u00fcdd\u0259t Milli M\u0259clisin S\u0259hiyy\u0259 komit\u0259sind\u0259 \u00e7al\u0131\u015fm\u0131\u015f bir insan kimi dey\u0259 bil\u0259r\u0259m ki, pandemiyan\u0131n hans\u0131 ayda v\u0259 yaxud n\u0259 vaxt bit\u0259c\u0259yini d\u00fcnyan\u0131n \u0259n g\u00fccl\u00fc tibb m\u00fct\u0259x\u0259ssisl\u0259ri v\u0259 \u00dcmumd\u00fcnya S\u0259hiyy\u0259 T\u0259\u015fkilat\u0131 bel\u0259 cavab ver\u0259 bilm\u0259kd\u0259 acizdir. \u015e\u00fck\u00fcrl\u0259r olsun ki, bizd\u0259 v\u0259ziyy\u0259t ac\u0131nacaql\u0131 deyil. Amma buna baxmayaraq, son d\u0259r\u0259c\u0259 diqq\u0259tli olmal\u0131, gigiyena qaydalar\u0131na daha ciddi riay\u0259t etm\u0259liyik. Maarifl\u0259ndirici materiallar\u0131n say\u0131 \u00e7oxald\u0131lmal\u0131, yeni video\u00e7arxlar haz\u0131rlanmal\u0131d\u0131r. Bir s\u00f6zl\u0259, \u00f6z\u00fcn\u00fct\u0259crid, &#8220;Evd\u0259 qal!&#8221; kampaniyas\u0131 davam etdirilm\u0259lidir. Riskli ya\u015f qrupuna aid v\u0259t\u0259nda\u015flar \u00f6zl\u0259rini qorumal\u0131d\u0131r.<\/p>\n<div>\n<div id=\"AdviadNativeVideo0\" class=\"AdviadNativeVideo\"><\/div>\n<\/div>\n<p>Komit\u0259 s\u0259dri bir daha vur\u011fulay\u0131b ki, d\u00f6vl\u0259tin atd\u0131\u011f\u0131 add\u0131mlar, o c\u00fcml\u0259d\u0259n \u00f6z\u00fcn\u00fct\u0259crid, &#8220;Evd\u0259 qal&#8221; t\u0259dbirl\u0259ri yaln\u0131z v\u0259 yaln\u0131z v\u0259t\u0259nda\u015f\u0131n sa\u011flaml\u0131\u011f\u0131n\u0131n qorunmas\u0131 \u00fc\u00e7\u00fcnd\u00fcr. O bildirib ki, insanlar SMS vasit\u0259sil\u0259 yaln\u0131z z\u0259ruri hallarda evd\u0259n \u00e7\u0131xmal\u0131d\u0131rlar. Evd\u0259n \u00e7\u0131xanda da maska v\u0259 \u0259lc\u0259kl\u0259rd\u0259n istifad\u0259 olunmal\u0131, m\u0259saf\u0259 g\u00f6zl\u0259nilm\u0259lidir. K\u00fctl\u0259vi toplant\u0131lara yol verm\u0259k haz\u0131rk\u0131 v\u0259ziyy\u0259td\u0259 yolverilm\u0259zdir v\u0259 c\u0259miyy\u0259t \u00fc\u00e7\u00fcn t\u0259hl\u00fck\u0259 m\u0259nb\u0259yin\u0259 \u00e7evril\u0259 bil\u0259r. &#8220;\u018fg\u0259r biz qaydalara \u0259m\u0259l ets\u0259k, karantin rejiminin m\u0259rh\u0259l\u0259l\u0259rl\u0259 yum\u015fald\u0131lmas\u0131 m\u00fcmk\u00fcnd\u00fcr. \u018fks t\u0259qdird\u0259 qaydalar yenid\u0259n s\u0259rtl\u0259\u015fdiril\u0259 bil\u0259r. G\u0259lin, bu \u015f\u0259raitd\u0259 biz\u0259 n\u0259 t\u00f6vsiy\u0259 edilirs\u0259, ham\u0131s\u0131na \u0259m\u0259l ed\u0259k, qaydalara laqeyd yana\u015fmayaq. T\u0259hl\u00fck\u0259 h\u0259l\u0259 sovu\u015fmay\u0131b v\u0259 bu t\u0259hl\u00fck\u0259nin azalmas\u0131 da, artmas\u0131 da bizim \u00f6z \u0259limizd\u0259dir. \u018fg\u0259r qaydalara \u0259m\u0259l edilm\u0259s\u0259, yoluxma v\u0259 \u00f6l\u00fcm say\u0131 arta bil\u0259r. Haz\u0131rk\u0131 v\u0259ziyy\u0259td\u0259 h\u0259r bir v\u0259t\u0259nda\u015f &#8220;m\u0259n&#8221; yox, &#8220;biz&#8221; dem\u0259y\u0259 borcludur. Bu, v\u0259t\u0259nda\u015f m\u0259suliyy\u0259ti dem\u0259kdir.<\/p>\n<p>&#8220;M\u0259n bu \u00e7\u0259tin g\u00fcnl\u0259rd\u0259 \u0259sl q\u0259hr\u0259manl\u0131q g\u00f6st\u0259r\u0259n Az\u0259rbaycan h\u0259kiml\u0259rin\u0259 f\u0259dakar xidm\u0259tl\u0259rin\u0259 g\u00f6r\u0259 t\u0259\u015f\u0259kk\u00fcr edir\u0259m. H\u0259yat\u0131n\u0131 t\u0259hl\u00fck\u0259y\u0259 atan h\u00fcquq m\u00fchafiz\u0259 orqanlar\u0131n\u0131n n\u00fcmay\u0259nd\u0259l\u0259rin\u0259 minn\u0259tdarl\u0131\u011f\u0131m\u0131 bildirir\u0259m. Biz birlikd\u0259 g\u00fccl\u00fcy\u00fck!&#8221;, &#8211; dey\u0259 Q.Pa\u015fayeva bildirib.<\/p>\n","protected":false},"excerpt":{"rendered":"<p>&#8220;Az\u0259rbaycan Prezidenti \u0130lham \u018fliyev &#8220;Yeni klinika&#8221;n\u0131n a\u00e7\u0131l\u0131\u015f\u0131nda xalq\u0131m\u0131za s\u0259sl\u0259n\u0259r\u0259k &#8220;Biz birlikd\u0259 g\u00fccl\u00fcy\u00fck&#8221; \u00e7a\u011f\u0131r\u0131\u015f\u0131n\u0131 edib. D\u00f6vl\u0259timizin ba\u015f\u00e7\u0131s\u0131 qeyd edib ki, koronavirus pandemiyas\u0131 \u00f6lk\u0259nin iqtisadiyyat\u0131na ciddi ziyan vurur, amma bizim \u00fc\u00e7\u00fcn \u0259n \u00fcmd\u0259 m\u0259s\u0259l\u0259 insanlar\u0131n sa\u011flaml\u0131\u011f\u0131d\u0131r. G\u00f6rd\u00fcy\u00fcm\u00fcz kimi, Prezident v\u0259t\u0259nda\u015flar\u0131n sa\u011flaml\u0131\u011f\u0131na b\u00f6y\u00fck \u00f6n\u0259m verir v\u0259 bununla ba\u011fl\u0131 q\u0259tiyy\u0259tli add\u0131mlar at\u0131r. Bunun qar\u015f\u0131l\u0131\u011f\u0131nda h\u0259r bir v\u0259t\u0259nda\u015f\u0131m\u0131z \u00f6z m\u0259suliyy\u0259tini d\u0259rk etm\u0259li, \u00f6z\u00fcn\u00fcn, ail\u0259 \u00fczvl\u0259rinin, yax\u0131nlar\u0131n\u0131n v\u0259 \u0259n \u0259sas\u0131, c\u0259miyy\u0259tin sa\u011flaml\u0131\u011f\u0131 \u00fc\u00e7\u00fcn \u00f6z\u00fcn\u00fct\u0259crid, sanitariya qaydalar\u0131na \u0259m\u0259l etm\u0259lidir. D\u00f6vl\u0259tin v\u0259 xalq\u0131n h\u0259mr\u0259yliyi biz\u0259 koronavirusla m\u00fcbariz\u0259 istiqam\u0259tind\u0259 dig\u0259r \u00f6lk\u0259l\u0259r\u0259 n\u00fcmun\u0259 olma\u011fa imkan verdi. H\u0259mr\u0259yliyimiz, birliyimiz olmasayd\u0131 m\u00fcsb\u0259t&hellip;<\/p>\n","protected":false},"author":2,"featured_media":157554,"comment_status":"closed","ping_status":"closed","sticky":false,"template":"","format":"standard","meta":{"om_disable_all_campaigns":false,"_monsterinsights_skip_tracking":false,"_monsterinsights_sitenote_active":false,"_monsterinsights_sitenote_note":"","_monsterinsights_sitenote_category":0},"categories":[19],"tags":[],"aioseo_notices":[],"gutentor_comment":0,"rttpg_featured_image_url":{"full":["https:\/\/arantv.az\/wp-content\/uploads\/2020\/05\/846868.jpg",800,600,false],"landscape":["https:\/\/arantv.az\/wp-content\/uploads\/2020\/05\/846868.jpg",800,600,false],"portraits":["https:\/\/arantv.az\/wp-content\/uploads\/2020\/05\/846868.jpg",800,600,false],"thumbnail":["https:\/\/arantv.az\/wp-content\/uploads\/2020\/05\/846868-150x150.jpg",150,150,true],"medium":["https:\/\/arantv.az\/wp-content\/uploads\/2020\/05\/846868-300x225.jpg",300,225,true],"large":["https:\/\/arantv.az\/wp-content\/uploads\/2020\/05\/846868.jpg",640,480,false],"1536x1536":["https:\/\/arantv.az\/wp-content\/uploads\/2020\/05\/846868.jpg",800,600,false],"2048x2048":["https:\/\/arantv.az\/wp-content\/uploads\/2020\/05\/846868.jpg",800,600,false],"post-thumbnail":["https:\/\/arantv.az\/wp-content\/uploads\/2020\/05\/846868-240x172.jpg",240,172,true],"advps-thumb-one":["https:\/\/arantv.az\/wp-content\/uploads\/2020\/05\/846868.jpg",800,600,false]},"rttpg_author":{"display_name":"V\u00fcsal Rafiqo\u011flu","author_link":"https:\/\/arantv.az\/?author=2"},"rttpg_comment":0,"rttpg_category":"<a href=\"https:\/\/arantv.az\/?cat=19\" rel=\"category\">G\u00fcnd\u0259m<\/a>","rttpg_excerpt":"&#8220;Az\u0259rbaycan Prezidenti \u0130lham \u018fliyev &#8220;Yeni klinika&#8221;n\u0131n a\u00e7\u0131l\u0131\u015f\u0131nda xalq\u0131m\u0131za s\u0259sl\u0259n\u0259r\u0259k &#8220;Biz birlikd\u0259 g\u00fccl\u00fcy\u00fck&#8221; \u00e7a\u011f\u0131r\u0131\u015f\u0131n\u0131 edib. D\u00f6vl\u0259timizin ba\u015f\u00e7\u0131s\u0131 qeyd edib ki, koronavirus pandemiyas\u0131 \u00f6lk\u0259nin iqtisadiyyat\u0131na ciddi ziyan vurur, amma bizim \u00fc\u00e7\u00fcn \u0259n \u00fcmd\u0259 m\u0259s\u0259l\u0259 insanlar\u0131n sa\u011flaml\u0131\u011f\u0131d\u0131r. G\u00f6rd\u00fcy\u00fcm\u00fcz kimi, Prezident v\u0259t\u0259nda\u015flar\u0131n sa\u011flaml\u0131\u011f\u0131na b\u00f6y\u00fck \u00f6n\u0259m verir v\u0259 bununla ba\u011fl\u0131 q\u0259tiyy\u0259tli add\u0131mlar at\u0131r. Bunun qar\u015f\u0131l\u0131\u011f\u0131nda h\u0259r bir v\u0259t\u0259nda\u015f\u0131m\u0131z \u00f6z m\u0259suliyy\u0259tini&hellip;","_links":{"self":[{"href":"https:\/\/arantv.az\/index.php?rest_route=\/wp\/v2\/posts\/157552"}],"collection":[{"href":"https:\/\/arantv.az\/index.php?rest_route=\/wp\/v2\/posts"}],"about":[{"href":"https:\/\/arantv.az\/index.php?rest_route=\/wp\/v2\/types\/post"}],"author":[{"embeddable":true,"href":"https:\/\/arantv.az\/index.php?rest_route=\/wp\/v2\/users\/2"}],"replies":[{"embeddable":true,"href":"https:\/\/arantv.az\/index.php?rest_route=%2Fwp%2Fv2%2Fcomments&post=157552"}],"version-history":[{"count":0,"href":"https:\/\/arantv.az\/index.php?rest_route=\/wp\/v2\/posts\/157552\/revisions"}],"wp:featuredmedia":[{"embeddable":true,"href":"https:\/\/arantv.az\/index.php?rest_route=\/wp\/v2\/media\/157554"}],"wp:attachment":[{"href":"https:\/\/arantv.az\/index.php?rest_route=%2Fwp%2Fv2%2Fmedia&parent=157552"}],"wp:term":[{"taxonomy":"category","embeddable":true,"href":"https:\/\/arantv.az\/index.php?rest_route=%2Fwp%2Fv2%2Fcategories&post=157552"},{"taxonomy":"post_tag","embeddable":true,"href":"https:\/\/arantv.az\/index.php?rest_route=%2Fwp%2Fv2%2Ftags&post=157552"}],"curies":[{"name":"wp","href":"https:\/\/api.w.org\/{rel}","templated":true}]}}