{"id":157561,"date":"2020-05-01T20:07:47","date_gmt":"2020-05-01T17:07:47","guid":{"rendered":"http:\/\/arantv.az\/?p=157561"},"modified":"2020-05-01T20:07:47","modified_gmt":"2020-05-01T17:07:47","slug":"az%c9%99rbaycan-prezidenti-huquq-muhafiz%c9%99-orqanlarinda-da-dig%c9%99r-sah%c9%99l%c9%99rd%c9%99-oldugu-kimi-islahatlara-boyuk-ehtiyac-var","status":"publish","type":"post","link":"https:\/\/arantv.az\/?p=157561","title":{"rendered":"Az\u0259rbaycan Prezidenti: H\u00fcquq-m\u00fchafiz\u0259 orqanlar\u0131nda da dig\u0259r sah\u0259l\u0259rd\u0259 oldu\u011fu kimi, islahatlara b\u00f6y\u00fck ehtiyac var"},"content":{"rendered":"<p>H\u00fcquq-m\u00fchafiz\u0259 orqanlar\u0131nda da dig\u0259r sah\u0259l\u0259rd\u0259 oldu\u011fu kimi, islahatlara b\u00f6y\u00fck ehtiyac var.<\/p>\n<p><strong>ARANTV.AZ\u00a0<\/strong><a href=\"http:\/\/azertag.az\/\" target=\"_blank\" rel=\"noopener\">AZ\u018fRTAC<\/a>-a istinad\u0259n bildirir ki, bunu Az\u0259rbaycan Respublikas\u0131n\u0131n Prezidenti \u0130lham \u018fliyev may\u0131n 1-d\u0259 Az\u0259rbaycan Respublikas\u0131n\u0131n Ba\u015f prokuroru Kamran \u018fliyevi videoformatda q\u0259bul ed\u0259rk\u0259n deyib.<\/p>\n<p>D\u00f6vl\u0259t ba\u015f\u00e7\u0131s\u0131 bildirib:<\/p>\n<p>&#8220;Siz bu g\u00fcn Az\u0259rbaycan Respublikas\u0131n\u0131n Ba\u015f prokuroru v\u0259zif\u0259sin\u0259 t\u0259yin edilirsiniz. \u00dcmid edir\u0259m ki, bu y\u00fcks\u0259k etimad\u0131 do\u011fruldacaqs\u0131n\u0131z. Siz prokurorluq orqanlar\u0131nda 30 ild\u0259n \u00e7oxdur ki, i\u015fl\u0259yirsiniz. H\u0259l\u0259 sovet d\u00f6vr\u00fcnd\u0259n bu i\u015f\u0259 ba\u015flam\u0131s\u0131n\u0131z v\u0259 son 6 il \u0259rzind\u0259 Az\u0259rbaycan Respublikas\u0131 Ba\u015f prokurorunun m\u00fcavini v\u0259zif\u0259sind\u0259 \u00e7al\u0131\u015f\u0131rs\u0131n\u0131z. \u00dcmid edir\u0259m, \u0259ld\u0259 olunmu\u015f t\u0259cr\u00fcb\u0259 siz\u0259 imkan ver\u0259c\u0259k ki, prokurorluq orqanlar\u0131n\u0131n i\u015finin t\u0259kmill\u0259\u015fdirilm\u0259si v\u0259 islahatlar\u0131n d\u0259rinl\u0259\u015fm\u0259si istiqam\u0259tind\u0259 n\u0259tic\u0259l\u0259r \u0259ld\u0259 edilsin.<\/p>\n<p>B\u00fct\u00fcn sah\u0259l\u0259rd\u0259 oldu\u011fu kimi, prokurorluq orqanlar\u0131nda da daha geni\u015fmiqyasl\u0131 islahatlara ehtiyac var. Bu g\u00fcn Az\u0259rbaycan\u0131n h\u0259r sah\u0259sind\u0259 islahatlar\u0131n n\u0259tic\u0259l\u0259ri v\u0259t\u0259nda\u015flar t\u0259r\u0259find\u0259n y\u00fcks\u0259k qiym\u0259tl\u0259ndirilir. \u0130slahatlar yenil\u0259\u015fm\u0259, yeni yana\u015fma, m\u00fcasir \u015f\u0259rait\u0259 uy\u011funla\u015fma dem\u0259kdir. Biz islahatlar aparmaqla \u00f6lk\u0259mizi g\u00fccl\u0259ndiririk v\u0259 \u00f6lk\u0259mizin g\u0259l\u0259c\u0259k dayan\u0131ql\u0131 inki\u015faf\u0131n\u0131 \u015f\u0259rtl\u0259ndiririk. T\u0259r\u0259qqi islahatlars\u0131z m\u00fcmk\u00fcn deyil. Ona g\u00f6r\u0259 h\u00fcquq m\u00fchafiz\u0259 orqanlar\u0131nda da dig\u0259r sah\u0259l\u0259rd\u0259 oldu\u011fu kimi, islahatlara b\u00f6y\u00fck ehtiyac var. \u00dcmid edir\u0259m ki, Az\u0259rbaycan Respublikas\u0131n\u0131n Prokurorlu\u011fu bu islahatlar\u0131n apar\u0131lmas\u0131nda u\u011furlar qazanacaq.<\/p>\n<p>Bu g\u00fcn siyasi sah\u0259d\u0259 \u00e7ox geni\u015fmiqyasl\u0131 islahatlar apar\u0131l\u0131r. Dey\u0259 bil\u0259r\u0259m ki, m\u00fcst\u0259qillik d\u00f6vr\u00fcnd\u0259 miqyasa v\u0259 n\u0259tic\u0259y\u0259 g\u00f6r\u0259 bu g\u00fcn\u0259 q\u0259d\u0259r islahatlar\u0131n bu s\u0259viyy\u0259d\u0259 apar\u0131lmas\u0131 m\u00fc\u015fahid\u0259 edilmirdi. Hakimiyy\u0259t t\u0259r\u0259find\u0259n t\u0259klif edilmi\u015f siyasi dialoq dem\u0259k olar ki, ba\u015f tutur v\u0259 biz art\u0131q bu dialoqun ilkin m\u00fcsb\u0259t t\u0259zah\u00fcrl\u0259rini g\u00f6r\u00fcr\u00fck. Dem\u0259k olar ki, \u00f6lk\u0259mizin b\u00fct\u00fcn \u0259sas siyasi q\u00fcvv\u0259l\u0259ri bu dialoqa qo\u015fularaq buna \u00f6z m\u00fcsb\u0259t m\u00fcnasib\u0259tini bildirmi\u015fl\u0259r. Bel\u0259likl\u0259 hesab edir\u0259m ki, n\u00f6vb\u0259ti ill\u0259rd\u0259 siyasi sistemin t\u0259kmill\u0259\u015fdirilm\u0259si, m\u00fcasirl\u0259\u015fdirilm\u0259si, Az\u0259rbaycanda siyasi m\u00fcnasib\u0259tl\u0259rin sa\u011flam z\u0259mind\u0259 qurulmas\u0131 i\u015find\u0259 \u00f6n\u0259mli add\u0131mlar at\u0131lacaqd\u0131r. Bir daha bildirm\u0259liy\u0259m ki, Az\u0259rbaycanda he\u00e7 kim \u00f6z siyasi bax\u0131\u015flar\u0131na, siyasi m\u0259nsubiyy\u0259tin\u0259, siyasi f\u0259aliyy\u0259tin\u0259 g\u00f6r\u0259 t\u0259qib edilm\u0259m\u0259lidir.<\/p>\n<p>Eyni zamanda, iqtisadi islahatlar apar\u0131lmadan \u00f6lk\u0259mizin dayan\u0131ql\u0131 inki\u015faf\u0131 m\u00fcmk\u00fcn deyil. M\u0259n h\u0259l\u0259 bir ne\u00e7\u0259 il bundan \u0259vv\u0259l demi\u015fdim ki, biz postneft d\u00f6vr\u00fcn\u0259 haz\u0131rla\u015fmal\u0131y\u0131q v\u0259 \u0259slind\u0259 postneft d\u00f6vr\u00fc art\u0131q g\u00f6z qaba\u011f\u0131ndad\u0131r. \u00c7\u00fcnki neft bazarlar\u0131nda m\u00fc\u015fahid\u0259 olunan b\u00f6hran dem\u0259k olar ki, neftl\u0259 z\u0259ngin olan b\u00fct\u00fcn \u00f6lk\u0259l\u0259rin g\u0259lirl\u0259rin\u0259 \u00e7ox m\u0259nfi t\u0259sir g\u00f6st\u0259rmi\u015fdir. Ona g\u00f6r\u0259 bizim \u0259sas m\u0259qs\u0259dimiz qeyri-neft sektorunun inki\u015faf\u0131d\u0131r v\u0259 bu istiqam\u0259td\u0259 \u0259ld\u0259 edilmi\u015f n\u0259tic\u0259l\u0259r m\u0259hz islahatlara s\u00f6yk\u0259nir, apar\u0131lan islahatlar\u0131n n\u0259tic\u0259sidir. M\u0259hz \u015f\u0259ffafl\u0131q, d\u00fcr\u00fcstl\u00fck v\u0259 islahatlar n\u0259tic\u0259sind\u0259 ke\u00e7\u0259n il b\u00fcdc\u0259 daxilolmalar\u0131n\u0131n h\u0259cmi proqnozdan \u0259lav\u0259 bir milyard manat artm\u0131\u015fd\u0131r v\u0259 bu v\u0259sait b\u00f6y\u00fck d\u0259r\u0259c\u0259d\u0259 imkan vermi\u015fdir ki, bir \u00e7ox sosial layih\u0259l\u0259r icra edilsin. Bu ilin birinci r\u00fcb\u00fcn\u00fcn yekunlar\u0131 g\u00f6st\u0259rir ki, pandemiyaya baxmayaraq iqtisadi art\u0131m var. D\u00fczd\u00fcr, \u00e7ox ki\u00e7ik r\u0259q\u0259ml\u0259rl\u0259 \u00f6l\u00e7\u00fcl\u00fcr &#8211; 1,1 faiz. Ancaq bu yax\u0131nlarda Avropa Yenid\u0259nqurma v\u0259 \u0130nki\u015faf Bank\u0131n\u0131n r\u0259hb\u0259rliyi il\u0259 ke\u00e7irdiyim g\u00f6r\u00fc\u015f \u0259snas\u0131nda m\u0259lum oldu ki, bir \u00e7ox \u00f6lk\u0259l\u0259rd\u0259 indi iqtisadi t\u0259n\u0259zz\u00fcl m\u00fc\u015fahid\u0259 olunur. Bizd\u0259 d\u0259 bu, istisna edilmir, \u00e7\u00fcnki pandemiya \u00f6lk\u0259 iqtisadiyyat\u0131na \u00e7ox b\u00f6y\u00fck m\u0259nfi t\u0259sir g\u00f6st\u0259rmi\u015fdir. Ancaq h\u0259r halda birinci r\u00fcb\u00fcn yekunlar\u0131 g\u00f6st\u0259rir ki, iqtisadiyyat 1,1 faiz, qeyri-neft iqtisadiyyat\u0131m\u0131z is\u0259 3 faizd\u0259n \u00e7ox artm\u0131\u015fd\u0131r. B\u00fct\u00fcn bunlar\u0131n \u0259sas s\u0259b\u0259bi apar\u0131lan islahatlard\u0131r v\u0259 bu, biz\u0259 imkan verir ki, sosial sah\u0259d\u0259 \u00e7ox geni\u015fmiqyasl\u0131 proqramlar icra edilsin, o c\u00fcml\u0259d\u0259n ke\u00e7\u0259n il 4,2 milyon insan\u0131n sosial v\u0259ziyy\u0259ti yax\u015f\u0131la\u015fm\u0131\u015f, minimum \u0259m\u0259khaqlar\u0131, minimum pensiyalar, m\u00fcavin\u0259tl\u0259r \u0259h\u0259miyy\u0259tli d\u0259r\u0259c\u0259d\u0259 artm\u0131\u015fd\u0131r. Koronavirusa g\u00f6r\u0259 bu il bu istiqam\u0259td\u0259 \u0259lav\u0259 add\u0131mlar\u0131n at\u0131lmas\u0131 t\u0259min edilmi\u015fdir. Bu add\u0131mlar bir daha g\u00f6st\u0259rdi ki, bizim siyas\u0259timizin m\u0259rk\u0259zind\u0259 Az\u0259rbaycan v\u0259t\u0259nda\u015f\u0131 dayan\u0131r. Prokurorluq orqanlar\u0131 \u00fc\u00e7\u00fcn d\u0259 bu \u0259sas m\u0259qs\u0259d, h\u0259mi\u015f\u0259, b\u00fct\u00fcn i\u015fl\u0259rd\u0259 \u0259sas amil kimi d\u0259y\u0259rl\u0259ndirilm\u0259lidir&#8221;.<\/p>\n","protected":false},"excerpt":{"rendered":"<p>H\u00fcquq-m\u00fchafiz\u0259 orqanlar\u0131nda da dig\u0259r sah\u0259l\u0259rd\u0259 oldu\u011fu kimi, islahatlara b\u00f6y\u00fck ehtiyac var. ARANTV.AZ\u00a0AZ\u018fRTAC-a istinad\u0259n bildirir ki, bunu Az\u0259rbaycan Respublikas\u0131n\u0131n Prezidenti \u0130lham \u018fliyev may\u0131n 1-d\u0259 Az\u0259rbaycan Respublikas\u0131n\u0131n Ba\u015f prokuroru Kamran \u018fliyevi videoformatda q\u0259bul ed\u0259rk\u0259n deyib. D\u00f6vl\u0259t ba\u015f\u00e7\u0131s\u0131 bildirib: &#8220;Siz bu g\u00fcn Az\u0259rbaycan Respublikas\u0131n\u0131n Ba\u015f prokuroru v\u0259zif\u0259sin\u0259 t\u0259yin edilirsiniz. \u00dcmid edir\u0259m ki, bu y\u00fcks\u0259k etimad\u0131 do\u011fruldacaqs\u0131n\u0131z. Siz prokurorluq orqanlar\u0131nda 30 ild\u0259n \u00e7oxdur ki, i\u015fl\u0259yirsiniz. H\u0259l\u0259 sovet d\u00f6vr\u00fcnd\u0259n bu i\u015f\u0259 ba\u015flam\u0131s\u0131n\u0131z v\u0259 son 6 il \u0259rzind\u0259 Az\u0259rbaycan Respublikas\u0131 Ba\u015f prokurorunun m\u00fcavini v\u0259zif\u0259sind\u0259 \u00e7al\u0131\u015f\u0131rs\u0131n\u0131z. \u00dcmid edir\u0259m, \u0259ld\u0259 olunmu\u015f t\u0259cr\u00fcb\u0259 siz\u0259 imkan ver\u0259c\u0259k ki, prokurorluq orqanlar\u0131n\u0131n&hellip;<\/p>\n","protected":false},"author":2,"featured_media":157566,"comment_status":"closed","ping_status":"closed","sticky":false,"template":"","format":"standard","meta":{"om_disable_all_campaigns":false,"_monsterinsights_skip_tracking":false,"_monsterinsights_sitenote_active":false,"_monsterinsights_sitenote_note":"","_monsterinsights_sitenote_category":0},"categories":[1],"tags":[],"aioseo_notices":[],"gutentor_comment":0,"rttpg_featured_image_url":{"full":["https:\/\/arantv.az\/wp-content\/uploads\/2020\/05\/846958.jpg",1000,666,false],"landscape":["https:\/\/arantv.az\/wp-content\/uploads\/2020\/05\/846958.jpg",1000,666,false],"portraits":["https:\/\/arantv.az\/wp-content\/uploads\/2020\/05\/846958.jpg",1000,666,false],"thumbnail":["https:\/\/arantv.az\/wp-content\/uploads\/2020\/05\/846958-150x150.jpg",150,150,true],"medium":["https:\/\/arantv.az\/wp-content\/uploads\/2020\/05\/846958-300x200.jpg",300,200,true],"large":["https:\/\/arantv.az\/wp-content\/uploads\/2020\/05\/846958.jpg",640,426,false],"1536x1536":["https:\/\/arantv.az\/wp-content\/uploads\/2020\/05\/846958.jpg",1000,666,false],"2048x2048":["https:\/\/arantv.az\/wp-content\/uploads\/2020\/05\/846958.jpg",1000,666,false],"post-thumbnail":["https:\/\/arantv.az\/wp-content\/uploads\/2020\/05\/846958-240x172.jpg",240,172,true],"advps-thumb-one":["https:\/\/arantv.az\/wp-content\/uploads\/2020\/05\/846958-1000x620.jpg",1000,620,true]},"rttpg_author":{"display_name":"V\u00fcsal Rafiqo\u011flu","author_link":"https:\/\/arantv.az\/?author=2"},"rttpg_comment":0,"rttpg_category":"<a href=\"https:\/\/arantv.az\/?cat=1\" rel=\"category\">C\u0259miyy\u0259t<\/a>","rttpg_excerpt":"H\u00fcquq-m\u00fchafiz\u0259 orqanlar\u0131nda da dig\u0259r sah\u0259l\u0259rd\u0259 oldu\u011fu kimi, islahatlara b\u00f6y\u00fck ehtiyac var. ARANTV.AZ\u00a0AZ\u018fRTAC-a istinad\u0259n bildirir ki, bunu Az\u0259rbaycan Respublikas\u0131n\u0131n Prezidenti \u0130lham \u018fliyev may\u0131n 1-d\u0259 Az\u0259rbaycan Respublikas\u0131n\u0131n Ba\u015f prokuroru Kamran \u018fliyevi videoformatda q\u0259bul ed\u0259rk\u0259n deyib. D\u00f6vl\u0259t ba\u015f\u00e7\u0131s\u0131 bildirib: &#8220;Siz bu g\u00fcn Az\u0259rbaycan Respublikas\u0131n\u0131n Ba\u015f prokuroru v\u0259zif\u0259sin\u0259 t\u0259yin edilirsiniz. \u00dcmid edir\u0259m ki, bu y\u00fcks\u0259k etimad\u0131 do\u011fruldacaqs\u0131n\u0131z. Siz prokurorluq&hellip;","_links":{"self":[{"href":"https:\/\/arantv.az\/index.php?rest_route=\/wp\/v2\/posts\/157561"}],"collection":[{"href":"https:\/\/arantv.az\/index.php?rest_route=\/wp\/v2\/posts"}],"about":[{"href":"https:\/\/arantv.az\/index.php?rest_route=\/wp\/v2\/types\/post"}],"author":[{"embeddable":true,"href":"https:\/\/arantv.az\/index.php?rest_route=\/wp\/v2\/users\/2"}],"replies":[{"embeddable":true,"href":"https:\/\/arantv.az\/index.php?rest_route=%2Fwp%2Fv2%2Fcomments&post=157561"}],"version-history":[{"count":0,"href":"https:\/\/arantv.az\/index.php?rest_route=\/wp\/v2\/posts\/157561\/revisions"}],"wp:featuredmedia":[{"embeddable":true,"href":"https:\/\/arantv.az\/index.php?rest_route=\/wp\/v2\/media\/157566"}],"wp:attachment":[{"href":"https:\/\/arantv.az\/index.php?rest_route=%2Fwp%2Fv2%2Fmedia&parent=157561"}],"wp:term":[{"taxonomy":"category","embeddable":true,"href":"https:\/\/arantv.az\/index.php?rest_route=%2Fwp%2Fv2%2Fcategories&post=157561"},{"taxonomy":"post_tag","embeddable":true,"href":"https:\/\/arantv.az\/index.php?rest_route=%2Fwp%2Fv2%2Ftags&post=157561"}],"curies":[{"name":"wp","href":"https:\/\/api.w.org\/{rel}","templated":true}]}}