{"id":157565,"date":"2020-05-01T20:08:41","date_gmt":"2020-05-01T17:08:41","guid":{"rendered":"http:\/\/arantv.az\/?p=157565"},"modified":"2020-05-01T20:08:41","modified_gmt":"2020-05-01T17:08:41","slug":"prezident-ilham-%c9%99liyev-ist%c9%99nil%c9%99n-sah%c9%99d%c9%99-kadrlar-dovl%c9%99t%c9%99-xalqa-bagli-olmalidirlar-v%c9%99t%c9%99np%c9%99rv%c9%99r-olmalidirlar-v%c9%99-onlar-ucun-dovl%c9%99t-maraq","status":"publish","type":"post","link":"https:\/\/arantv.az\/?p=157565","title":{"rendered":"Prezident \u0130lham \u018fliyev: \u0130st\u0259nil\u0259n sah\u0259d\u0259 kadrlar d\u00f6vl\u0259t\u0259, xalqa ba\u011fl\u0131 olmal\u0131d\u0131rlar, v\u0259t\u0259np\u0259rv\u0259r olmal\u0131d\u0131rlar v\u0259 onlar \u00fc\u00e7\u00fcn d\u00f6vl\u0259t maraqlar\u0131 h\u0259r \u015feyd\u0259n \u00fcst\u00fcn olmal\u0131d\u0131r"},"content":{"rendered":"<p>\u0130st\u0259nil\u0259n sah\u0259d\u0259 kadrlar d\u00f6vl\u0259t\u0259, xalqa ba\u011fl\u0131 olmal\u0131d\u0131rlar, v\u0259t\u0259np\u0259rv\u0259r olmal\u0131d\u0131rlar v\u0259 onlar \u00fc\u00e7\u00fcn d\u00f6vl\u0259t maraqlar\u0131 h\u0259r \u015feyd\u0259n \u00fcst\u00fcn olmal\u0131d\u0131r.<\/p>\n<p><strong>ARANTV.AZ<\/strong>\u00a0<a href=\"http:\/\/azertag.az\/\" target=\"_blank\" rel=\"noopener\">AZ\u018fRTAC<\/a>-a istinad\u0259n bildirir ki, bunu Az\u0259rbaycan Respublikas\u0131n\u0131n Prezidenti \u0130lham \u018fliyev may\u0131n 1-d\u0259 Az\u0259rbaycan Respublikas\u0131n\u0131n Ba\u015f prokuroru Kamran \u018fliyevi videoformatda q\u0259bul ed\u0259rk\u0259n deyib.<\/p>\n<p>Prezident \u0130lham \u018fliyev bildirib:<\/p>\n<p>&#8220;Kadr islahatlar\u0131 apar\u0131l\u0131r v\u0259 bu islahatlar imkan verib ki, yeni pe\u015f\u0259kar, bilikli, m\u00fcasir kadrlar \u00f6n\u0259 \u00e7\u0259kilsin. Onlara \u00f6n\u0259mli v\u0259zif\u0259l\u0259r h\u0259val\u0259 edildi v\u0259 hesab edir\u0259m ki, bu da z\u0259man\u0259nin t\u0259l\u0259bidir. \u00c7\u00fcnki bu g\u00fcn m\u00fcasir d\u00fcnyada siyasi, iqtisadi sah\u0259l\u0259rd\u0259, beyn\u0259lxalq m\u00fcst\u0259vid\u0259 m\u00fcasir yana\u015fmalar olmal\u0131d\u0131r. Y\u00fcks\u0259k keyfiyy\u0259tli t\u0259hsil alm\u0131\u015f g\u0259nc kadrlar\u0131n h\u0259m h\u00f6kum\u0259td\u0259, h\u0259m Prezident Administrasiyas\u0131nda, parlamentd\u0259 v\u0259 dig\u0259r qurumlarda t\u0259msil olunmas\u0131 bizim \u015f\u00fcurlu se\u00e7imimizdir. T\u0259bii ki, t\u0259cr\u00fcb\u0259li kadrlar da \u00f6z bilikl\u0259rini g\u0259nc n\u0259sill\u0259 b\u00f6l\u00fc\u015fm\u0259lidirl\u0259r. Bel\u0259 olan halda t\u0259bii ki, h\u00fcquq m\u00fchafiz\u0259 orqanlar\u0131nda da daha geni\u015fmiqyasl\u0131 islahatlar\u0131n apar\u0131lmas\u0131 ba\u015fl\u0131ca \u015f\u0259rtdir. Burada sizin \u00fcz\u0259riniz\u0259 b\u00f6y\u00fck v\u0259zif\u0259 d\u00fc\u015f\u00fcr v\u0259 \u00fcmid edir\u0259m ki, siz bu v\u0259zif\u0259nin \u00f6hd\u0259sind\u0259n g\u0259l\u0259c\u0259ksiniz. \u0130lk n\u00f6vb\u0259d\u0259, qanunun aliliyi tam t\u0259min edilm\u0259lidir v\u0259 \u0259dal\u0259tli c\u0259miyy\u0259tin qurulmas\u0131 \u00fc\u00e7\u00fcn qanunun aliliyi ba\u015fl\u0131ca \u015f\u0259rtdir. \u018ffsuslar olsun ki, biz ist\u0259diyimiz\u0259 h\u0259l\u0259 d\u0259 tam nail olmam\u0131\u015f\u0131q, o c\u00fcml\u0259d\u0259n h\u00fcquq m\u00fchafiz\u0259 orqanlar\u0131 t\u0259r\u0259find\u0259n q\u0259bul edilmi\u015f q\u0259rarlar b\u0259zi hallarda qanunlara ziddir, sosial \u0259dal\u0259ti pozur, insanlar\u0131 haql\u0131 olaraq naraz\u0131 sal\u0131r v\u0259 bel\u0259likl\u0259 \u00fcmumi i\u015fimiz\u0259 b\u00f6y\u00fck ziyan vurur. Bunun s\u0259b\u0259bl\u0259rind\u0259n biri qeyri-pe\u015f\u0259karl\u0131q ola bil\u0259r, ancaq b\u0259zi hallarda bunun arxas\u0131nda hans\u0131sa maraqlar, \u015f\u0259xsi t\u0259m\u0259nna dayan\u0131r. Bu g\u00fcn b\u00fct\u00fcn h\u00fcquq m\u00fchafiz\u0259 orqanlar\u0131n\u0131n \u0259m\u0259kda\u015flar\u0131 v\u0259 r\u0259hb\u0259rl\u0259ri m\u0259ni e\u015fidirl\u0259r. M\u0259nim s\u00f6zl\u0259rim onlar \u00fc\u00e7\u00fcn \u0259sas g\u00f6st\u0259ri\u015f olmal\u0131d\u0131r ki, Az\u0259rbaycanda h\u00fcquq m\u00fchafiz\u0259 sistemind\u0259 islahatlar d\u0259rinl\u0259\u015fsin v\u0259 qanunun aliliyi t\u0259min edilsin.<\/p>\n<p>Kadrlar\u0131n pe\u015f\u0259karl\u0131\u011f\u0131 da daim diqq\u0259t m\u0259rk\u0259zind\u0259 olmal\u0131d\u0131r v\u0259 siz bu m\u0259s\u0259l\u0259 il\u0259 ciddi m\u0259\u015f\u011ful olmal\u0131s\u0131n\u0131z. H\u0259m bu g\u00fcn f\u0259aliyy\u0259td\u0259 olan kadrlar\u0131n pe\u015f\u0259karl\u0131\u011f\u0131n\u0131n t\u0259kmill\u0259\u015fdirilm\u0259si \u00fc\u00e7\u00fcn \u0259lav\u0259 t\u0259dbirl\u0259r g\u00f6r\u00fclm\u0259lidir, prokurorluq orqanlar\u0131na yeni q\u0259bul olunacaq i\u015f\u00e7il\u0259r y\u00fcks\u0259k pe\u015f\u0259karl\u0131\u011fa malik olmal\u0131d\u0131rlar, eyni zamanda, bu vacib amill\u0259 b\u0259rab\u0259r, d\u00f6vl\u0259t\u00e7iliy\u0259 s\u0259daq\u0259t prinsipl\u0259ri d\u0259 h\u0259mi\u015f\u0259 \u00fcst\u00fcn olmal\u0131d\u0131r. \u00c7\u00fcnki bu g\u00fcn m\u00fcst\u0259qil d\u00f6vl\u0259timizin u\u011furlu ya\u015famas\u0131 v\u0259 m\u00f6hk\u0259ml\u0259nm\u0259si, ilk n\u00f6vb\u0259d\u0259, d\u00f6vl\u0259t\u00e7iliyimizin m\u00f6hk\u0259ml\u0259ndirilm\u0259si il\u0259 ba\u011fl\u0131d\u0131r. Biz el\u0259 etm\u0259liyik ki, Az\u0259rbaycan bundan sonra da u\u011furla inki\u015faf etsin, m\u00fcst\u0259qilliyimiz daim m\u00f6hk\u0259ml\u0259nsin. \u018flb\u0259tt\u0259 ki, ist\u0259nil\u0259n sah\u0259d\u0259 kadrlar d\u00f6vl\u0259t\u0259, xalqa ba\u011fl\u0131 olmal\u0131d\u0131rlar, v\u0259t\u0259np\u0259rv\u0259r olmal\u0131d\u0131rlar v\u0259 onlar \u00fc\u00e7\u00fcn d\u00f6vl\u0259t maraqlar\u0131 h\u0259r \u015feyd\u0259n \u00fcst\u00fcn olmal\u0131d\u0131r&#8221;.<\/p>\n","protected":false},"excerpt":{"rendered":"<p>\u0130st\u0259nil\u0259n sah\u0259d\u0259 kadrlar d\u00f6vl\u0259t\u0259, xalqa ba\u011fl\u0131 olmal\u0131d\u0131rlar, v\u0259t\u0259np\u0259rv\u0259r olmal\u0131d\u0131rlar v\u0259 onlar \u00fc\u00e7\u00fcn d\u00f6vl\u0259t maraqlar\u0131 h\u0259r \u015feyd\u0259n \u00fcst\u00fcn olmal\u0131d\u0131r. ARANTV.AZ\u00a0AZ\u018fRTAC-a istinad\u0259n bildirir ki, bunu Az\u0259rbaycan Respublikas\u0131n\u0131n Prezidenti \u0130lham \u018fliyev may\u0131n 1-d\u0259 Az\u0259rbaycan Respublikas\u0131n\u0131n Ba\u015f prokuroru Kamran \u018fliyevi videoformatda q\u0259bul ed\u0259rk\u0259n deyib. Prezident \u0130lham \u018fliyev bildirib: &#8220;Kadr islahatlar\u0131 apar\u0131l\u0131r v\u0259 bu islahatlar imkan verib ki, yeni pe\u015f\u0259kar, bilikli, m\u00fcasir kadrlar \u00f6n\u0259 \u00e7\u0259kilsin. Onlara \u00f6n\u0259mli v\u0259zif\u0259l\u0259r h\u0259val\u0259 edildi v\u0259 hesab edir\u0259m ki, bu da z\u0259man\u0259nin t\u0259l\u0259bidir. \u00c7\u00fcnki bu g\u00fcn m\u00fcasir d\u00fcnyada siyasi, iqtisadi sah\u0259l\u0259rd\u0259, beyn\u0259lxalq m\u00fcst\u0259vid\u0259 m\u00fcasir yana\u015fmalar olmal\u0131d\u0131r. Y\u00fcks\u0259k keyfiyy\u0259tli t\u0259hsil alm\u0131\u015f&hellip;<\/p>\n","protected":false},"author":2,"featured_media":157570,"comment_status":"closed","ping_status":"closed","sticky":false,"template":"","format":"standard","meta":{"om_disable_all_campaigns":false,"_monsterinsights_skip_tracking":false,"_monsterinsights_sitenote_active":false,"_monsterinsights_sitenote_note":"","_monsterinsights_sitenote_category":0},"categories":[1],"tags":[],"aioseo_notices":[],"gutentor_comment":0,"rttpg_featured_image_url":{"full":["https:\/\/arantv.az\/wp-content\/uploads\/2020\/05\/846959.jpg",983,669,false],"landscape":["https:\/\/arantv.az\/wp-content\/uploads\/2020\/05\/846959.jpg",983,669,false],"portraits":["https:\/\/arantv.az\/wp-content\/uploads\/2020\/05\/846959.jpg",983,669,false],"thumbnail":["https:\/\/arantv.az\/wp-content\/uploads\/2020\/05\/846959-150x150.jpg",150,150,true],"medium":["https:\/\/arantv.az\/wp-content\/uploads\/2020\/05\/846959-300x204.jpg",300,204,true],"large":["https:\/\/arantv.az\/wp-content\/uploads\/2020\/05\/846959.jpg",640,436,false],"1536x1536":["https:\/\/arantv.az\/wp-content\/uploads\/2020\/05\/846959.jpg",983,669,false],"2048x2048":["https:\/\/arantv.az\/wp-content\/uploads\/2020\/05\/846959.jpg",983,669,false],"post-thumbnail":["https:\/\/arantv.az\/wp-content\/uploads\/2020\/05\/846959-240x172.jpg",240,172,true],"advps-thumb-one":["https:\/\/arantv.az\/wp-content\/uploads\/2020\/05\/846959-983x620.jpg",983,620,true]},"rttpg_author":{"display_name":"V\u00fcsal Rafiqo\u011flu","author_link":"https:\/\/arantv.az\/?author=2"},"rttpg_comment":0,"rttpg_category":"<a href=\"https:\/\/arantv.az\/?cat=1\" rel=\"category\">C\u0259miyy\u0259t<\/a>","rttpg_excerpt":"\u0130st\u0259nil\u0259n sah\u0259d\u0259 kadrlar d\u00f6vl\u0259t\u0259, xalqa ba\u011fl\u0131 olmal\u0131d\u0131rlar, v\u0259t\u0259np\u0259rv\u0259r olmal\u0131d\u0131rlar v\u0259 onlar \u00fc\u00e7\u00fcn d\u00f6vl\u0259t maraqlar\u0131 h\u0259r \u015feyd\u0259n \u00fcst\u00fcn olmal\u0131d\u0131r. ARANTV.AZ\u00a0AZ\u018fRTAC-a istinad\u0259n bildirir ki, bunu Az\u0259rbaycan Respublikas\u0131n\u0131n Prezidenti \u0130lham \u018fliyev may\u0131n 1-d\u0259 Az\u0259rbaycan Respublikas\u0131n\u0131n Ba\u015f prokuroru Kamran \u018fliyevi videoformatda q\u0259bul ed\u0259rk\u0259n deyib. Prezident \u0130lham \u018fliyev bildirib: &#8220;Kadr islahatlar\u0131 apar\u0131l\u0131r v\u0259 bu islahatlar imkan verib ki, yeni pe\u015f\u0259kar,&hellip;","_links":{"self":[{"href":"https:\/\/arantv.az\/index.php?rest_route=\/wp\/v2\/posts\/157565"}],"collection":[{"href":"https:\/\/arantv.az\/index.php?rest_route=\/wp\/v2\/posts"}],"about":[{"href":"https:\/\/arantv.az\/index.php?rest_route=\/wp\/v2\/types\/post"}],"author":[{"embeddable":true,"href":"https:\/\/arantv.az\/index.php?rest_route=\/wp\/v2\/users\/2"}],"replies":[{"embeddable":true,"href":"https:\/\/arantv.az\/index.php?rest_route=%2Fwp%2Fv2%2Fcomments&post=157565"}],"version-history":[{"count":0,"href":"https:\/\/arantv.az\/index.php?rest_route=\/wp\/v2\/posts\/157565\/revisions"}],"wp:featuredmedia":[{"embeddable":true,"href":"https:\/\/arantv.az\/index.php?rest_route=\/wp\/v2\/media\/157570"}],"wp:attachment":[{"href":"https:\/\/arantv.az\/index.php?rest_route=%2Fwp%2Fv2%2Fmedia&parent=157565"}],"wp:term":[{"taxonomy":"category","embeddable":true,"href":"https:\/\/arantv.az\/index.php?rest_route=%2Fwp%2Fv2%2Fcategories&post=157565"},{"taxonomy":"post_tag","embeddable":true,"href":"https:\/\/arantv.az\/index.php?rest_route=%2Fwp%2Fv2%2Ftags&post=157565"}],"curies":[{"name":"wp","href":"https:\/\/api.w.org\/{rel}","templated":true}]}}