{"id":157591,"date":"2020-05-01T20:47:00","date_gmt":"2020-05-01T17:47:00","guid":{"rendered":"http:\/\/arantv.az\/?p=157591"},"modified":"2020-05-01T20:47:00","modified_gmt":"2020-05-01T17:47:00","slug":"olk%c9%99-%c9%99razisind%c9%99-karantin-mu%c9%99ssis%c9%99l%c9%99rin%c9%99-yerl%c9%99sdirm%c9%99y%c9%99-dair-t%c9%99l%c9%99bl%c9%99r-mu%c9%99yy%c9%99nl%c9%99sib","status":"publish","type":"post","link":"https:\/\/arantv.az\/?p=157591","title":{"rendered":"\u00d6lk\u0259 \u0259razisind\u0259 karantin m\u00fc\u0259ssis\u0259l\u0259rin\u0259 yerl\u0259\u015fdirm\u0259y\u0259 dair t\u0259l\u0259bl\u0259r m\u00fc\u0259yy\u0259nl\u0259\u015fib"},"content":{"rendered":"<p>Az\u0259rbaycan Respublikas\u0131 \u0259razisind\u0259 karantin m\u00fc\u0259ssis\u0259l\u0259rin\u0259 yerl\u0259\u015fdirm\u0259y\u0259 dair t\u0259l\u0259bl\u0259r m\u00fc\u0259yy\u0259nl\u0259\u015fib.<\/p>\n<p>Milli.Az bildirir ki, bu, Nazirl\u0259r Kabinetinin t\u0259sdiq etdiyi &#8220;Az\u0259rbaycan Respublikas\u0131n\u0131n \u0259razisind\u0259 hava-damc\u0131 yolu il\u0259 ke\u00e7\u0259n yoluxucu x\u0259st\u0259likl\u0259r zaman\u0131 karantin n\u0259zar\u0259tin\u0259 g\u00f6t\u00fcr\u00fclm\u0259 Qaydalar\u0131&#8221;nda \u00f6z \u0259ksini tap\u0131b.<\/p>\n<p>Karantin m\u00fc\u0259ssis\u0259sin\u0259 yerl\u0259\u015fdirilm\u0259 zaman\u0131 a\u015fa\u011f\u0131dak\u0131 t\u0259l\u0259bl\u0259r\u0259 riay\u0259t olunmal\u0131d\u0131r:<\/p>\n<p>&#8211; h\u0259r bir \u015f\u0259xs havaland\u0131r\u0131lan (ventilyasiya olunan) t\u0259k yerli v\u0259 sanitar qov\u015fa\u011f\u0131 il\u0259 t\u0259min edilmi\u015f otaqlarda yerl\u0259\u015fdirilm\u0259li, bu m\u00fcmk\u00fcn olmad\u0131qda is\u0259 x\u0259st\u0259liyin yoluxdurucu x\u00fcsusiyy\u0259tl\u0259ri n\u0259z\u0259r\u0259 al\u0131naraq \u00e7arpay\u0131lar aras\u0131 minimal m\u0259saf\u0259 t\u0259min edilm\u0259lidir;<\/p>\n<p>&#8211; karantin m\u00fc\u0259ssis\u0259sind\u0259 yerl\u0259\u015fdirilmi\u015f \u015f\u0259xsl\u0259rin tibbi maskadan istifad\u0259 etm\u0259sin\u0259 v\u0259 x\u0259st\u0259liyin yoluxdurucu x\u00fcsusiyy\u0259tl\u0259ri n\u0259z\u0259r\u0259 al\u0131naraq minimal m\u0259saf\u0259nin saxlamas\u0131na n\u0259zar\u0259t edilm\u0259lidir;<\/p>\n<p>&#8211; karantin m\u00fc\u0259ssis\u0259sind\u0259 yerl\u0259\u015fdirilmi\u015f \u015f\u0259xsl\u0259r\u0259 xidm\u0259t g\u00f6st\u0259r\u0259n tibb i\u015f\u00e7il\u0259ri v\u0259 dig\u0259r i\u015f\u00e7il\u0259r t\u0259r\u0259find\u0259n yoluxma riskini istisna ed\u0259n sanitariya-gigiyena qaydalar\u0131na v\u0259 normalar\u0131na riay\u0259t edilm\u0259lidir.<\/p>\n<p>&#8211; karantin m\u00fc\u0259ssis\u0259l\u0259rin\u0259 yerl\u0259\u015fdirilmi\u015f \u015f\u0259xsl\u0259rin \u0259\u015fyalar\u0131, o c\u00fcml\u0259d\u0259n f\u0259rdi gigiyena vasit\u0259l\u0259ri, geyiml\u0259ri, yataq l\u0259vazimatlar\u0131 dig\u0259rl\u0259rinin \u0259\u015fyalar\u0131ndan t\u0259crid edilm\u0259li v\u0259 ayr\u0131ca yuyulmal\u0131d\u0131r;<\/p>\n<p>&#8211; karantin m\u00fc\u0259ssis\u0259sinin \u0259razisi m\u00fct\u0259madi olaraq, sanitar qov\u015faqlar\u0131 is\u0259 g\u00fcn \u0259rzind\u0259 1 (bir) d\u0259f\u0259d\u0259n az olmayaraq x\u00fcsusi m\u0259hlullarla dezinfeksiya edilm\u0259lidir.<\/p>\n<p>X\u0259st\u0259liyin yoluxdurucu x\u00fcsusiyy\u0259tl\u0259rind\u0259n as\u0131l\u0131 olaraq, S\u0259hiyy\u0259 Nazirliyi v\u0259 \u0130cbari Tibbi S\u0131\u011forta \u00fczr\u0259 D\u00f6vl\u0259t Agentliyinin t\u0259klifl\u0259ri \u0259sas\u0131nda karantin m\u00fc\u0259ssis\u0259l\u0259rind\u0259 x\u0259st\u0259liyin yay\u0131lmas\u0131n\u0131n qar\u015f\u0131s\u0131n\u0131 almaq m\u0259qs\u0259dil\u0259 \u0259lav\u0259 t\u0259dbirl\u0259r g\u00f6r\u00fcl\u0259 bil\u0259r.<\/p>\n<div><\/div>\n<p>Karantin n\u0259zar\u0259tin\u0259 g\u00f6t\u00fcr\u00fclm\u00fc\u015f \u015f\u0259xsl\u0259rin karantin yerini t\u0259rk etm\u0259si v\u0259 k\u0259nar \u015f\u0259xsl\u0259rin onlar\u0131 ziyar\u0259t etm\u0259si (&#8220;Sosial xidm\u0259t haqq\u0131nda&#8221; Az\u0259rbaycan Respublikas\u0131n\u0131n Qanununa uy\u011fun olaraq sosial xidm\u0259t g\u00f6st\u0259rilm\u0259si hallar\u0131 istisna olmaqla) qada\u011fand\u0131r.<\/p>\n<p>Karantin m\u00fc\u0259ssis\u0259sind\u0259 yerl\u0259\u015fdirilmi\u015f risk qrupunda olan \u015f\u0259xsl\u0259rd\u0259 yoluxucu x\u0259st\u0259liyin a\u011f\u0131rla\u015fma riskinin y\u00fcks\u0259k olmas\u0131 n\u0259z\u0259r\u0259 al\u0131naraq, h\u0259min \u015f\u0259xsl\u0259r m\u00fctl\u0259q t\u0259k yerli otaqlarda yerl\u0259\u015fdirilm\u0259li v\u0259 onlar\u0131n m\u00fc\u0259ssis\u0259d\u0259 olan dig\u0259r \u015f\u0259xsl\u0259rl\u0259 t\u0259mas\u0131 m\u0259hdudla\u015fd\u0131r\u0131lmal\u0131d\u0131r.<\/p>\n<p>Karantin\u0259 g\u00f6t\u00fcr\u00fclm\u00fc\u015f \u015f\u0259xsl\u0259r\u0259 &#8220;Psixoloji yard\u0131m haqq\u0131nda&#8221; Az\u0259rbaycan Respublikas\u0131n\u0131n Qanununa uy\u011fun olaraq psixoloji yard\u0131m g\u00f6st\u0259rilir.<\/p>\n<p>Karantin m\u00fc\u0259ssis\u0259sin\u0259 yerl\u0259\u015fdirilmi\u015f \u015f\u0259xsl\u0259rin ail\u0259 \u00fczvl\u0259ri il\u0259 \u0259laq\u0259 saxlamas\u0131 (ziyar\u0259t edilm\u0259si istisna olmaqla) \u00fc\u00e7\u00fcn \u015f\u0259rait yarad\u0131l\u0131r.<\/p>\n<p>Karantin rejimini pozan \u015f\u0259xsl\u0259r Az\u0259rbaycan Respublikas\u0131n\u0131n \u0130nzibati X\u0259talar M\u0259c\u0259ll\u0259sind\u0259 n\u0259z\u0259rd\u0259 tutulmu\u015f qaydada m\u0259suliyy\u0259t da\u015f\u0131y\u0131rlar.<\/p>\n","protected":false},"excerpt":{"rendered":"<p>Az\u0259rbaycan Respublikas\u0131 \u0259razisind\u0259 karantin m\u00fc\u0259ssis\u0259l\u0259rin\u0259 yerl\u0259\u015fdirm\u0259y\u0259 dair t\u0259l\u0259bl\u0259r m\u00fc\u0259yy\u0259nl\u0259\u015fib. Milli.Az bildirir ki, bu, Nazirl\u0259r Kabinetinin t\u0259sdiq etdiyi &#8220;Az\u0259rbaycan Respublikas\u0131n\u0131n \u0259razisind\u0259 hava-damc\u0131 yolu il\u0259 ke\u00e7\u0259n yoluxucu x\u0259st\u0259likl\u0259r zaman\u0131 karantin n\u0259zar\u0259tin\u0259 g\u00f6t\u00fcr\u00fclm\u0259 Qaydalar\u0131&#8221;nda \u00f6z \u0259ksini tap\u0131b. Karantin m\u00fc\u0259ssis\u0259sin\u0259 yerl\u0259\u015fdirilm\u0259 zaman\u0131 a\u015fa\u011f\u0131dak\u0131 t\u0259l\u0259bl\u0259r\u0259 riay\u0259t olunmal\u0131d\u0131r: &#8211; h\u0259r bir \u015f\u0259xs havaland\u0131r\u0131lan (ventilyasiya olunan) t\u0259k yerli v\u0259 sanitar qov\u015fa\u011f\u0131 il\u0259 t\u0259min edilmi\u015f otaqlarda yerl\u0259\u015fdirilm\u0259li, bu m\u00fcmk\u00fcn olmad\u0131qda is\u0259 x\u0259st\u0259liyin yoluxdurucu x\u00fcsusiyy\u0259tl\u0259ri n\u0259z\u0259r\u0259 al\u0131naraq \u00e7arpay\u0131lar aras\u0131 minimal m\u0259saf\u0259 t\u0259min edilm\u0259lidir; &#8211; karantin m\u00fc\u0259ssis\u0259sind\u0259 yerl\u0259\u015fdirilmi\u015f \u015f\u0259xsl\u0259rin tibbi maskadan istifad\u0259 etm\u0259sin\u0259 v\u0259 x\u0259st\u0259liyin yoluxdurucu x\u00fcsusiyy\u0259tl\u0259ri n\u0259z\u0259r\u0259 al\u0131naraq minimal&hellip;<\/p>\n","protected":false},"author":2,"featured_media":157599,"comment_status":"closed","ping_status":"closed","sticky":false,"template":"","format":"standard","meta":{"om_disable_all_campaigns":false,"_monsterinsights_skip_tracking":false,"_monsterinsights_sitenote_active":false,"_monsterinsights_sitenote_note":"","_monsterinsights_sitenote_category":0},"categories":[13],"tags":[],"aioseo_notices":[],"gutentor_comment":0,"rttpg_featured_image_url":{"full":["https:\/\/arantv.az\/wp-content\/uploads\/2020\/05\/846962.jpg",600,337,false],"landscape":["https:\/\/arantv.az\/wp-content\/uploads\/2020\/05\/846962.jpg",600,337,false],"portraits":["https:\/\/arantv.az\/wp-content\/uploads\/2020\/05\/846962.jpg",600,337,false],"thumbnail":["https:\/\/arantv.az\/wp-content\/uploads\/2020\/05\/846962-150x150.jpg",150,150,true],"medium":["https:\/\/arantv.az\/wp-content\/uploads\/2020\/05\/846962-300x169.jpg",300,169,true],"large":["https:\/\/arantv.az\/wp-content\/uploads\/2020\/05\/846962.jpg",600,337,false],"1536x1536":["https:\/\/arantv.az\/wp-content\/uploads\/2020\/05\/846962.jpg",600,337,false],"2048x2048":["https:\/\/arantv.az\/wp-content\/uploads\/2020\/05\/846962.jpg",600,337,false],"post-thumbnail":["https:\/\/arantv.az\/wp-content\/uploads\/2020\/05\/846962-240x172.jpg",240,172,true],"advps-thumb-one":["https:\/\/arantv.az\/wp-content\/uploads\/2020\/05\/846962.jpg",600,337,false]},"rttpg_author":{"display_name":"V\u00fcsal Rafiqo\u011flu","author_link":"https:\/\/arantv.az\/?author=2"},"rttpg_comment":0,"rttpg_category":"<a href=\"https:\/\/arantv.az\/?cat=13\" rel=\"category\">Bizim h\u0259kim<\/a>","rttpg_excerpt":"Az\u0259rbaycan Respublikas\u0131 \u0259razisind\u0259 karantin m\u00fc\u0259ssis\u0259l\u0259rin\u0259 yerl\u0259\u015fdirm\u0259y\u0259 dair t\u0259l\u0259bl\u0259r m\u00fc\u0259yy\u0259nl\u0259\u015fib. Milli.Az bildirir ki, bu, Nazirl\u0259r Kabinetinin t\u0259sdiq etdiyi &#8220;Az\u0259rbaycan Respublikas\u0131n\u0131n \u0259razisind\u0259 hava-damc\u0131 yolu il\u0259 ke\u00e7\u0259n yoluxucu x\u0259st\u0259likl\u0259r zaman\u0131 karantin n\u0259zar\u0259tin\u0259 g\u00f6t\u00fcr\u00fclm\u0259 Qaydalar\u0131&#8221;nda \u00f6z \u0259ksini tap\u0131b. Karantin m\u00fc\u0259ssis\u0259sin\u0259 yerl\u0259\u015fdirilm\u0259 zaman\u0131 a\u015fa\u011f\u0131dak\u0131 t\u0259l\u0259bl\u0259r\u0259 riay\u0259t olunmal\u0131d\u0131r: &#8211; h\u0259r bir \u015f\u0259xs havaland\u0131r\u0131lan (ventilyasiya olunan) t\u0259k yerli v\u0259 sanitar qov\u015fa\u011f\u0131 il\u0259&hellip;","_links":{"self":[{"href":"https:\/\/arantv.az\/index.php?rest_route=\/wp\/v2\/posts\/157591"}],"collection":[{"href":"https:\/\/arantv.az\/index.php?rest_route=\/wp\/v2\/posts"}],"about":[{"href":"https:\/\/arantv.az\/index.php?rest_route=\/wp\/v2\/types\/post"}],"author":[{"embeddable":true,"href":"https:\/\/arantv.az\/index.php?rest_route=\/wp\/v2\/users\/2"}],"replies":[{"embeddable":true,"href":"https:\/\/arantv.az\/index.php?rest_route=%2Fwp%2Fv2%2Fcomments&post=157591"}],"version-history":[{"count":0,"href":"https:\/\/arantv.az\/index.php?rest_route=\/wp\/v2\/posts\/157591\/revisions"}],"wp:featuredmedia":[{"embeddable":true,"href":"https:\/\/arantv.az\/index.php?rest_route=\/wp\/v2\/media\/157599"}],"wp:attachment":[{"href":"https:\/\/arantv.az\/index.php?rest_route=%2Fwp%2Fv2%2Fmedia&parent=157591"}],"wp:term":[{"taxonomy":"category","embeddable":true,"href":"https:\/\/arantv.az\/index.php?rest_route=%2Fwp%2Fv2%2Fcategories&post=157591"},{"taxonomy":"post_tag","embeddable":true,"href":"https:\/\/arantv.az\/index.php?rest_route=%2Fwp%2Fv2%2Ftags&post=157591"}],"curies":[{"name":"wp","href":"https:\/\/api.w.org\/{rel}","templated":true}]}}