{"id":157595,"date":"2020-05-01T20:46:26","date_gmt":"2020-05-01T17:46:26","guid":{"rendered":"http:\/\/arantv.az\/?p=157595"},"modified":"2020-05-01T20:46:26","modified_gmt":"2020-05-01T17:46:26","slug":"az%c9%99rbaycan-prezidenti-korrupsiyaya-v%c9%99-korrupsionerl%c9%99r%c9%99-qarsi-amansiz-mubariz%c9%99-aparilacaq","status":"publish","type":"post","link":"https:\/\/arantv.az\/?p=157595","title":{"rendered":"Az\u0259rbaycan Prezidenti: Korrupsiyaya v\u0259 korrupsionerl\u0259r\u0259 qar\u015f\u0131 amans\u0131z m\u00fcbariz\u0259 apar\u0131lacaq"},"content":{"rendered":"<p>Korrupsiyaya v\u0259 korrupsionerl\u0259r\u0259 qar\u015f\u0131 amans\u0131z m\u00fcbariz\u0259 apar\u0131lacaq.<\/p>\n<p><strong>ARANTV.AZ<\/strong>\u00a0<a href=\"http:\/\/azertag.az\/\" target=\"_blank\" rel=\"noopener\">AZ\u018fRTAC<\/a>-a istinad\u0259n bildirir ki, bunu Az\u0259rbaycan Respublikas\u0131n\u0131n Prezidenti \u0130lham \u018fliyev may\u0131n 1-d\u0259 Az\u0259rbaycan Respublikas\u0131n\u0131n Ba\u015f prokuroru Kamran \u018fliyevi videoformatda q\u0259bul ed\u0259rk\u0259n deyib.<\/p>\n<p>Prezident \u0130lham \u018fliyev qeyd edib:<\/p>\n<p>&#8220;Pandemiya il\u0259 \u0259laq\u0259dar bu g\u00fcn Az\u0259rbaycan d\u00f6vl\u0259ti b\u00fct\u00fcn resurslar\u0131 s\u0259f\u0259rb\u0259r edib, ilk n\u00f6vb\u0259d\u0259, v\u0259t\u0259nda\u015flar\u0131, onlara h\u0259yat\u0131n\u0131, sa\u011flaml\u0131\u011f\u0131n\u0131 qorumaq \u00fc\u00e7\u00fcn \u0259lind\u0259n g\u0259l\u0259ni edir. Operativ Q\u0259rargah, b\u00fct\u00fcn aidiyy\u0259ti qurumlar gec\u0259-g\u00fcnd\u00fcz i\u015fl\u0259yirl\u0259r. H\u0259r g\u00fcn bizim birinci v\u0259 g\u00fcn\u00fcn ax\u0131r\u0131nda sonuncu \u0259sas i\u015fimiz bu m\u0259s\u0259l\u0259 il\u0259 m\u0259\u015f\u011ful olmaqd\u0131r. N\u0259 q\u0259d\u0259r adam x\u0259st\u0259l\u0259ndi, n\u0259 q\u0259d\u0259r adam sa\u011fald\u0131, ne\u00e7\u0259 n\u0259f\u0259r x\u0259st\u0259xanalara yerl\u0259\u015fdirildi, onlar\u0131n v\u0259ziyy\u0259ti nec\u0259dir, a\u011f\u0131r v\u0259ziyy\u0259td\u0259 olan v\u0259t\u0259nda\u015flar\u0131n durumu, onlar\u0131n sa\u011falma \u015fanslar\u0131 nec\u0259dir &#8211; biz gec\u0259-g\u00fcnd\u00fcz bununla m\u0259\u015f\u011ful oluruq. D\u00f6vl\u0259t, ictimai t\u0259\u015fkilatlar, ilk n\u00f6vb\u0259d\u0259, Heyd\u0259r \u018fliyev Fondu, ayr\u0131-ayr\u0131 sahibkarlar, ayr\u0131-ayr\u0131 imkanl\u0131 adamlar \u00f6z t\u0259\u015f\u0259bb\u00fcsl\u0259ri il\u0259 gedib kas\u0131b insanlara \u0259l tuturlar. Bu yard\u0131m\u0131 m\u0259nims\u0259m\u0259y\u0259 n\u0259 ad verm\u0259k olar?! Bu yax\u0131nlarda Heyd\u0259r \u018fliyev Fondu t\u0259r\u0259find\u0259n g\u00f6nd\u0259rilmi\u015f \u0259rzaq paylar\u0131n\u0131 da apar\u0131b \u00f6z qohumlar\u0131n\u0131n evl\u0259rind\u0259 saxlay\u0131rlar ki, sonra onlar\u0131 sats\u0131nlar. Biz buna g\u00f6zm\u00fc yumaca\u011f\u0131q? Bel\u0259 adamlar \u0259n ciddi c\u0259zaya layiqdirl\u0259r.<\/p>\n<p>\u0130ndi d\u00fcnya liderl\u0259rinin bir \u00e7oxu qeyd edir ki, pandemiya m\u00fcharib\u0259dir. B\u0259li, m\u0259n bu tezisl\u0259 raz\u0131yam. \u018fg\u0259r indiki \u015f\u0259raitd\u0259 bunlar \u00f6zl\u0259rini bel\u0259 apar\u0131rlarsa, bundan daha a\u011f\u0131r v\u0259ziyy\u0259t yaranarsa, onda bunlar n\u0259 ed\u0259c\u0259kl\u0259r? Bunun bir ad\u0131 var &#8211; vicdans\u0131zl\u0131q v\u0259 x\u0259yan\u0259t. Ona g\u00f6r\u0259 bundan sonra bu \u00fcns\u00fcrl\u0259r\u0259 qar\u015f\u0131 m\u00fcbariz\u0259 daha ciddi apar\u0131lmal\u0131d\u0131r.<\/p>\n<p>Biz d\u00f6vl\u0259t sektorunda i\u015fl\u0259y\u0259n 900 min insan\u0131n \u0259m\u0259khaqq\u0131n\u0131 tam \u00f6d\u0259yirik. 600 min \u00f6z\u0259l sektor n\u00fcmay\u0259nd\u0259sinin, o c\u00fcml\u0259d\u0259n mikrosahibkar\u0131n, &#8211; hans\u0131 ki, onlar\u0131n \u00e7al\u0131\u015fd\u0131qlar\u0131 sah\u0259l\u0259r pandemiyaya g\u00f6r\u0259 daha \u00e7ox z\u0259r\u0259r \u00e7\u0259kib, &#8211; \u0259m\u0259khaqq\u0131n\u0131n \u0259h\u0259miyy\u0259tli hiss\u0259sini \u00f6d\u0259yirik. Azt\u0259minatl\u0131 t\u0259b\u0259q\u0259y\u0259 aid olan 600 min insan\u0131n, o c\u00fcml\u0259d\u0259n i\u015fsizl\u0259rin v\u0259 qeyri-formal m\u0259\u015f\u011ful olanlar\u0131n v\u0259saitini \u00f6d\u0259yirik. Biz h\u0259r bir v\u0259t\u0259nda\u015fa k\u00f6m\u0259k etm\u0259k ist\u0259yirik, h\u0259r bir v\u0259t\u0259nda\u015fa! \u0130cra ba\u015f\u00e7\u0131lar\u0131n\u0131n, dig\u0259r m\u0259rk\u0259zi v\u0259 yerli icra orqanlar\u0131n\u0131n r\u0259hb\u0259rl\u0259rinin v\u0259zif\u0259si budur. H\u0259r bir icra ba\u015f\u00e7\u0131s\u0131 v\u0259zif\u0259y\u0259 t\u0259yin olunanda ona m\u0259nim \u0259sas s\u00f6zl\u0259rim odur ki, get, v\u0259t\u0259nda\u015flara xidm\u0259t et, get, v\u0259t\u0259nda\u015flarla bir yerd\u0259 ol, t\u0259miz i\u015fl\u0259, r\u00fc\u015fv\u0259t alma, v\u0259t\u0259nda\u015flar\u0131 incitm\u0259, k\u00f6m\u0259k g\u00f6st\u0259r, eyni zamanda, sahibkarlara k\u00f6m\u0259k g\u00f6st\u0259r, onlar\u0131n mal\u0131n\u0131 \u0259lind\u0259n alma, onlar\u0131n f\u0259aliyy\u0259tind\u0259n \u00f6z\u00fcn\u0259 pay ist\u0259m\u0259. H\u0259r birin\u0259 bu s\u00f6zl\u0259ri deyir\u0259m. Bu m\u0259s\u0259l\u0259 il\u0259 ba\u011fl\u0131 bizim m\u00f6vqeyimiz birm\u0259nal\u0131d\u0131r. Korrupsiyaya v\u0259 korrupsionerl\u0259r\u0259 qar\u015f\u0131 amans\u0131z m\u00fcbariz\u0259 apar\u0131lacaq. Onu da bildirm\u0259liy\u0259m ki, bu hallar t\u0259kc\u0259 yerli icra orqanlar\u0131nda m\u00fc\u015fahid\u0259 edilmir, m\u0259rk\u0259zi icra orqanlar\u0131nda da bel\u0259 hallar, bel\u0259 siqnallar var v\u0259 bu siqnallar ara\u015fd\u0131r\u0131l\u0131r. Veril\u0259n m\u0259lumata g\u00f6r\u0259, b\u0259zi m\u0259rk\u0259zi icra orqanlar\u0131nda, b\u0259zi nazirlikl\u0259rd\u0259, &#8211; h\u0259l\u0259 bu siqnallar ara\u015fd\u0131r\u0131l\u0131r, &#8211; v\u0259zif\u0259y\u0259 t\u0259yin olunmaq \u00fc\u00e7\u00fcn insanlardan b\u0259zi hallarda r\u00fc\u015fv\u0259t t\u0259l\u0259b edilir. Bu, cinay\u0259tdir, bu, bizim c\u0259miyy\u0259timizin \u0259saslar\u0131n\u0131 sars\u0131dan add\u0131mlard\u0131r, \u00e7irkin add\u0131mlard\u0131r. Pul verib v\u0259zif\u0259y\u0259 g\u0259l\u0259n adam ilk n\u00f6vb\u0259d\u0259 neyl\u0259y\u0259c\u0259k? \u00c7al\u0131\u015facaq ki, o pulun \u0259v\u0259zini \u00e7\u0131xs\u0131n. Bunu haradan \u00e7\u0131xaracaq? Ya haradansa d\u00f6vl\u0259t mal\u0131n\u0131 o\u011furlayacaq, ya da ki, \u0259g\u0259r imkan\u0131 olacaqsa, insanlardan pul t\u0259l\u0259b ed\u0259c\u0259k.<\/p>\n<p>Biz bunu d\u0259f\u0259l\u0259rl\u0259 g\u00f6rm\u00fc\u015f\u00fck. Sadalad\u0131\u011f\u0131m bu rayonlarda s\u0259hiyy\u0259, t\u0259hsil, m\u0259d\u0259niyy\u0259t sah\u0259sind\u0259 k\u00fctl\u0259vi \u015f\u0259kild\u0259 v\u0259t\u0259nda\u015flardan, valideynl\u0259rd\u0259n, h\u0259r m\u0259kt\u0259b direktorundan pul y\u0131\u011f\u0131l\u0131r. Rayon m\u0259rk\u0259zi x\u0259st\u0259xanas\u0131n\u0131n ba\u015f h\u0259kimind\u0259n icra hakimiyy\u0259tin\u0259 pul verilir. O da \u00f6z n\u00f6vb\u0259sind\u0259 b\u00fct\u00fcn \u015f\u00f6b\u0259l\u0259rd\u0259n h\u0259r ay haqq y\u0131\u011f\u0131r. B\u00fct\u00fcn b\u0259l\u0259diyy\u0259l\u0259r icra hakimiyy\u0259tin\u0259 ayl\u0131q pul verir. Biz bu hallara qar\u015f\u0131 amans\u0131z m\u00fcbariz\u0259 aparaca\u011f\u0131q. Haqq da, xalq da bizim t\u0259r\u0259fimizd\u0259dir. B\u00fct\u00fcn bu if\u015faedici g\u00f6r\u00fcnt\u00fcl\u0259r h\u0259r bir Az\u0259rbaycan v\u0259t\u0259nda\u015f\u0131nda haql\u0131 olaraq ikrah hissi do\u011furur. Eyni zamanda, m\u0259n\u0259 \u00fcnvanlanan y\u00fczl\u0259rl\u0259, minl\u0259rl\u0259 m\u0259ktubda bizim bu add\u0131mlar\u0131m\u0131za b\u00f6y\u00fck d\u0259st\u0259k g\u00f6st\u0259rilir. Ona g\u00f6r\u0259 prokurorluq orqanlar\u0131 bu i\u015fd\u0259 \u00f6n s\u0131ralarda olmal\u0131d\u0131r v\u0259 qanunun aliliyini t\u0259min etm\u0259lidir.<\/p>\n<p>\u00dcmid edir\u0259m, sizin i\u015f t\u0259cr\u00fcb\u0259niz v\u0259 pe\u015f\u0259karl\u0131\u011f\u0131n\u0131z imkan ver\u0259c\u0259k ki, m\u0259nim bu g\u00f6st\u0259ri\u015fl\u0259rimin icras\u0131 t\u0259min edilsin. Prokurorluq orqanlar\u0131n\u0131n i\u015f\u00e7il\u0259ri bundan sonra da V\u0259t\u0259n\u0259 l\u0259yaq\u0259tl\u0259 xidm\u0259t etsinl\u0259r v\u0259 b\u00fct\u00fcn h\u00fcquq m\u00fchafiz\u0259 orqanlar\u0131 el\u0259 \u00e7al\u0131\u015fs\u0131nlar ki, h\u0259m v\u0259t\u0259nda\u015flar, ictimaiyy\u0259t onlar\u0131n i\u015find\u0259n raz\u0131 olsun, eyni zamanda, d\u00f6vl\u0259tin maraqlar\u0131 v\u0259 qanunun aliliyi t\u0259min edilsin.<\/p>\n<p>M\u0259n bu g\u00fcn Sizi t\u0259yin edir\u0259m v\u0259 \u00fcmid edir\u0259m ki, Siz bu y\u00fcks\u0259k etimad\u0131 do\u011fruldacaqs\u0131n\u0131z&#8221;.<\/p>\n","protected":false},"excerpt":{"rendered":"<p>Korrupsiyaya v\u0259 korrupsionerl\u0259r\u0259 qar\u015f\u0131 amans\u0131z m\u00fcbariz\u0259 apar\u0131lacaq. ARANTV.AZ\u00a0AZ\u018fRTAC-a istinad\u0259n bildirir ki, bunu Az\u0259rbaycan Respublikas\u0131n\u0131n Prezidenti \u0130lham \u018fliyev may\u0131n 1-d\u0259 Az\u0259rbaycan Respublikas\u0131n\u0131n Ba\u015f prokuroru Kamran \u018fliyevi videoformatda q\u0259bul ed\u0259rk\u0259n deyib. Prezident \u0130lham \u018fliyev qeyd edib: &#8220;Pandemiya il\u0259 \u0259laq\u0259dar bu g\u00fcn Az\u0259rbaycan d\u00f6vl\u0259ti b\u00fct\u00fcn resurslar\u0131 s\u0259f\u0259rb\u0259r edib, ilk n\u00f6vb\u0259d\u0259, v\u0259t\u0259nda\u015flar\u0131, onlara h\u0259yat\u0131n\u0131, sa\u011flaml\u0131\u011f\u0131n\u0131 qorumaq \u00fc\u00e7\u00fcn \u0259lind\u0259n g\u0259l\u0259ni edir. Operativ Q\u0259rargah, b\u00fct\u00fcn aidiyy\u0259ti qurumlar gec\u0259-g\u00fcnd\u00fcz i\u015fl\u0259yirl\u0259r. H\u0259r g\u00fcn bizim birinci v\u0259 g\u00fcn\u00fcn ax\u0131r\u0131nda sonuncu \u0259sas i\u015fimiz bu m\u0259s\u0259l\u0259 il\u0259 m\u0259\u015f\u011ful olmaqd\u0131r. N\u0259 q\u0259d\u0259r adam x\u0259st\u0259l\u0259ndi, n\u0259 q\u0259d\u0259r adam sa\u011fald\u0131, ne\u00e7\u0259 n\u0259f\u0259r x\u0259st\u0259xanalara yerl\u0259\u015fdirildi,&hellip;<\/p>\n","protected":false},"author":2,"featured_media":157596,"comment_status":"closed","ping_status":"closed","sticky":false,"template":"","format":"standard","meta":{"om_disable_all_campaigns":false,"_monsterinsights_skip_tracking":false,"_monsterinsights_sitenote_active":false,"_monsterinsights_sitenote_note":"","_monsterinsights_sitenote_category":0},"categories":[1],"tags":[],"aioseo_notices":[],"gutentor_comment":0,"rttpg_featured_image_url":{"full":["https:\/\/arantv.az\/wp-content\/uploads\/2020\/05\/846961.jpg",955,669,false],"landscape":["https:\/\/arantv.az\/wp-content\/uploads\/2020\/05\/846961.jpg",955,669,false],"portraits":["https:\/\/arantv.az\/wp-content\/uploads\/2020\/05\/846961.jpg",955,669,false],"thumbnail":["https:\/\/arantv.az\/wp-content\/uploads\/2020\/05\/846961-150x150.jpg",150,150,true],"medium":["https:\/\/arantv.az\/wp-content\/uploads\/2020\/05\/846961-300x210.jpg",300,210,true],"large":["https:\/\/arantv.az\/wp-content\/uploads\/2020\/05\/846961.jpg",640,448,false],"1536x1536":["https:\/\/arantv.az\/wp-content\/uploads\/2020\/05\/846961.jpg",955,669,false],"2048x2048":["https:\/\/arantv.az\/wp-content\/uploads\/2020\/05\/846961.jpg",955,669,false],"post-thumbnail":["https:\/\/arantv.az\/wp-content\/uploads\/2020\/05\/846961-240x172.jpg",240,172,true],"advps-thumb-one":["https:\/\/arantv.az\/wp-content\/uploads\/2020\/05\/846961-955x620.jpg",955,620,true]},"rttpg_author":{"display_name":"V\u00fcsal Rafiqo\u011flu","author_link":"https:\/\/arantv.az\/?author=2"},"rttpg_comment":0,"rttpg_category":"<a href=\"https:\/\/arantv.az\/?cat=1\" rel=\"category\">C\u0259miyy\u0259t<\/a>","rttpg_excerpt":"Korrupsiyaya v\u0259 korrupsionerl\u0259r\u0259 qar\u015f\u0131 amans\u0131z m\u00fcbariz\u0259 apar\u0131lacaq. ARANTV.AZ\u00a0AZ\u018fRTAC-a istinad\u0259n bildirir ki, bunu Az\u0259rbaycan Respublikas\u0131n\u0131n Prezidenti \u0130lham \u018fliyev may\u0131n 1-d\u0259 Az\u0259rbaycan Respublikas\u0131n\u0131n Ba\u015f prokuroru Kamran \u018fliyevi videoformatda q\u0259bul ed\u0259rk\u0259n deyib. Prezident \u0130lham \u018fliyev qeyd edib: &#8220;Pandemiya il\u0259 \u0259laq\u0259dar bu g\u00fcn Az\u0259rbaycan d\u00f6vl\u0259ti b\u00fct\u00fcn resurslar\u0131 s\u0259f\u0259rb\u0259r edib, ilk n\u00f6vb\u0259d\u0259, v\u0259t\u0259nda\u015flar\u0131, onlara h\u0259yat\u0131n\u0131, sa\u011flaml\u0131\u011f\u0131n\u0131 qorumaq \u00fc\u00e7\u00fcn \u0259lind\u0259n g\u0259l\u0259ni&hellip;","_links":{"self":[{"href":"https:\/\/arantv.az\/index.php?rest_route=\/wp\/v2\/posts\/157595"}],"collection":[{"href":"https:\/\/arantv.az\/index.php?rest_route=\/wp\/v2\/posts"}],"about":[{"href":"https:\/\/arantv.az\/index.php?rest_route=\/wp\/v2\/types\/post"}],"author":[{"embeddable":true,"href":"https:\/\/arantv.az\/index.php?rest_route=\/wp\/v2\/users\/2"}],"replies":[{"embeddable":true,"href":"https:\/\/arantv.az\/index.php?rest_route=%2Fwp%2Fv2%2Fcomments&post=157595"}],"version-history":[{"count":0,"href":"https:\/\/arantv.az\/index.php?rest_route=\/wp\/v2\/posts\/157595\/revisions"}],"wp:featuredmedia":[{"embeddable":true,"href":"https:\/\/arantv.az\/index.php?rest_route=\/wp\/v2\/media\/157596"}],"wp:attachment":[{"href":"https:\/\/arantv.az\/index.php?rest_route=%2Fwp%2Fv2%2Fmedia&parent=157595"}],"wp:term":[{"taxonomy":"category","embeddable":true,"href":"https:\/\/arantv.az\/index.php?rest_route=%2Fwp%2Fv2%2Fcategories&post=157595"},{"taxonomy":"post_tag","embeddable":true,"href":"https:\/\/arantv.az\/index.php?rest_route=%2Fwp%2Fv2%2Ftags&post=157595"}],"curies":[{"name":"wp","href":"https:\/\/api.w.org\/{rel}","templated":true}]}}