{"id":157611,"date":"2020-05-01T21:48:37","date_gmt":"2020-05-01T18:48:37","guid":{"rendered":"http:\/\/arantv.az\/?p=157611"},"modified":"2020-05-01T21:48:37","modified_gmt":"2020-05-01T18:48:37","slug":"rayon-sakinl%c9%99ri-bakiya-g%c9%99l%c9%99-bil%c9%99r-dyp-d%c9%99n-aciqlama","status":"publish","type":"post","link":"https:\/\/arantv.az\/?p=157611","title":{"rendered":"Rayon sakinl\u0259ri Bak\u0131ya g\u0259l\u0259 bil\u0259r? &#8211; DYP-d\u0259n A\u00c7IQLAMA"},"content":{"rendered":"<p>&#8220;Bak\u0131, Sumqay\u0131t, G\u0259nc\u0259, L\u0259nk\u0259ran \u015f\u0259h\u0259rl\u0259ri v\u0259 Ab\u015feronda karantinl\u0259 ba\u011fl\u0131 elan edil\u0259n qada\u011falar q\u00fcvv\u0259d\u0259dir&#8221;.<\/p>\n<p><strong>ARANTV.AZ<\/strong> qaynarinfo-ya istinad\u0259n x\u0259b\u0259r verir ki, bu bar\u0259d\u0259 D\u00f6vl\u0259t Yol Polisinin m\u0259tbuat xidm\u0259tinin r\u0259hb\u0259ri Kamran \u018fliyev koronavirusla \u0259laq\u0259dar karantin rejiminin yum\u015fad\u0131lmas\u0131ndan dan\u0131\u015fark\u0259n deyib.<\/p>\n<p>Onun s\u00f6zl\u0259rin\u0259 g\u00f6r\u0259, Bak\u0131, Sumqay\u0131t, G\u0259nc\u0259, L\u0259nk\u0259ran \u015f\u0259h\u0259rl\u0259ri v\u0259 Ab\u015feron rayon istisna olmaqla yerd\u0259 qalan rayonlar\u0131n v\u0259t\u0259nda\u015flar\u0131 \u00f6z \u0259razil\u0259rind\u0259 g\u0259zm\u0259l\u0259ri icaz\u0259siz h\u0259yata ke\u00e7iril\u0259c\u0259k:<\/p>\n<p>&#8220;Q\u0259rarda ad\u0131 olmayan rayonlar\u0131n v\u0259t\u0259nda\u015flar\u0131 icaz\u0259 alamadan ist\u0259dikl\u0259ri yer\u0259 ged\u0259c\u0259k. Amma Bak\u0131, Sumqay\u0131t, G\u0259nc\u0259, L\u0259nk\u0259ran v\u0259 Ab\u015feron \u0259razisind\u0259 bu m\u0259hdudiyy\u0259tl\u0259r aradan qald\u0131r\u0131lmay\u0131b. Y\u0259ni, ad\u0131 ged\u0259n \u015f\u0259h\u0259rl\u0259rd\u0259 ya\u015fayan v\u0259t\u0259nda\u015flar may\u0131n 31-n\u0259 kimi SMS v\u0259 &#8220;icaze.gov.az&#8221;dan istifad\u0259 etm\u0259kl\u0259 evd\u0259n \u00e7\u0131xacaq. Rayon sakinl\u0259rinin Bak\u0131ya g\u0259li\u015fin\u0259, el\u0259c\u0259 d\u0259 Bak\u0131dan rayona getm\u0259y\u0259 icaz\u0259 verilmir&#8221;.<\/p>\n","protected":false},"excerpt":{"rendered":"<p>&#8220;Bak\u0131, Sumqay\u0131t, G\u0259nc\u0259, L\u0259nk\u0259ran \u015f\u0259h\u0259rl\u0259ri v\u0259 Ab\u015feronda karantinl\u0259 ba\u011fl\u0131 elan edil\u0259n qada\u011falar q\u00fcvv\u0259d\u0259dir&#8221;. ARANTV.AZ qaynarinfo-ya istinad\u0259n x\u0259b\u0259r verir ki, bu bar\u0259d\u0259 D\u00f6vl\u0259t Yol Polisinin m\u0259tbuat xidm\u0259tinin r\u0259hb\u0259ri Kamran \u018fliyev koronavirusla \u0259laq\u0259dar karantin rejiminin yum\u015fad\u0131lmas\u0131ndan dan\u0131\u015fark\u0259n deyib. Onun s\u00f6zl\u0259rin\u0259 g\u00f6r\u0259, Bak\u0131, Sumqay\u0131t, G\u0259nc\u0259, L\u0259nk\u0259ran \u015f\u0259h\u0259rl\u0259ri v\u0259 Ab\u015feron rayon istisna olmaqla yerd\u0259 qalan rayonlar\u0131n v\u0259t\u0259nda\u015flar\u0131 \u00f6z \u0259razil\u0259rind\u0259 g\u0259zm\u0259l\u0259ri icaz\u0259siz h\u0259yata ke\u00e7iril\u0259c\u0259k: &#8220;Q\u0259rarda ad\u0131 olmayan rayonlar\u0131n v\u0259t\u0259nda\u015flar\u0131 icaz\u0259 alamadan ist\u0259dikl\u0259ri yer\u0259 ged\u0259c\u0259k. Amma Bak\u0131, Sumqay\u0131t, G\u0259nc\u0259, L\u0259nk\u0259ran v\u0259 Ab\u015feron \u0259razisind\u0259 bu m\u0259hdudiyy\u0259tl\u0259r aradan qald\u0131r\u0131lmay\u0131b. Y\u0259ni, ad\u0131 ged\u0259n \u015f\u0259h\u0259rl\u0259rd\u0259 ya\u015fayan v\u0259t\u0259nda\u015flar may\u0131n 31-n\u0259 kimi&hellip;<\/p>\n","protected":false},"author":2,"featured_media":157616,"comment_status":"closed","ping_status":"closed","sticky":false,"template":"","format":"standard","meta":{"om_disable_all_campaigns":false,"_monsterinsights_skip_tracking":false,"_monsterinsights_sitenote_active":false,"_monsterinsights_sitenote_note":"","_monsterinsights_sitenote_category":0},"categories":[19],"tags":[],"aioseo_notices":[],"gutentor_comment":0,"rttpg_featured_image_url":{"full":["https:\/\/arantv.az\/wp-content\/uploads\/2020\/05\/846969.jpg",800,550,false],"landscape":["https:\/\/arantv.az\/wp-content\/uploads\/2020\/05\/846969.jpg",800,550,false],"portraits":["https:\/\/arantv.az\/wp-content\/uploads\/2020\/05\/846969.jpg",800,550,false],"thumbnail":["https:\/\/arantv.az\/wp-content\/uploads\/2020\/05\/846969-150x150.jpg",150,150,true],"medium":["https:\/\/arantv.az\/wp-content\/uploads\/2020\/05\/846969-300x206.jpg",300,206,true],"large":["https:\/\/arantv.az\/wp-content\/uploads\/2020\/05\/846969.jpg",640,440,false],"1536x1536":["https:\/\/arantv.az\/wp-content\/uploads\/2020\/05\/846969.jpg",800,550,false],"2048x2048":["https:\/\/arantv.az\/wp-content\/uploads\/2020\/05\/846969.jpg",800,550,false],"post-thumbnail":["https:\/\/arantv.az\/wp-content\/uploads\/2020\/05\/846969-240x172.jpg",240,172,true],"advps-thumb-one":["https:\/\/arantv.az\/wp-content\/uploads\/2020\/05\/846969.jpg",800,550,false]},"rttpg_author":{"display_name":"V\u00fcsal Rafiqo\u011flu","author_link":"https:\/\/arantv.az\/?author=2"},"rttpg_comment":0,"rttpg_category":"<a href=\"https:\/\/arantv.az\/?cat=19\" rel=\"category\">G\u00fcnd\u0259m<\/a>","rttpg_excerpt":"&#8220;Bak\u0131, Sumqay\u0131t, G\u0259nc\u0259, L\u0259nk\u0259ran \u015f\u0259h\u0259rl\u0259ri v\u0259 Ab\u015feronda karantinl\u0259 ba\u011fl\u0131 elan edil\u0259n qada\u011falar q\u00fcvv\u0259d\u0259dir&#8221;. ARANTV.AZ qaynarinfo-ya istinad\u0259n x\u0259b\u0259r verir ki, bu bar\u0259d\u0259 D\u00f6vl\u0259t Yol Polisinin m\u0259tbuat xidm\u0259tinin r\u0259hb\u0259ri Kamran \u018fliyev koronavirusla \u0259laq\u0259dar karantin rejiminin yum\u015fad\u0131lmas\u0131ndan dan\u0131\u015fark\u0259n deyib. Onun s\u00f6zl\u0259rin\u0259 g\u00f6r\u0259, Bak\u0131, Sumqay\u0131t, G\u0259nc\u0259, L\u0259nk\u0259ran \u015f\u0259h\u0259rl\u0259ri v\u0259 Ab\u015feron rayon istisna olmaqla yerd\u0259 qalan rayonlar\u0131n v\u0259t\u0259nda\u015flar\u0131 \u00f6z \u0259razil\u0259rind\u0259&hellip;","_links":{"self":[{"href":"https:\/\/arantv.az\/index.php?rest_route=\/wp\/v2\/posts\/157611"}],"collection":[{"href":"https:\/\/arantv.az\/index.php?rest_route=\/wp\/v2\/posts"}],"about":[{"href":"https:\/\/arantv.az\/index.php?rest_route=\/wp\/v2\/types\/post"}],"author":[{"embeddable":true,"href":"https:\/\/arantv.az\/index.php?rest_route=\/wp\/v2\/users\/2"}],"replies":[{"embeddable":true,"href":"https:\/\/arantv.az\/index.php?rest_route=%2Fwp%2Fv2%2Fcomments&post=157611"}],"version-history":[{"count":0,"href":"https:\/\/arantv.az\/index.php?rest_route=\/wp\/v2\/posts\/157611\/revisions"}],"wp:featuredmedia":[{"embeddable":true,"href":"https:\/\/arantv.az\/index.php?rest_route=\/wp\/v2\/media\/157616"}],"wp:attachment":[{"href":"https:\/\/arantv.az\/index.php?rest_route=%2Fwp%2Fv2%2Fmedia&parent=157611"}],"wp:term":[{"taxonomy":"category","embeddable":true,"href":"https:\/\/arantv.az\/index.php?rest_route=%2Fwp%2Fv2%2Fcategories&post=157611"},{"taxonomy":"post_tag","embeddable":true,"href":"https:\/\/arantv.az\/index.php?rest_route=%2Fwp%2Fv2%2Ftags&post=157611"}],"curies":[{"name":"wp","href":"https:\/\/api.w.org\/{rel}","templated":true}]}}