{"id":157623,"date":"2020-05-01T21:52:08","date_gmt":"2020-05-01T18:52:08","guid":{"rendered":"http:\/\/arantv.az\/?p=157623"},"modified":"2020-05-01T21:52:08","modified_gmt":"2020-05-01T18:52:08","slug":"prezident-heyd%c9%99r-%c9%99liyev-fondunun-gond%c9%99rdyi-%c9%99rzaq-paylarini-da-aparib-oz-qohumlarinin-evl%c9%99rind%c9%99-saxlayirlar-ki-sonra-satsinlar","status":"publish","type":"post","link":"https:\/\/arantv.az\/?p=157623","title":{"rendered":"Prezident: &#8220;Heyd\u0259r \u018fliyev Fondunun g\u00f6nd\u0259rdyi \u0259rzaq paylar\u0131n\u0131 da apar\u0131b \u00f6z qohumlar\u0131n\u0131n evl\u0259rind\u0259 saxlay\u0131rlar ki, sonra sats\u0131nlar&#8221;"},"content":{"rendered":"<p><strong>\u201cD\u00f6rd rayonda hans\u0131 ki, icra ba\u015f\u00e7\u0131lar\u0131 h\u0259bs olunub, orada i\u015fl\u0259r geni\u015f t\u0259hlil edilm\u0259lidir. Art\u0131q d\u00fcn\u0259n m\u0259n\u0259 m\u0259lumat verildi ki, Bil\u0259suvar rayonunun h\u0259bs edilmi\u015f icra ba\u015f\u00e7\u0131s\u0131 bir ne\u00e7\u0259 insan\u0131n torpaq sah\u0259sini \u0259ll\u0259rind\u0259n al\u0131b. Bu v\u0259t\u0259nda\u015flar m\u0259n\u0259 a\u00e7\u0131q \u015f\u0259kild\u0259 m\u00fcraci\u0259t etmi\u015fl\u0259r v\u0259 d\u0259rhal g\u00f6st\u0259ri\u015f verildi ki, bu m\u0259s\u0259l\u0259 ara\u015fd\u0131r\u0131ls\u0131n. \u018fg\u0259r bu siqnal \u00f6z\u00fcn\u00fc t\u0259sdiql\u0259s\u0259, bu torpaqlar h\u0259min v\u0259t\u0259nda\u015flara qaytar\u0131lmal\u0131d\u0131r. Ona g\u00f6r\u0259 prokurorluq orqanlar\u0131 bu i\u015fl\u0259rd\u0259 f\u0259al olmal\u0131d\u0131rlar\u201d.<\/strong><\/p>\n<p>APA x\u0259b\u0259r verir ki, bu fikirl\u0259ri Prezident \u0130lham \u018fliyev may\u0131n 1-d\u0259 Az\u0259rbaycan Respublikas\u0131n\u0131n Ba\u015f prokuroru Kamran \u018fliyevi videoformatda q\u0259bul ed\u0259rk\u0259n deyib.<\/p>\n<p>D\u00f6vl\u0259t ba\u015f\u00e7\u0131s\u0131 diqq\u0259t\u0259 \u00e7atd\u0131r\u0131b ki, bu g\u00fcn bu a\u011f\u0131r d\u00f6vrd\u0259 veril\u0259n \u0259rza\u011f\u0131 o\u011furlamaq, f\u0259hl\u0259l\u0259r\u0259 n\u0259z\u0259rd\u0259 tutulmu\u015f maa\u015f\u0131 \u00f6z cibin\u0259 qoyaraq m\u0259nims\u0259m\u0259k h\u0259m cinay\u0259tdir, h\u0259m b\u00f6y\u00fck vicdans\u0131zl\u0131qd\u0131r: \u201cBu v\u0259saiti ay\u0131r\u0131r\u0131q ki, bu g\u00fcn \u00f6z\u00fcn\u0259 i\u015f tapa bilm\u0259y\u0259n insan he\u00e7 olmasa minimum \u0259m\u0259khaqq\u0131 s\u0259viyy\u0259sind\u0259 i\u015fl\u0259 t\u0259min edilsin. Bunlar ictimai i\u015fl\u0259rdir v\u0259 biz bu yolla insanlar\u0131 i\u015fl\u0259 t\u0259min edirik. \u018fg\u0259r birinci m\u0259rh\u0259l\u0259d\u0259 t\u0259qrib\u0259n 30 min i\u015f yeri yarad\u0131lm\u0131\u015fd\u0131rsa, haz\u0131rda m\u0259n g\u00f6st\u0259ri\u015f vermi\u015f\u0259m ki, onlar\u0131n say\u0131 90 min\u0259 \u00e7atd\u0131r\u0131ls\u0131n. Ancaq birinci m\u0259rh\u0259l\u0259d\u0259 bu v\u0259saitin paylan\u0131lmas\u0131 icra ba\u015f\u00e7\u0131lar\u0131 t\u0259r\u0259find\u0259n h\u0259yata ke\u00e7irilirdi. Burada m\u00f6vcud olan n\u0259zar\u0259tsizlik v\u0259 korrupsiya hallar\u0131 bir \u00e7ox insanlar\u0131 d\u00f6vl\u0259t t\u0259r\u0259find\u0259n veril\u0259n bu yard\u0131mdan faktiki olaraq m\u0259hrum etmi\u015fdir. Bu, vicdans\u0131zl\u0131qd\u0131r, buna ba\u015fqa ad verm\u0259k olmaz. Art\u0131q bu g\u00fcn biz n\u0259zar\u0259ti g\u00fccl\u0259ndirmi\u015fik. \u018fm\u0259k v\u0259 \u018fhalinin Sosial M\u00fcdafi\u0259si Nazirliyin\u0259 d\u0259 tap\u015f\u0131r\u0131q verildi ki, onlar bu i\u015fl\u0259r\u0259 d\u0259 n\u0259zar\u0259ti g\u00fccl\u0259ndirsinl\u0259r. Ancaq buna baxmayaraq, h\u0259bs edilmi\u015f icra ba\u015f\u00e7\u0131lar\u0131n\u0131n, icra n\u00fcmay\u0259nd\u0259sinin i\u015f otaqlar\u0131ndan, onlar\u0131n cibl\u0259rind\u0259n yen\u0259 d\u0259 h\u0259min o kas\u0131b insanlara \u00e7atacaq kartlar \u00e7\u0131x\u0131r. Ona g\u00f6r\u0259 bu v\u0259 dig\u0259r hallara qar\u015f\u0131 m\u00fcbariz\u0259 \u00e7ox ciddi olmal\u0131d\u0131r\u201d.<\/p>\n<p>Pandemiya il\u0259 \u0259laq\u0259dar bu g\u00fcn Az\u0259rbaycan d\u00f6vl\u0259tinin b\u00fct\u00fcn resurslar\u0131 s\u0259f\u0259rb\u0259r etdiyini dey\u0259n Prezident \u0130lham \u018fliyev bildirib ki, d\u00f6vl\u0259t ilk n\u00f6vb\u0259d\u0259, v\u0259t\u0259nda\u015flar\u0131, onlara h\u0259yat\u0131n\u0131, sa\u011flaml\u0131\u011f\u0131n\u0131 qorumaq \u00fc\u00e7\u00fcn \u0259lind\u0259n g\u0259l\u0259ni edir: \u201cOperativ Q\u0259rargah, b\u00fct\u00fcn aidiyy\u0259ti qurumlar gec\u0259-g\u00fcnd\u00fcz i\u015fl\u0259yirl\u0259r. H\u0259r g\u00fcn bizim birinci v\u0259 g\u00fcn\u00fcn ax\u0131r\u0131nda sonuncu \u0259sas i\u015fimiz bu m\u0259s\u0259l\u0259 il\u0259 m\u0259\u015f\u011ful olmaqd\u0131r. N\u0259 q\u0259d\u0259r adam x\u0259st\u0259l\u0259ndi, n\u0259 q\u0259d\u0259r adam sa\u011fald\u0131, ne\u00e7\u0259 n\u0259f\u0259r x\u0259st\u0259xanalara yerl\u0259\u015fdirildi, onlar\u0131n v\u0259ziyy\u0259ti nec\u0259dir, a\u011f\u0131r v\u0259ziyy\u0259td\u0259 olan v\u0259t\u0259nda\u015flar\u0131n durumu, onlar\u0131n sa\u011falma \u015fanslar\u0131 nec\u0259dir &#8211; biz gec\u0259-g\u00fcnd\u00fcz bununla m\u0259\u015f\u011ful oluruq. D\u00f6vl\u0259t, ictimai t\u0259\u015fkilatlar, ilk n\u00f6vb\u0259d\u0259, Heyd\u0259r \u018fliyev Fondu, ayr\u0131-ayr\u0131 sahibkarlar, ayr\u0131-ayr\u0131 imkanl\u0131 adamlar \u00f6z t\u0259\u015f\u0259bb\u00fcsl\u0259ri il\u0259 gedib kas\u0131b insanlara \u0259l tuturlar. Bu yard\u0131m\u0131 m\u0259nims\u0259m\u0259y\u0259 n\u0259 ad verm\u0259k olar?! Bu yax\u0131nlarda Heyd\u0259r \u018fliyev Fondu t\u0259r\u0259find\u0259n g\u00f6nd\u0259rilmi\u015f \u0259rzaq paylar\u0131n\u0131 da apar\u0131b \u00f6z qohumlar\u0131n\u0131n evl\u0259rind\u0259 saxlay\u0131rlar ki, sonra onlar\u0131 sats\u0131nlar. Biz buna g\u00f6zm\u00fc yumaca\u011f\u0131q? Bel\u0259 adamlar \u0259n ciddi c\u0259zaya layiqdirl\u0259r\u201d.<\/p>\n<p>\u201c\u0130ndi d\u00fcnya liderl\u0259rinin bir \u00e7oxu qeyd edir ki, pandemiya m\u00fcharib\u0259dir. B\u0259li, m\u0259n bu tezisl\u0259 raz\u0131yam. \u018fg\u0259r indiki \u015f\u0259raitd\u0259 bunlar \u00f6zl\u0259rini bel\u0259 apar\u0131rlarsa, bundan daha a\u011f\u0131r v\u0259ziyy\u0259t yaranarsa, onda bunlar n\u0259 ed\u0259c\u0259kl\u0259r? Bunun bir ad\u0131 var \u2013 vicdans\u0131zl\u0131q v\u0259 x\u0259yan\u0259t. Ona g\u00f6r\u0259 bundan sonra bu \u00fcns\u00fcrl\u0259r\u0259 qar\u015f\u0131 m\u00fcbariz\u0259 daha ciddi apar\u0131lmal\u0131d\u0131r\u201d, &#8211; dey\u0259 Az\u0259rbaycan Prezidenti vur\u011fulay\u0131b.<\/p>\n","protected":false},"excerpt":{"rendered":"<p>\u201cD\u00f6rd rayonda hans\u0131 ki, icra ba\u015f\u00e7\u0131lar\u0131 h\u0259bs olunub, orada i\u015fl\u0259r geni\u015f t\u0259hlil edilm\u0259lidir. Art\u0131q d\u00fcn\u0259n m\u0259n\u0259 m\u0259lumat verildi ki, Bil\u0259suvar rayonunun h\u0259bs edilmi\u015f icra ba\u015f\u00e7\u0131s\u0131 bir ne\u00e7\u0259 insan\u0131n torpaq sah\u0259sini \u0259ll\u0259rind\u0259n al\u0131b. Bu v\u0259t\u0259nda\u015flar m\u0259n\u0259 a\u00e7\u0131q \u015f\u0259kild\u0259 m\u00fcraci\u0259t etmi\u015fl\u0259r v\u0259 d\u0259rhal g\u00f6st\u0259ri\u015f verildi ki, bu m\u0259s\u0259l\u0259 ara\u015fd\u0131r\u0131ls\u0131n. \u018fg\u0259r bu siqnal \u00f6z\u00fcn\u00fc t\u0259sdiql\u0259s\u0259, bu torpaqlar h\u0259min v\u0259t\u0259nda\u015flara qaytar\u0131lmal\u0131d\u0131r. Ona g\u00f6r\u0259 prokurorluq orqanlar\u0131 bu i\u015fl\u0259rd\u0259 f\u0259al olmal\u0131d\u0131rlar\u201d. APA x\u0259b\u0259r verir ki, bu fikirl\u0259ri Prezident \u0130lham \u018fliyev may\u0131n 1-d\u0259 Az\u0259rbaycan Respublikas\u0131n\u0131n Ba\u015f prokuroru Kamran \u018fliyevi videoformatda q\u0259bul ed\u0259rk\u0259n deyib. D\u00f6vl\u0259t ba\u015f\u00e7\u0131s\u0131 diqq\u0259t\u0259 \u00e7atd\u0131r\u0131b&hellip;<\/p>\n","protected":false},"author":2,"featured_media":157624,"comment_status":"closed","ping_status":"closed","sticky":false,"template":"","format":"standard","meta":{"om_disable_all_campaigns":false,"_monsterinsights_skip_tracking":false,"_monsterinsights_sitenote_active":false,"_monsterinsights_sitenote_note":"","_monsterinsights_sitenote_category":0},"categories":[1],"tags":[],"aioseo_notices":[],"gutentor_comment":0,"rttpg_featured_image_url":{"full":["https:\/\/arantv.az\/wp-content\/uploads\/2020\/05\/352b727e31d7e5d1ea0b366adda620f8.jpg",450,300,false],"landscape":["https:\/\/arantv.az\/wp-content\/uploads\/2020\/05\/352b727e31d7e5d1ea0b366adda620f8.jpg",450,300,false],"portraits":["https:\/\/arantv.az\/wp-content\/uploads\/2020\/05\/352b727e31d7e5d1ea0b366adda620f8.jpg",450,300,false],"thumbnail":["https:\/\/arantv.az\/wp-content\/uploads\/2020\/05\/352b727e31d7e5d1ea0b366adda620f8-150x150.jpg",150,150,true],"medium":["https:\/\/arantv.az\/wp-content\/uploads\/2020\/05\/352b727e31d7e5d1ea0b366adda620f8-300x200.jpg",300,200,true],"large":["https:\/\/arantv.az\/wp-content\/uploads\/2020\/05\/352b727e31d7e5d1ea0b366adda620f8.jpg",450,300,false],"1536x1536":["https:\/\/arantv.az\/wp-content\/uploads\/2020\/05\/352b727e31d7e5d1ea0b366adda620f8.jpg",450,300,false],"2048x2048":["https:\/\/arantv.az\/wp-content\/uploads\/2020\/05\/352b727e31d7e5d1ea0b366adda620f8.jpg",450,300,false],"post-thumbnail":["https:\/\/arantv.az\/wp-content\/uploads\/2020\/05\/352b727e31d7e5d1ea0b366adda620f8-240x172.jpg",240,172,true],"advps-thumb-one":["https:\/\/arantv.az\/wp-content\/uploads\/2020\/05\/352b727e31d7e5d1ea0b366adda620f8.jpg",450,300,false]},"rttpg_author":{"display_name":"V\u00fcsal Rafiqo\u011flu","author_link":"https:\/\/arantv.az\/?author=2"},"rttpg_comment":0,"rttpg_category":"<a href=\"https:\/\/arantv.az\/?cat=1\" rel=\"category\">C\u0259miyy\u0259t<\/a>","rttpg_excerpt":"\u201cD\u00f6rd rayonda hans\u0131 ki, icra ba\u015f\u00e7\u0131lar\u0131 h\u0259bs olunub, orada i\u015fl\u0259r geni\u015f t\u0259hlil edilm\u0259lidir. Art\u0131q d\u00fcn\u0259n m\u0259n\u0259 m\u0259lumat verildi ki, Bil\u0259suvar rayonunun h\u0259bs edilmi\u015f icra ba\u015f\u00e7\u0131s\u0131 bir ne\u00e7\u0259 insan\u0131n torpaq sah\u0259sini \u0259ll\u0259rind\u0259n al\u0131b. Bu v\u0259t\u0259nda\u015flar m\u0259n\u0259 a\u00e7\u0131q \u015f\u0259kild\u0259 m\u00fcraci\u0259t etmi\u015fl\u0259r v\u0259 d\u0259rhal g\u00f6st\u0259ri\u015f verildi ki, bu m\u0259s\u0259l\u0259 ara\u015fd\u0131r\u0131ls\u0131n. \u018fg\u0259r bu siqnal \u00f6z\u00fcn\u00fc t\u0259sdiql\u0259s\u0259, bu torpaqlar h\u0259min&hellip;","_links":{"self":[{"href":"https:\/\/arantv.az\/index.php?rest_route=\/wp\/v2\/posts\/157623"}],"collection":[{"href":"https:\/\/arantv.az\/index.php?rest_route=\/wp\/v2\/posts"}],"about":[{"href":"https:\/\/arantv.az\/index.php?rest_route=\/wp\/v2\/types\/post"}],"author":[{"embeddable":true,"href":"https:\/\/arantv.az\/index.php?rest_route=\/wp\/v2\/users\/2"}],"replies":[{"embeddable":true,"href":"https:\/\/arantv.az\/index.php?rest_route=%2Fwp%2Fv2%2Fcomments&post=157623"}],"version-history":[{"count":0,"href":"https:\/\/arantv.az\/index.php?rest_route=\/wp\/v2\/posts\/157623\/revisions"}],"wp:featuredmedia":[{"embeddable":true,"href":"https:\/\/arantv.az\/index.php?rest_route=\/wp\/v2\/media\/157624"}],"wp:attachment":[{"href":"https:\/\/arantv.az\/index.php?rest_route=%2Fwp%2Fv2%2Fmedia&parent=157623"}],"wp:term":[{"taxonomy":"category","embeddable":true,"href":"https:\/\/arantv.az\/index.php?rest_route=%2Fwp%2Fv2%2Fcategories&post=157623"},{"taxonomy":"post_tag","embeddable":true,"href":"https:\/\/arantv.az\/index.php?rest_route=%2Fwp%2Fv2%2Ftags&post=157623"}],"curies":[{"name":"wp","href":"https:\/\/api.w.org\/{rel}","templated":true}]}}