{"id":157631,"date":"2020-05-01T22:33:40","date_gmt":"2020-05-01T19:33:40","guid":{"rendered":"http:\/\/arantv.az\/?p=157631"},"modified":"2020-05-01T22:33:40","modified_gmt":"2020-05-01T19:33:40","slug":"g%c9%99d%c9%99b%c9%99yd%c9%99-karantin-rejimini-pozanlar-h%c9%99bs-olundu-foto","status":"publish","type":"post","link":"https:\/\/arantv.az\/?p=157631","title":{"rendered":"G\u0259d\u0259b\u0259yd\u0259 karantin rejimini pozanlar h\u0259bs olundu &#8211; FOTO"},"content":{"rendered":"<article class=\"news\">\n<div class=\"news-inner\">\n<p>G\u0259d\u0259b\u0259yd\u0259 x\u00fcsusi karantin rejimi il\u0259 ba\u011fl\u0131 t\u0259dbirl\u0259r davam etdirilir.<\/p>\n<p>Bununla ba\u011fl\u0131 Daxili \u0130\u015fl\u0259r Nazirliyinin M\u0259tbuat Xidm\u0259tinin G\u0259nc\u0259 regional qrupu m\u0259lumat yay\u0131b.<\/p>\n<p>Bildirilib ki, x\u00fcsusi karantin rejiminin t\u0259l\u0259bl\u0259rinin yerin\u0259 yetirilm\u0259sin\u0259 n\u0259zar\u0259t etm\u0259k m\u0259qs\u0259dil\u0259 G\u0259d\u0259b\u0259y rayon Polis \u015e\u00f6b\u0259sinin \u0259m\u0259kda\u015flar\u0131 g\u00fccl\u0259ndirilmi\u015f i\u015f rejimind\u0259 xidm\u0259t apararaq, sakinl\u0259r aras\u0131nda profilaktiki t\u0259dbirl\u0259r h\u0259yata ke\u00e7ir\u0259r\u0259k, m\u00fcmk\u00fcn q\u0259d\u0259r evd\u0259 qalma\u011f\u0131, z\u0259ruri hallarda evd\u0259n \u00e7\u0131xd\u0131qda is\u0259 tibbi maska, \u0259lc\u0259kd\u0259n istifad\u0259 etm\u0259yi, dezinfeksiya edici vasit\u0259l\u0259rd\u0259n istifad\u0259 etm\u0259yi t\u00f6vsiy\u0259 edirl\u0259r.<\/p>\n<div id=\"AdviadNativeVideo0\" class=\"AdviadNativeVideo\"><\/div>\n<p>Bundan ba\u015fqa, rayon \u0259razisind\u0259 m\u00fct\u0259madi olaraq apar\u0131lan reydl\u0259r zaman\u0131 x\u00fcsusi karantin rejiminin t\u0259l\u0259bl\u0259rini pozan \u015f\u0259xsl\u0259r a\u015fkarlanaraq bar\u0259sind\u0259 m\u00fcvafiq qanunlara uy\u011fun olaraq t\u0259dbirl\u0259r g\u00f6r\u00fcl\u00fcb.<\/p>\n<p>Bel\u0259 ki, ara\u015fd\u0131rmalar zaman\u0131 157 sakin \u0130nzibati X\u0259talar M\u0259c\u0259ll\u0259sinin 211-ci (Epidemiya \u0259leyhin\u0259 rejimin, sanitariya-gigiyena v\u0259 karantin rejiml\u0259rinin pozulmas\u0131) madd\u0259si il\u0259 c\u0259rim\u0259 edilibl\u0259r. \u018flav\u0259 olaraq d\u00f6rd \u015f\u0259xs bar\u0259sind\u0259 rayon m\u0259hk\u0259m\u0259sinin q\u0259rar\u0131 il\u0259 inzibati h\u0259bs se\u00e7ilib.<\/p>\n<div class=\"gallery\">\n<div class=\"gallery-i\"><img src=\"https:\/\/cdn.oxu.az\/uploads\/W1siZiIsIjIwMjAvMDUvMDEvMjIvMjIvMjkvMjZiMjllMjMtM2Y2YS00ZDY0LWI1YTItYTVkMDJmMmI5NzAwL2IzZDkyODNmLTAzNGQtNDBlNi05YjRmLTIwYmMzNWRlZDNmZS5qcGciXSxbInAiLCJlbmNvZGUiLCJqcGciLCItcXVhbGl0eSA4MCJdLFsicCIsInRodW1iIiwiNTkweDU5MFx1MDAzZSJdXQ?sha=8cbbbf7c4f8b62d3\" alt=\"\" \/><\/p>\n<div class=\"gallery-i-caption\"><\/div>\n<\/div>\n<div class=\"gallery-i\"><img src=\"https:\/\/cdn.oxu.az\/uploads\/W1siZiIsIjIwMjAvMDUvMDEvMjIvMjIvMjkvNzVkMDk2ZGMtMmMxNC00ZDI2LWE0NjctZmY4NDFmOTFkMTQ0L2VkMTNlM2NiLThhY2UtNGJlMC1hYWFmLWJmZDAzYjdmNjlmOS5qcGciXSxbInAiLCJlbmNvZGUiLCJqcGciLCItcXVhbGl0eSA4MCJdLFsicCIsInRodW1iIiwiNTkweDU5MFx1MDAzZSJdXQ?sha=264186f3de069d48\" alt=\"\" \/><\/p>\n<div class=\"gallery-i-caption\"><\/div>\n<\/div>\n<div class=\"gallery-i\"><img src=\"https:\/\/cdn.oxu.az\/uploads\/W1siZiIsIjIwMjAvMDUvMDEvMjIvMjIvMjkvODFkMjE0ZjUtZDBmYi00N2NkLTg5YzEtNTVhOTQzYWY0YThlL2VkMTc3NzE3LTdmNjUtNGE5My04NzIyLWRiYzAxMDk1Yjc1NS5qcGciXSxbInAiLCJlbmNvZGUiLCJqcGciLCItcXVhbGl0eSA4MCJdLFsicCIsInRodW1iIiwiNTkweDU5MFx1MDAzZSJdXQ?sha=26c903ec66ac572f\" alt=\"\" \/><\/p>\n<div class=\"gallery-i-caption\"><\/div>\n<\/div>\n<\/div>\n<\/div>\n<\/article>\n","protected":false},"excerpt":{"rendered":"<p>G\u0259d\u0259b\u0259yd\u0259 x\u00fcsusi karantin rejimi il\u0259 ba\u011fl\u0131 t\u0259dbirl\u0259r davam etdirilir. Bununla ba\u011fl\u0131 Daxili \u0130\u015fl\u0259r Nazirliyinin M\u0259tbuat Xidm\u0259tinin G\u0259nc\u0259 regional qrupu m\u0259lumat yay\u0131b. Bildirilib ki, x\u00fcsusi karantin rejiminin t\u0259l\u0259bl\u0259rinin yerin\u0259 yetirilm\u0259sin\u0259 n\u0259zar\u0259t etm\u0259k m\u0259qs\u0259dil\u0259 G\u0259d\u0259b\u0259y rayon Polis \u015e\u00f6b\u0259sinin \u0259m\u0259kda\u015flar\u0131 g\u00fccl\u0259ndirilmi\u015f i\u015f rejimind\u0259 xidm\u0259t apararaq, sakinl\u0259r aras\u0131nda profilaktiki t\u0259dbirl\u0259r h\u0259yata ke\u00e7ir\u0259r\u0259k, m\u00fcmk\u00fcn q\u0259d\u0259r evd\u0259 qalma\u011f\u0131, z\u0259ruri hallarda evd\u0259n \u00e7\u0131xd\u0131qda is\u0259 tibbi maska, \u0259lc\u0259kd\u0259n istifad\u0259 etm\u0259yi, dezinfeksiya edici vasit\u0259l\u0259rd\u0259n istifad\u0259 etm\u0259yi t\u00f6vsiy\u0259 edirl\u0259r. Bundan ba\u015fqa, rayon \u0259razisind\u0259 m\u00fct\u0259madi olaraq apar\u0131lan reydl\u0259r zaman\u0131 x\u00fcsusi karantin rejiminin t\u0259l\u0259bl\u0259rini pozan \u015f\u0259xsl\u0259r a\u015fkarlanaraq bar\u0259sind\u0259 m\u00fcvafiq qanunlara uy\u011fun olaraq&hellip;<\/p>\n","protected":false},"author":2,"featured_media":157638,"comment_status":"closed","ping_status":"closed","sticky":false,"template":"","format":"standard","meta":{"om_disable_all_campaigns":false,"_monsterinsights_skip_tracking":false,"_monsterinsights_sitenote_active":false,"_monsterinsights_sitenote_note":"","_monsterinsights_sitenote_category":0},"categories":[2],"tags":[],"aioseo_notices":[],"gutentor_comment":0,"rttpg_featured_image_url":{"full":["https:\/\/arantv.az\/wp-content\/uploads\/2020\/05\/86d58845-5307-4d77-8ad7-460cc1b2e8a0.jpg",620,345,false],"landscape":["https:\/\/arantv.az\/wp-content\/uploads\/2020\/05\/86d58845-5307-4d77-8ad7-460cc1b2e8a0.jpg",620,345,false],"portraits":["https:\/\/arantv.az\/wp-content\/uploads\/2020\/05\/86d58845-5307-4d77-8ad7-460cc1b2e8a0.jpg",620,345,false],"thumbnail":["https:\/\/arantv.az\/wp-content\/uploads\/2020\/05\/86d58845-5307-4d77-8ad7-460cc1b2e8a0-150x150.jpg",150,150,true],"medium":["https:\/\/arantv.az\/wp-content\/uploads\/2020\/05\/86d58845-5307-4d77-8ad7-460cc1b2e8a0-300x167.jpg",300,167,true],"large":["https:\/\/arantv.az\/wp-content\/uploads\/2020\/05\/86d58845-5307-4d77-8ad7-460cc1b2e8a0.jpg",620,345,false],"1536x1536":["https:\/\/arantv.az\/wp-content\/uploads\/2020\/05\/86d58845-5307-4d77-8ad7-460cc1b2e8a0.jpg",620,345,false],"2048x2048":["https:\/\/arantv.az\/wp-content\/uploads\/2020\/05\/86d58845-5307-4d77-8ad7-460cc1b2e8a0.jpg",620,345,false],"post-thumbnail":["https:\/\/arantv.az\/wp-content\/uploads\/2020\/05\/86d58845-5307-4d77-8ad7-460cc1b2e8a0-240x172.jpg",240,172,true],"advps-thumb-one":["https:\/\/arantv.az\/wp-content\/uploads\/2020\/05\/86d58845-5307-4d77-8ad7-460cc1b2e8a0.jpg",620,345,false]},"rttpg_author":{"display_name":"V\u00fcsal Rafiqo\u011flu","author_link":"https:\/\/arantv.az\/?author=2"},"rttpg_comment":0,"rttpg_category":"<a href=\"https:\/\/arantv.az\/?cat=2\" rel=\"category\">Region X\u0259b\u0259rl\u0259ri<\/a>","rttpg_excerpt":"G\u0259d\u0259b\u0259yd\u0259 x\u00fcsusi karantin rejimi il\u0259 ba\u011fl\u0131 t\u0259dbirl\u0259r davam etdirilir. Bununla ba\u011fl\u0131 Daxili \u0130\u015fl\u0259r Nazirliyinin M\u0259tbuat Xidm\u0259tinin G\u0259nc\u0259 regional qrupu m\u0259lumat yay\u0131b. Bildirilib ki, x\u00fcsusi karantin rejiminin t\u0259l\u0259bl\u0259rinin yerin\u0259 yetirilm\u0259sin\u0259 n\u0259zar\u0259t etm\u0259k m\u0259qs\u0259dil\u0259 G\u0259d\u0259b\u0259y rayon Polis \u015e\u00f6b\u0259sinin \u0259m\u0259kda\u015flar\u0131 g\u00fccl\u0259ndirilmi\u015f i\u015f rejimind\u0259 xidm\u0259t apararaq, sakinl\u0259r aras\u0131nda profilaktiki t\u0259dbirl\u0259r h\u0259yata ke\u00e7ir\u0259r\u0259k, m\u00fcmk\u00fcn q\u0259d\u0259r evd\u0259 qalma\u011f\u0131, z\u0259ruri hallarda evd\u0259n&hellip;","_links":{"self":[{"href":"https:\/\/arantv.az\/index.php?rest_route=\/wp\/v2\/posts\/157631"}],"collection":[{"href":"https:\/\/arantv.az\/index.php?rest_route=\/wp\/v2\/posts"}],"about":[{"href":"https:\/\/arantv.az\/index.php?rest_route=\/wp\/v2\/types\/post"}],"author":[{"embeddable":true,"href":"https:\/\/arantv.az\/index.php?rest_route=\/wp\/v2\/users\/2"}],"replies":[{"embeddable":true,"href":"https:\/\/arantv.az\/index.php?rest_route=%2Fwp%2Fv2%2Fcomments&post=157631"}],"version-history":[{"count":0,"href":"https:\/\/arantv.az\/index.php?rest_route=\/wp\/v2\/posts\/157631\/revisions"}],"wp:featuredmedia":[{"embeddable":true,"href":"https:\/\/arantv.az\/index.php?rest_route=\/wp\/v2\/media\/157638"}],"wp:attachment":[{"href":"https:\/\/arantv.az\/index.php?rest_route=%2Fwp%2Fv2%2Fmedia&parent=157631"}],"wp:term":[{"taxonomy":"category","embeddable":true,"href":"https:\/\/arantv.az\/index.php?rest_route=%2Fwp%2Fv2%2Fcategories&post=157631"},{"taxonomy":"post_tag","embeddable":true,"href":"https:\/\/arantv.az\/index.php?rest_route=%2Fwp%2Fv2%2Ftags&post=157631"}],"curies":[{"name":"wp","href":"https:\/\/api.w.org\/{rel}","templated":true}]}}