{"id":157674,"date":"2020-05-02T08:51:08","date_gmt":"2020-05-02T05:51:08","guid":{"rendered":"http:\/\/arantv.az\/?p=157674"},"modified":"2020-05-02T08:51:08","modified_gmt":"2020-05-02T05:51:08","slug":"toy-v%c9%99-yas-m%c9%99rasiml%c9%99rin%c9%99-icaz%c9%99-veril%c9%99c%c9%99k","status":"publish","type":"post","link":"https:\/\/arantv.az\/?p=157674","title":{"rendered":"Toy v\u0259 yas m\u0259rasiml\u0259rin\u0259 icaz\u0259 veril\u0259c\u0259k?"},"content":{"rendered":"<p><strong>Az\u0259rbaycanda x\u00fcsusi karantin rejiminin may\u0131n 31-d\u0259k uzad\u0131lmas\u0131 v\u0259 b\u0259zi sah\u0259l\u0259rd\u0259 yum\u015fald\u0131lmalar\u0131n t\u0259tbiq edilm\u0259si q\u0259rar\u0131 il\u0259 ba\u011fl\u0131 Nazirl\u0259r Kabineti yan\u0131nda Operativ Q\u0259rargah\u0131n brifinqi ke\u00e7irilib.<\/strong><\/p>\n<div id=\"AdviadNativeVideo0\" class=\"AdviadNativeVideo\"><\/div>\n<p><strong>ARANTV.AZ<\/strong> x\u0259b\u0259r verir ki, Nazirl\u0259r Kabinetinin M\u0259tbuat xidm\u0259tinin r\u0259hb\u0259ri \u0130brahim M\u0259mm\u0259dov bildirib ki, b\u00fct\u00fcn \u00f6lk\u0259 \u0259razisind\u0259 toy v\u0259 yas m\u0259rasiml\u0259ri il\u0259 ba\u011fl\u0131 qada\u011fa q\u00fcvv\u0259d\u0259 qal\u0131r, \u00e7\u00fcnki bu, k\u00fctl\u0259vilik t\u0259\u015fkil ed\u0259n m\u0259s\u0259l\u0259l\u0259rd\u0259ndir.Ax\u015fam.az<\/p>\n","protected":false},"excerpt":{"rendered":"<p>Az\u0259rbaycanda x\u00fcsusi karantin rejiminin may\u0131n 31-d\u0259k uzad\u0131lmas\u0131 v\u0259 b\u0259zi sah\u0259l\u0259rd\u0259 yum\u015fald\u0131lmalar\u0131n t\u0259tbiq edilm\u0259si q\u0259rar\u0131 il\u0259 ba\u011fl\u0131 Nazirl\u0259r Kabineti yan\u0131nda Operativ Q\u0259rargah\u0131n brifinqi ke\u00e7irilib. ARANTV.AZ x\u0259b\u0259r verir ki, Nazirl\u0259r Kabinetinin M\u0259tbuat xidm\u0259tinin r\u0259hb\u0259ri \u0130brahim M\u0259mm\u0259dov bildirib ki, b\u00fct\u00fcn \u00f6lk\u0259 \u0259razisind\u0259 toy v\u0259 yas m\u0259rasiml\u0259ri il\u0259 ba\u011fl\u0131 qada\u011fa q\u00fcvv\u0259d\u0259 qal\u0131r, \u00e7\u00fcnki bu, k\u00fctl\u0259vilik t\u0259\u015fkil ed\u0259n m\u0259s\u0259l\u0259l\u0259rd\u0259ndir.Ax\u015fam.az<\/p>\n","protected":false},"author":2,"featured_media":157675,"comment_status":"closed","ping_status":"closed","sticky":false,"template":"","format":"standard","meta":{"om_disable_all_campaigns":false,"_monsterinsights_skip_tracking":false,"_monsterinsights_sitenote_active":false,"_monsterinsights_sitenote_note":"","_monsterinsights_sitenote_category":0},"categories":[26],"tags":[],"aioseo_notices":[],"gutentor_comment":0,"rttpg_featured_image_url":{"full":["https:\/\/arantv.az\/wp-content\/uploads\/2020\/05\/196757_qmif5w57v3.jpg",1000,625,false],"landscape":["https:\/\/arantv.az\/wp-content\/uploads\/2020\/05\/196757_qmif5w57v3.jpg",1000,625,false],"portraits":["https:\/\/arantv.az\/wp-content\/uploads\/2020\/05\/196757_qmif5w57v3.jpg",1000,625,false],"thumbnail":["https:\/\/arantv.az\/wp-content\/uploads\/2020\/05\/196757_qmif5w57v3-150x150.jpg",150,150,true],"medium":["https:\/\/arantv.az\/wp-content\/uploads\/2020\/05\/196757_qmif5w57v3-300x188.jpg",300,188,true],"large":["https:\/\/arantv.az\/wp-content\/uploads\/2020\/05\/196757_qmif5w57v3.jpg",640,400,false],"1536x1536":["https:\/\/arantv.az\/wp-content\/uploads\/2020\/05\/196757_qmif5w57v3.jpg",1000,625,false],"2048x2048":["https:\/\/arantv.az\/wp-content\/uploads\/2020\/05\/196757_qmif5w57v3.jpg",1000,625,false],"post-thumbnail":["https:\/\/arantv.az\/wp-content\/uploads\/2020\/05\/196757_qmif5w57v3-240x172.jpg",240,172,true],"advps-thumb-one":["https:\/\/arantv.az\/wp-content\/uploads\/2020\/05\/196757_qmif5w57v3-1000x620.jpg",1000,620,true]},"rttpg_author":{"display_name":"V\u00fcsal Rafiqo\u011flu","author_link":"https:\/\/arantv.az\/?author=2"},"rttpg_comment":0,"rttpg_category":"<a href=\"https:\/\/arantv.az\/?cat=26\" rel=\"category\">Sosial<\/a>","rttpg_excerpt":"Az\u0259rbaycanda x\u00fcsusi karantin rejiminin may\u0131n 31-d\u0259k uzad\u0131lmas\u0131 v\u0259 b\u0259zi sah\u0259l\u0259rd\u0259 yum\u015fald\u0131lmalar\u0131n t\u0259tbiq edilm\u0259si q\u0259rar\u0131 il\u0259 ba\u011fl\u0131 Nazirl\u0259r Kabineti yan\u0131nda Operativ Q\u0259rargah\u0131n brifinqi ke\u00e7irilib. ARANTV.AZ x\u0259b\u0259r verir ki, Nazirl\u0259r Kabinetinin M\u0259tbuat xidm\u0259tinin r\u0259hb\u0259ri \u0130brahim M\u0259mm\u0259dov bildirib ki, b\u00fct\u00fcn \u00f6lk\u0259 \u0259razisind\u0259 toy v\u0259 yas m\u0259rasiml\u0259ri il\u0259 ba\u011fl\u0131 qada\u011fa q\u00fcvv\u0259d\u0259 qal\u0131r, \u00e7\u00fcnki bu, k\u00fctl\u0259vilik t\u0259\u015fkil ed\u0259n m\u0259s\u0259l\u0259l\u0259rd\u0259ndir.Ax\u015fam.az","_links":{"self":[{"href":"https:\/\/arantv.az\/index.php?rest_route=\/wp\/v2\/posts\/157674"}],"collection":[{"href":"https:\/\/arantv.az\/index.php?rest_route=\/wp\/v2\/posts"}],"about":[{"href":"https:\/\/arantv.az\/index.php?rest_route=\/wp\/v2\/types\/post"}],"author":[{"embeddable":true,"href":"https:\/\/arantv.az\/index.php?rest_route=\/wp\/v2\/users\/2"}],"replies":[{"embeddable":true,"href":"https:\/\/arantv.az\/index.php?rest_route=%2Fwp%2Fv2%2Fcomments&post=157674"}],"version-history":[{"count":0,"href":"https:\/\/arantv.az\/index.php?rest_route=\/wp\/v2\/posts\/157674\/revisions"}],"wp:featuredmedia":[{"embeddable":true,"href":"https:\/\/arantv.az\/index.php?rest_route=\/wp\/v2\/media\/157675"}],"wp:attachment":[{"href":"https:\/\/arantv.az\/index.php?rest_route=%2Fwp%2Fv2%2Fmedia&parent=157674"}],"wp:term":[{"taxonomy":"category","embeddable":true,"href":"https:\/\/arantv.az\/index.php?rest_route=%2Fwp%2Fv2%2Fcategories&post=157674"},{"taxonomy":"post_tag","embeddable":true,"href":"https:\/\/arantv.az\/index.php?rest_route=%2Fwp%2Fv2%2Ftags&post=157674"}],"curies":[{"name":"wp","href":"https:\/\/api.w.org\/{rel}","templated":true}]}}