{"id":158210,"date":"2020-05-02T19:08:01","date_gmt":"2020-05-02T16:08:01","guid":{"rendered":"http:\/\/arantv.az\/?p=158210"},"modified":"2020-05-02T19:08:01","modified_gmt":"2020-05-02T16:08:01","slug":"saglam-g%c9%99l%c9%99c%c9%99yimiz-namin%c9%99-karantin-rejimin%c9%99-%c9%99m%c9%99l-ed%c9%99k","status":"publish","type":"post","link":"https:\/\/arantv.az\/?p=158210","title":{"rendered":"&#8220;Sa\u011flam g\u0259l\u0259c\u0259yimiz namin\u0259 karantin rejimin\u0259 \u0259m\u0259l ed\u0259k&#8221;"},"content":{"rendered":"<p>Koronavirus pandemiyas\u0131n\u0131n s\u0259rh\u0259dl\u0259ri a\u015f\u0131b, ke\u00e7diyi ilk g\u00fcnd\u0259n Az\u0259rbaycan \u00f6z\u00fcn\u00fcn g\u00fcc\u00fc hesab\u0131na g\u00f6z\u0259g\u00f6r\u00fcnm\u0259z &#8220;d\u00fc\u015fm\u0259n&#8221;in \u00f6hd\u0259sind\u0259n g\u0259lm\u0259y\u0259 qadir oldu\u011funu n\u00fcmayi\u015f etdirdi. \u00d6lk\u0259 Prezidenti \u0130lham \u018fliyevin uzaqg\u00f6r\u0259nliyi v\u0259 vaxt\u0131nda verilmi\u015f q\u0259rarlar\u0131 n\u0259tic\u0259sind\u0259 respublikada pandemiya il\u0259 m\u00fcbariz\u0259 t\u0259dbirl\u0259ri tam n\u0259zar\u0259t\u0259 g\u00f6t\u00fcr\u00fcld\u00fc.<\/p>\n<p><strong>ARANTV.AZ\u00a0<\/strong><a href=\"http:\/\/az.trend.az\/\" target=\"_blank\" rel=\"noopener\">Trend<\/a>-\u0259 istinad\u0259n bildirir ki, bunu Milli M\u0259clisin deputat\u0131 Naqif H\u0259mz\u0259yev deyib. Mill\u0259t v\u0259kili onu da qeyd edib ki, ilk g\u00fcnd\u0259n at\u0131lan add\u0131mlar\u0131n davaml\u0131l\u0131\u011f\u0131 il\u0259 yana\u015f\u0131 karantin rejimind\u0259 h\u0259yata ke\u00e7iril\u0259n yum\u015fald\u0131lmalar\u0131 rahatl\u0131q v\u0259 virusdan tam azad olmaq kimi q\u0259bul etm\u0259m\u0259liyik.<\/p>\n<p>D\u00fcnya t\u0259cr\u00fcb\u0259sind\u0259n yax\u015f\u0131 m\u0259lumdur ki, koronavirus yenid\u0259n \u00f6z\u00fcn\u00fc b\u00fcruz\u0259 ver\u0259n pandemiyad\u0131r. Unutmayaq ki, m\u00f6vcud qaydalara riay\u0259t olunmazsa prosesin ikinci dal\u011fas\u0131 ba\u015flaya bil\u0259r. Karantin rejimind\u0259ki m\u0259hdudiyy\u0259tl\u0259rin b\u0259zisinin aradan qald\u0131r\u0131lmas\u0131, yum\u015fald\u0131c\u0131 t\u0259dbirl\u0259r o dem\u0259k deyil ki, v\u0259t\u0259nda\u015flar \u0259vv\u0259lki h\u0259yat t\u0259rzl\u0259rin\u0259 geri d\u00f6nm\u0259lidirl\u0259r. Koronavirus pandemiyas\u0131na qar\u015f\u0131 m\u00fcbariz\u0259d\u0259 gigiyena qaydalar\u0131na d\u00fczg\u00fcn \u0259m\u0259l olunmas\u0131 \u0259n vacib t\u0259l\u0259dl\u0259rd\u0259ndir. Bir s\u00f6zl\u0259, v\u0259t\u0259nda\u015flar sosial m\u0259suliyy\u0259t hissini art\u0131rmal\u0131, \u00f6zl\u0259rini qorumaqla yana\u015f\u0131, \u0259trafdak\u0131lar\u0131n da qay\u011f\u0131s\u0131na qalmal\u0131d\u0131rlar.<\/p>\n<p>T\u0259bii ki, qaydalara riay\u0259t edilm\u0259s\u0259, karantin rejimi yenid\u0259n s\u0259rtl\u0259\u015fdiril\u0259, m\u00fcvafiq m\u0259hdudiyy\u0259tl\u0259r yenid\u0259n t\u0259tbiq oluna bil\u0259r. COVID-19-un nec\u0259 t\u0259hl\u00fck\u0259li oldu\u011funu unutmadan, bu infeksiyaya qar\u015f\u0131 ham\u0131 birlikd\u0259 sona q\u0259d\u0259r m\u00fcbariz\u0259 aparma\u011f\u0131 \u00f6z\u00fcn\u0259 borc bilm\u0259lidir.<\/p>\n<p>Prezidenti \u0130lham \u018fliyev b\u00fct\u00fcn \u00e7\u0131x\u0131\u015flar\u0131nda COVID-19 pandemiyas\u0131n\u0131n uzun m\u00fcdd\u0259tli proses oldu\u011funu, m\u00f6vcud qaydalara riay\u0259t olunmas\u0131 v\u0259 z\u0259ruri profilaktik t\u0259dbirl\u0259rin davam etdirilm\u0259sinin vacibliyini d\u0259f\u0259l\u0259rl\u0259 diqq\u0259t\u0259 \u00e7atd\u0131r\u0131b: &#8220;H\u0259r k\u0259s ba\u015fa d\u00fc\u015fm\u0259lidir ki, d\u00fcnya yeni d\u00f6vr\u0259 q\u0259d\u0259m qoyub. Bu, n\u0259 q\u0259d\u0259r davam ed\u0259c\u0259k he\u00e7 kim bilmir. X\u0259st\u0259lik n\u0259 q\u0259d\u0259r davam ed\u0259c\u0259k he\u00e7 kim bilmir. Hesab edir\u0259m ki, b\u00fct\u00fcn proqnozlar \u015f\u0259rti xarakter da\u015f\u0131y\u0131r. Bu x\u0259st\u0259liyin f\u0259sadlar\u0131 \u00f6z\u00fcn\u00fc hans\u0131 formada b\u00fcruz\u0259 ver\u0259c\u0259k? Bunu da biz bilmirik. \u00c7\u00fcnki biz h\u0259l\u0259 ki, bu x\u0259st\u0259liyin ibtidai m\u0259rh\u0259l\u0259sind\u0259yik v\u0259 \u00f6z\u00fcm\u00fcz\u00fc maksimum qorumal\u0131y\u0131q.&#8221;<\/p>\n<div><ins id=\"adsGardenCloud0158843561526445\" class=\"adsGardenCloud0158843561526445\" data-ad-client=\"1\" data-ad-slot=\"3420\" data-adsgarden-seen=\"true\" data-adsgarden-status=\"done\"><\/p>\n<div class=\"inpage\">\n<div class=\"inpage-wrap\">\n<div class=\"inpage-top\"><\/div>\n<div class=\"inpage-video\">\n<div id=\"adsgarden2019video\" class=\"video-js vjs5-hola-skin vjs-controls-disabled vjs-workinghover vjs-small adsgarden2019video-dimensions vjs-has-started vjs-pos-started vjs-user-inactive vjs-ima-ad vjs-ad-playing vjs-paused\" role=\"region\" data-fb-disable-controls=\"\" aria-label=\"video player\">\n<div><\/div>\n<\/div>\n<\/div>\n<\/div>\n<\/div>\n<p><\/ins><\/div>\n<p>Koronavirus t\u0259hl\u00fck\u0259li bir infeksiyad\u0131r v\u0259 ona d\u0131rnaqaras\u0131 m\u00fcnasib\u0259t g\u00f6st\u0259rm\u0259k olmaz. Karantin rejiminin t\u0259l\u0259bl\u0259rinin bir qisminin yum\u015fald\u0131lmas\u0131na baxmayaraq, ciddi \u015f\u0259kild\u0259 sosial izolyasiya t\u0259dbirl\u0259rin\u0259 riay\u0259t etm\u0259k h\u0259r birimizin borcudur. Prezident \u0130lham \u018fliyevin &#8220;M\u0259suliyy\u0259t hissi d\u0259 bu g\u00fcn s\u0259rgil\u0259diyimiz h\u0259mr\u0259ylik v\u0259 birlik hissl\u0259rinin s\u0259viyy\u0259sin\u0259 qalxmal\u0131d\u0131r&#8221; \u00e7a\u011f\u0131r\u0131\u015f\u0131na cavab olaraq sa\u011flam g\u0259l\u0259c\u0259yimiz namin\u0259, \u0259traf\u0131m\u0131zdak\u0131 insanlar\u0131n \u00fcmumb\u0259\u015f\u0259ri b\u0259laya yoluxmamalar\u0131 \u00fc\u00e7\u00fcn sosial izolyasiya qaydalar\u0131na \u0259m\u0259l ed\u0259k.<\/p>\n","protected":false},"excerpt":{"rendered":"<p>Koronavirus pandemiyas\u0131n\u0131n s\u0259rh\u0259dl\u0259ri a\u015f\u0131b, ke\u00e7diyi ilk g\u00fcnd\u0259n Az\u0259rbaycan \u00f6z\u00fcn\u00fcn g\u00fcc\u00fc hesab\u0131na g\u00f6z\u0259g\u00f6r\u00fcnm\u0259z &#8220;d\u00fc\u015fm\u0259n&#8221;in \u00f6hd\u0259sind\u0259n g\u0259lm\u0259y\u0259 qadir oldu\u011funu n\u00fcmayi\u015f etdirdi. \u00d6lk\u0259 Prezidenti \u0130lham \u018fliyevin uzaqg\u00f6r\u0259nliyi v\u0259 vaxt\u0131nda verilmi\u015f q\u0259rarlar\u0131 n\u0259tic\u0259sind\u0259 respublikada pandemiya il\u0259 m\u00fcbariz\u0259 t\u0259dbirl\u0259ri tam n\u0259zar\u0259t\u0259 g\u00f6t\u00fcr\u00fcld\u00fc. ARANTV.AZ\u00a0Trend-\u0259 istinad\u0259n bildirir ki, bunu Milli M\u0259clisin deputat\u0131 Naqif H\u0259mz\u0259yev deyib. Mill\u0259t v\u0259kili onu da qeyd edib ki, ilk g\u00fcnd\u0259n at\u0131lan add\u0131mlar\u0131n davaml\u0131l\u0131\u011f\u0131 il\u0259 yana\u015f\u0131 karantin rejimind\u0259 h\u0259yata ke\u00e7iril\u0259n yum\u015fald\u0131lmalar\u0131 rahatl\u0131q v\u0259 virusdan tam azad olmaq kimi q\u0259bul etm\u0259m\u0259liyik. D\u00fcnya t\u0259cr\u00fcb\u0259sind\u0259n yax\u015f\u0131 m\u0259lumdur ki, koronavirus yenid\u0259n \u00f6z\u00fcn\u00fc b\u00fcruz\u0259 ver\u0259n pandemiyad\u0131r. Unutmayaq ki, m\u00f6vcud&hellip;<\/p>\n","protected":false},"author":2,"featured_media":158215,"comment_status":"closed","ping_status":"closed","sticky":false,"template":"","format":"standard","meta":{"om_disable_all_campaigns":false,"_monsterinsights_skip_tracking":false,"_monsterinsights_sitenote_active":false,"_monsterinsights_sitenote_note":"","_monsterinsights_sitenote_category":0},"categories":[19],"tags":[],"aioseo_notices":[],"gutentor_comment":0,"rttpg_featured_image_url":{"full":["https:\/\/arantv.az\/wp-content\/uploads\/2020\/05\/847241.jpg",584,440,false],"landscape":["https:\/\/arantv.az\/wp-content\/uploads\/2020\/05\/847241.jpg",584,440,false],"portraits":["https:\/\/arantv.az\/wp-content\/uploads\/2020\/05\/847241.jpg",584,440,false],"thumbnail":["https:\/\/arantv.az\/wp-content\/uploads\/2020\/05\/847241-150x150.jpg",150,150,true],"medium":["https:\/\/arantv.az\/wp-content\/uploads\/2020\/05\/847241-300x226.jpg",300,226,true],"large":["https:\/\/arantv.az\/wp-content\/uploads\/2020\/05\/847241.jpg",584,440,false],"1536x1536":["https:\/\/arantv.az\/wp-content\/uploads\/2020\/05\/847241.jpg",584,440,false],"2048x2048":["https:\/\/arantv.az\/wp-content\/uploads\/2020\/05\/847241.jpg",584,440,false],"post-thumbnail":["https:\/\/arantv.az\/wp-content\/uploads\/2020\/05\/847241-240x172.jpg",240,172,true],"advps-thumb-one":["https:\/\/arantv.az\/wp-content\/uploads\/2020\/05\/847241.jpg",584,440,false]},"rttpg_author":{"display_name":"V\u00fcsal Rafiqo\u011flu","author_link":"https:\/\/arantv.az\/?author=2"},"rttpg_comment":0,"rttpg_category":"<a href=\"https:\/\/arantv.az\/?cat=19\" rel=\"category\">G\u00fcnd\u0259m<\/a>","rttpg_excerpt":"Koronavirus pandemiyas\u0131n\u0131n s\u0259rh\u0259dl\u0259ri a\u015f\u0131b, ke\u00e7diyi ilk g\u00fcnd\u0259n Az\u0259rbaycan \u00f6z\u00fcn\u00fcn g\u00fcc\u00fc hesab\u0131na g\u00f6z\u0259g\u00f6r\u00fcnm\u0259z &#8220;d\u00fc\u015fm\u0259n&#8221;in \u00f6hd\u0259sind\u0259n g\u0259lm\u0259y\u0259 qadir oldu\u011funu n\u00fcmayi\u015f etdirdi. \u00d6lk\u0259 Prezidenti \u0130lham \u018fliyevin uzaqg\u00f6r\u0259nliyi v\u0259 vaxt\u0131nda verilmi\u015f q\u0259rarlar\u0131 n\u0259tic\u0259sind\u0259 respublikada pandemiya il\u0259 m\u00fcbariz\u0259 t\u0259dbirl\u0259ri tam n\u0259zar\u0259t\u0259 g\u00f6t\u00fcr\u00fcld\u00fc. ARANTV.AZ\u00a0Trend-\u0259 istinad\u0259n bildirir ki, bunu Milli M\u0259clisin deputat\u0131 Naqif H\u0259mz\u0259yev deyib. Mill\u0259t v\u0259kili onu da qeyd edib ki,&hellip;","_links":{"self":[{"href":"https:\/\/arantv.az\/index.php?rest_route=\/wp\/v2\/posts\/158210"}],"collection":[{"href":"https:\/\/arantv.az\/index.php?rest_route=\/wp\/v2\/posts"}],"about":[{"href":"https:\/\/arantv.az\/index.php?rest_route=\/wp\/v2\/types\/post"}],"author":[{"embeddable":true,"href":"https:\/\/arantv.az\/index.php?rest_route=\/wp\/v2\/users\/2"}],"replies":[{"embeddable":true,"href":"https:\/\/arantv.az\/index.php?rest_route=%2Fwp%2Fv2%2Fcomments&post=158210"}],"version-history":[{"count":0,"href":"https:\/\/arantv.az\/index.php?rest_route=\/wp\/v2\/posts\/158210\/revisions"}],"wp:featuredmedia":[{"embeddable":true,"href":"https:\/\/arantv.az\/index.php?rest_route=\/wp\/v2\/media\/158215"}],"wp:attachment":[{"href":"https:\/\/arantv.az\/index.php?rest_route=%2Fwp%2Fv2%2Fmedia&parent=158210"}],"wp:term":[{"taxonomy":"category","embeddable":true,"href":"https:\/\/arantv.az\/index.php?rest_route=%2Fwp%2Fv2%2Fcategories&post=158210"},{"taxonomy":"post_tag","embeddable":true,"href":"https:\/\/arantv.az\/index.php?rest_route=%2Fwp%2Fv2%2Ftags&post=158210"}],"curies":[{"name":"wp","href":"https:\/\/api.w.org\/{rel}","templated":true}]}}