{"id":158211,"date":"2020-05-02T19:06:39","date_gmt":"2020-05-02T16:06:39","guid":{"rendered":"http:\/\/arantv.az\/?p=158211"},"modified":"2020-05-02T19:06:39","modified_gmt":"2020-05-02T16:06:39","slug":"mill%c9%99t-v%c9%99kili-arzu-nagiyev-m%c9%99mur-ozbasinaligi-il%c9%99-barismaz-mubariz%c9%99d%c9%99n-danisib-video","status":"publish","type":"post","link":"https:\/\/arantv.az\/?p=158211","title":{"rendered":"Mill\u0259t v\u0259kili Arzu Na\u011f\u0131yev m\u0259mur \u00f6zba\u015f\u0131nal\u0131\u011f\u0131 il\u0259 bar\u0131\u015fmaz m\u00fcbariz\u0259d\u0259n dan\u0131\u015f\u0131b &#8211; V\u0130DEO"},"content":{"rendered":"<p><strong>Prezident \u0130lham \u018fliyevin r\u00fc\u015fv\u0259txorlu\u011fa qar\u015f\u0131 q\u0259tiyy\u0259tli siyasi irad\u0259sini Az\u0259rbaycan xalq\u0131 d\u0259st\u0259kl\u0259yir.<\/strong><\/p>\n<p><strong>ARANTV.AZ<\/strong>\u00a0<a href=\"http:\/\/az.trend.az\/\" target=\"_blank\" rel=\"noopener\">Trend<\/a>-\u0259 istinad\u0259n bildirir ki,\u00a0Mill\u0259t v\u0259kili Arzu Na\u011f\u0131yev &#8220;Real \u0130ntervyu&#8221;da bu bar\u0259d\u0259 dan\u0131\u015f\u0131b:<\/p>\n<div class=\"container\">\n<div class=\"page-content\">\n<div class=\"content-wrapper article-page\" data-cat-id=\"3000\">\n<div class=\"article-wrapper active\" data-url=\"https:\/\/az.trend.az\/azerbaijan\/politics\/3233483.html\">\n<div class=\"article-content-wrapper\">\n<div class=\"article-body-wrapper\">\n<div class=\"article-body\">\n<div class=\"article-text\">\n<p><iframe loading=\"lazy\" src=\"https:\/\/www.trend.az\/player.php?f=%20https:\/\/cdn.trend.az\/2020\/05\/02\/video_arzu_nagiev_020520.mp4\" width=\"100%\" height=\"360\" frameborder=\"0\" allowfullscreen=\"allowfullscreen\" data-mce-fragment=\"1\"><\/iframe><\/p>\n<\/div>\n<\/div>\n<div class=\"article-footer\">\n<div class=\"tags-wrapper\"><\/div>\n<\/div>\n<\/div>\n<\/div>\n<\/div>\n<\/div>\n<\/div>\n<\/div>\n","protected":false},"excerpt":{"rendered":"<p>Prezident \u0130lham \u018fliyevin r\u00fc\u015fv\u0259txorlu\u011fa qar\u015f\u0131 q\u0259tiyy\u0259tli siyasi irad\u0259sini Az\u0259rbaycan xalq\u0131 d\u0259st\u0259kl\u0259yir. ARANTV.AZ\u00a0Trend-\u0259 istinad\u0259n bildirir ki,\u00a0Mill\u0259t v\u0259kili Arzu Na\u011f\u0131yev &#8220;Real \u0130ntervyu&#8221;da bu bar\u0259d\u0259 dan\u0131\u015f\u0131b:<\/p>\n","protected":false},"author":2,"featured_media":158212,"comment_status":"closed","ping_status":"closed","sticky":false,"template":"","format":"standard","meta":{"om_disable_all_campaigns":false,"_monsterinsights_skip_tracking":false,"_monsterinsights_sitenote_active":false,"_monsterinsights_sitenote_note":"","_monsterinsights_sitenote_category":0},"categories":[19],"tags":[],"aioseo_notices":[],"gutentor_comment":0,"rttpg_featured_image_url":{"full":["https:\/\/arantv.az\/wp-content\/uploads\/2020\/05\/847242.jpg",554,440,false],"landscape":["https:\/\/arantv.az\/wp-content\/uploads\/2020\/05\/847242.jpg",554,440,false],"portraits":["https:\/\/arantv.az\/wp-content\/uploads\/2020\/05\/847242.jpg",554,440,false],"thumbnail":["https:\/\/arantv.az\/wp-content\/uploads\/2020\/05\/847242-150x150.jpg",150,150,true],"medium":["https:\/\/arantv.az\/wp-content\/uploads\/2020\/05\/847242-300x238.jpg",300,238,true],"large":["https:\/\/arantv.az\/wp-content\/uploads\/2020\/05\/847242.jpg",554,440,false],"1536x1536":["https:\/\/arantv.az\/wp-content\/uploads\/2020\/05\/847242.jpg",554,440,false],"2048x2048":["https:\/\/arantv.az\/wp-content\/uploads\/2020\/05\/847242.jpg",554,440,false],"post-thumbnail":["https:\/\/arantv.az\/wp-content\/uploads\/2020\/05\/847242-240x172.jpg",240,172,true],"advps-thumb-one":["https:\/\/arantv.az\/wp-content\/uploads\/2020\/05\/847242.jpg",554,440,false]},"rttpg_author":{"display_name":"V\u00fcsal Rafiqo\u011flu","author_link":"https:\/\/arantv.az\/?author=2"},"rttpg_comment":0,"rttpg_category":"<a href=\"https:\/\/arantv.az\/?cat=19\" rel=\"category\">G\u00fcnd\u0259m<\/a>","rttpg_excerpt":"Prezident \u0130lham \u018fliyevin r\u00fc\u015fv\u0259txorlu\u011fa qar\u015f\u0131 q\u0259tiyy\u0259tli siyasi irad\u0259sini Az\u0259rbaycan xalq\u0131 d\u0259st\u0259kl\u0259yir. ARANTV.AZ\u00a0Trend-\u0259 istinad\u0259n bildirir ki,\u00a0Mill\u0259t v\u0259kili Arzu Na\u011f\u0131yev &#8220;Real \u0130ntervyu&#8221;da bu bar\u0259d\u0259 dan\u0131\u015f\u0131b:","_links":{"self":[{"href":"https:\/\/arantv.az\/index.php?rest_route=\/wp\/v2\/posts\/158211"}],"collection":[{"href":"https:\/\/arantv.az\/index.php?rest_route=\/wp\/v2\/posts"}],"about":[{"href":"https:\/\/arantv.az\/index.php?rest_route=\/wp\/v2\/types\/post"}],"author":[{"embeddable":true,"href":"https:\/\/arantv.az\/index.php?rest_route=\/wp\/v2\/users\/2"}],"replies":[{"embeddable":true,"href":"https:\/\/arantv.az\/index.php?rest_route=%2Fwp%2Fv2%2Fcomments&post=158211"}],"version-history":[{"count":0,"href":"https:\/\/arantv.az\/index.php?rest_route=\/wp\/v2\/posts\/158211\/revisions"}],"wp:featuredmedia":[{"embeddable":true,"href":"https:\/\/arantv.az\/index.php?rest_route=\/wp\/v2\/media\/158212"}],"wp:attachment":[{"href":"https:\/\/arantv.az\/index.php?rest_route=%2Fwp%2Fv2%2Fmedia&parent=158211"}],"wp:term":[{"taxonomy":"category","embeddable":true,"href":"https:\/\/arantv.az\/index.php?rest_route=%2Fwp%2Fv2%2Fcategories&post=158211"},{"taxonomy":"post_tag","embeddable":true,"href":"https:\/\/arantv.az\/index.php?rest_route=%2Fwp%2Fv2%2Ftags&post=158211"}],"curies":[{"name":"wp","href":"https:\/\/api.w.org\/{rel}","templated":true}]}}