{"id":158222,"date":"2020-05-02T19:09:48","date_gmt":"2020-05-02T16:09:48","guid":{"rendered":"http:\/\/arantv.az\/?p=158222"},"modified":"2020-05-02T19:09:48","modified_gmt":"2020-05-02T16:09:48","slug":"bil%c9%99suvarda-karantin-qaydalarini-pozan-4-n%c9%99f%c9%99r-saxlanilib","status":"publish","type":"post","link":"https:\/\/arantv.az\/?p=158222","title":{"rendered":"Bil\u0259suvarda karantin qaydalar\u0131n\u0131 pozan 4 n\u0259f\u0259r saxlan\u0131l\u0131b"},"content":{"rendered":"<p><strong>Bil\u0259suvarda karantin qaydalar\u0131n\u0131 pozan 4 n\u0259f\u0259r saxlan\u0131l\u0131b.<\/strong><\/p>\n<p>Daxili \u0130\u015fl\u0259r Nazirliyi M\u0259tbuat Xidm\u0259tinin L\u0259nk\u0259ran regional qrupundan Milli.Az-a veril\u0259n m\u0259lumata g\u00f6r\u0259, \u00f6lk\u0259 \u0259razisind\u0259 elan edilmi\u015f x\u00fcsusi karantin rejimi il\u0259 \u0259laq\u0259dar olaraq Bil\u0259suvar rayonunun giri\u015f hiss\u0259sind\u0259 yarad\u0131lm\u0131\u015f stasionar postda &#8220;Kia Rio&#8221; markal\u0131 avtomobilin s\u00fcr\u00fcc\u00fcs\u00fcn\u0259 &#8220;saxla&#8221; \u0259mri verils\u0259 d\u0259 o bu \u0259mr\u0259 tabe olmayaraq h\u0259r\u0259k\u0259ti davam etdirib. Bil\u0259suvar rayonu \u0259razisind\u0259 polis \u0259m\u0259kda\u015flar\u0131 t\u0259r\u0259find\u0259n h\u0259min avtomobil saxlan\u0131ld\u0131qdan sonra is\u0259 s\u00fcr\u00fcc\u00fc v\u0259 ma\u015f\u0131nda olan dig\u0259r 3 n\u0259f\u0259r \u015f\u0259xs d\u00fc\u015f\u0259r\u0259k qa\u00e7ma\u011fa c\u0259hd edibl\u0259r. H\u0259min \u015f\u0259xsl\u0259r d\u0259rhal Bil\u0259suvar RP\u015e-nin \u0259m\u0259kda\u015flar\u0131 t\u0259r\u0259find\u0259n saxlan\u0131laraq \u015f\u00f6b\u0259y\u0259 g\u0259tirilibl\u0259r.<\/p>\n<p>Saxlan\u0131lark\u0259n onlar\u0131n Bak\u0131 sakini \u018f. Mustafazad\u0259, Qax rayon sakini S. \u018fhm\u0259dov, A\u011fcab\u0259di rayon sakini O.M\u0259h\u0259rr\u0259mov v\u0259 F\u00fczuli rayon sakini K. G\u00fclh\u00fcseynzad\u0259 olduqlar\u0131 m\u00fc\u0259yy\u0259n edilib v\u0259 rayon m\u0259hk\u0259m\u0259sinin q\u0259rar\u0131 il\u0259 inzibati qaydada h\u0259bs olunublar.<\/p>\n","protected":false},"excerpt":{"rendered":"<p>Bil\u0259suvarda karantin qaydalar\u0131n\u0131 pozan 4 n\u0259f\u0259r saxlan\u0131l\u0131b. Daxili \u0130\u015fl\u0259r Nazirliyi M\u0259tbuat Xidm\u0259tinin L\u0259nk\u0259ran regional qrupundan Milli.Az-a veril\u0259n m\u0259lumata g\u00f6r\u0259, \u00f6lk\u0259 \u0259razisind\u0259 elan edilmi\u015f x\u00fcsusi karantin rejimi il\u0259 \u0259laq\u0259dar olaraq Bil\u0259suvar rayonunun giri\u015f hiss\u0259sind\u0259 yarad\u0131lm\u0131\u015f stasionar postda &#8220;Kia Rio&#8221; markal\u0131 avtomobilin s\u00fcr\u00fcc\u00fcs\u00fcn\u0259 &#8220;saxla&#8221; \u0259mri verils\u0259 d\u0259 o bu \u0259mr\u0259 tabe olmayaraq h\u0259r\u0259k\u0259ti davam etdirib. Bil\u0259suvar rayonu \u0259razisind\u0259 polis \u0259m\u0259kda\u015flar\u0131 t\u0259r\u0259find\u0259n h\u0259min avtomobil saxlan\u0131ld\u0131qdan sonra is\u0259 s\u00fcr\u00fcc\u00fc v\u0259 ma\u015f\u0131nda olan dig\u0259r 3 n\u0259f\u0259r \u015f\u0259xs d\u00fc\u015f\u0259r\u0259k qa\u00e7ma\u011fa c\u0259hd edibl\u0259r. H\u0259min \u015f\u0259xsl\u0259r d\u0259rhal Bil\u0259suvar RP\u015e-nin \u0259m\u0259kda\u015flar\u0131 t\u0259r\u0259find\u0259n saxlan\u0131laraq \u015f\u00f6b\u0259y\u0259 g\u0259tirilibl\u0259r. Saxlan\u0131lark\u0259n onlar\u0131n Bak\u0131 sakini&hellip;<\/p>\n","protected":false},"author":2,"featured_media":158224,"comment_status":"closed","ping_status":"closed","sticky":false,"template":"","format":"standard","meta":{"om_disable_all_campaigns":false,"_monsterinsights_skip_tracking":false,"_monsterinsights_sitenote_active":false,"_monsterinsights_sitenote_note":"","_monsterinsights_sitenote_category":0},"categories":[2],"tags":[],"aioseo_notices":[],"gutentor_comment":0,"rttpg_featured_image_url":{"full":["https:\/\/arantv.az\/wp-content\/uploads\/2020\/05\/847237.jpg",1280,720,false],"landscape":["https:\/\/arantv.az\/wp-content\/uploads\/2020\/05\/847237.jpg",1280,720,false],"portraits":["https:\/\/arantv.az\/wp-content\/uploads\/2020\/05\/847237.jpg",1280,720,false],"thumbnail":["https:\/\/arantv.az\/wp-content\/uploads\/2020\/05\/847237-150x150.jpg",150,150,true],"medium":["https:\/\/arantv.az\/wp-content\/uploads\/2020\/05\/847237-300x169.jpg",300,169,true],"large":["https:\/\/arantv.az\/wp-content\/uploads\/2020\/05\/847237-1024x576.jpg",640,360,true],"1536x1536":["https:\/\/arantv.az\/wp-content\/uploads\/2020\/05\/847237.jpg",1280,720,false],"2048x2048":["https:\/\/arantv.az\/wp-content\/uploads\/2020\/05\/847237.jpg",1280,720,false],"post-thumbnail":["https:\/\/arantv.az\/wp-content\/uploads\/2020\/05\/847237-240x172.jpg",240,172,true],"advps-thumb-one":["https:\/\/arantv.az\/wp-content\/uploads\/2020\/05\/847237-1200x620.jpg",1200,620,true]},"rttpg_author":{"display_name":"V\u00fcsal Rafiqo\u011flu","author_link":"https:\/\/arantv.az\/?author=2"},"rttpg_comment":0,"rttpg_category":"<a href=\"https:\/\/arantv.az\/?cat=2\" rel=\"category\">Region X\u0259b\u0259rl\u0259ri<\/a>","rttpg_excerpt":"Bil\u0259suvarda karantin qaydalar\u0131n\u0131 pozan 4 n\u0259f\u0259r saxlan\u0131l\u0131b. Daxili \u0130\u015fl\u0259r Nazirliyi M\u0259tbuat Xidm\u0259tinin L\u0259nk\u0259ran regional qrupundan Milli.Az-a veril\u0259n m\u0259lumata g\u00f6r\u0259, \u00f6lk\u0259 \u0259razisind\u0259 elan edilmi\u015f x\u00fcsusi karantin rejimi il\u0259 \u0259laq\u0259dar olaraq Bil\u0259suvar rayonunun giri\u015f hiss\u0259sind\u0259 yarad\u0131lm\u0131\u015f stasionar postda &#8220;Kia Rio&#8221; markal\u0131 avtomobilin s\u00fcr\u00fcc\u00fcs\u00fcn\u0259 &#8220;saxla&#8221; \u0259mri verils\u0259 d\u0259 o bu \u0259mr\u0259 tabe olmayaraq h\u0259r\u0259k\u0259ti davam etdirib. Bil\u0259suvar rayonu&hellip;","_links":{"self":[{"href":"https:\/\/arantv.az\/index.php?rest_route=\/wp\/v2\/posts\/158222"}],"collection":[{"href":"https:\/\/arantv.az\/index.php?rest_route=\/wp\/v2\/posts"}],"about":[{"href":"https:\/\/arantv.az\/index.php?rest_route=\/wp\/v2\/types\/post"}],"author":[{"embeddable":true,"href":"https:\/\/arantv.az\/index.php?rest_route=\/wp\/v2\/users\/2"}],"replies":[{"embeddable":true,"href":"https:\/\/arantv.az\/index.php?rest_route=%2Fwp%2Fv2%2Fcomments&post=158222"}],"version-history":[{"count":0,"href":"https:\/\/arantv.az\/index.php?rest_route=\/wp\/v2\/posts\/158222\/revisions"}],"wp:featuredmedia":[{"embeddable":true,"href":"https:\/\/arantv.az\/index.php?rest_route=\/wp\/v2\/media\/158224"}],"wp:attachment":[{"href":"https:\/\/arantv.az\/index.php?rest_route=%2Fwp%2Fv2%2Fmedia&parent=158222"}],"wp:term":[{"taxonomy":"category","embeddable":true,"href":"https:\/\/arantv.az\/index.php?rest_route=%2Fwp%2Fv2%2Fcategories&post=158222"},{"taxonomy":"post_tag","embeddable":true,"href":"https:\/\/arantv.az\/index.php?rest_route=%2Fwp%2Fv2%2Ftags&post=158222"}],"curies":[{"name":"wp","href":"https:\/\/api.w.org\/{rel}","templated":true}]}}