{"id":158227,"date":"2020-05-02T19:45:06","date_gmt":"2020-05-02T16:45:06","guid":{"rendered":"http:\/\/arantv.az\/?p=158227"},"modified":"2020-05-02T19:45:06","modified_gmt":"2020-05-02T16:45:06","slug":"mill%c9%99t-v%c9%99kili-az%c9%99rbaycanda-korrupsiya-v%c9%99-rusv%c9%99txorluga-qarsi-cox-ciddi-mubariz%c9%99-aparilir","status":"publish","type":"post","link":"https:\/\/arantv.az\/?p=158227","title":{"rendered":"Mill\u0259t v\u0259kili: \u201cAz\u0259rbaycanda korrupsiya v\u0259 r\u00fc\u015fv\u0259txorlu\u011fa qar\u015f\u0131 \u00e7ox ciddi m\u00fcbariz\u0259 apar\u0131l\u0131r\u201d"},"content":{"rendered":"<p>\u201cApar\u0131lan islahatlar v\u0259 Prezident \u0130lham \u018fliyevin irad\u0259sinin d\u00f6nm\u0259z xarakter almas\u0131 xo\u015fag\u0259lm\u0259z hallar\u0131 q\u0131sa zaman k\u0259siyind\u0259 tamamil\u0259 aradan qald\u0131racaq&#8221;.<\/p>\n<p>Bunu APA-ya a\u00e7\u0131qlamas\u0131nda mill\u0259t v\u0259kili F\u0259zail A\u011famal\u0131 bildirib.<\/p>\n<p>Mill\u0259t v\u0259kili deyib ki, Prezident \u0130lham \u018fliyev Ba\u015f prokuror Kamran \u018fliyevi videoformatda q\u0259bulunda bir daha b\u0259zi m\u0259murlara x\u0259b\u0259rdarl\u0131q edib: \u201cB\u0259zi m\u0259murlar ba\u015f ver\u0259nl\u0259rd\u0259n d\u0259rs \u00e7\u0131xarmal\u0131, d\u0259yi\u015fm\u0259lidirl\u0259r. Az\u0259rbaycanda h\u0259yata ke\u00e7iril\u0259n siyas\u0259tin m\u0259rk\u0259zind\u0259 v\u0259t\u0259nda\u015f dayan\u0131r. Apar\u0131lan kadr islahatlar\u0131 n\u0259tic\u0259sind\u0259 yeni pe\u015f\u0259kar, bilikli, m\u00fcasir kadrlar \u00f6n\u0259 \u00e7\u0259kilir. Kadr islahatlar imkan verib ki, yeni pe\u015f\u0259kar, bilikli, m\u00fcasir kadrlar \u00f6n\u0259 \u00e7\u0259kilsin. M\u00fcasir d\u00fcnyada siyasi, iqtisadi sah\u0259l\u0259rd\u0259, beyn\u0259lxalq m\u00fcst\u0259vid\u0259 m\u00fcasir yana\u015fmalar olmal\u0131d\u0131r. Y\u00fcks\u0259k keyfiyy\u0259tli t\u0259hsil alm\u0131\u015f g\u0259nc kadrlar\u0131n h\u0259m h\u00f6kum\u0259td\u0259, h\u0259m Prezident Administrasiyas\u0131nda, parlamentd\u0259 v\u0259 dig\u0259r qurumlarda t\u0259msil olunmas\u0131 bizim \u015f\u00fcurlu se\u00e7imimizdir. T\u0259cr\u00fcb\u0259li kadrlar da \u00f6z bilikl\u0259rini g\u0259nc n\u0259sill\u0259 b\u00f6l\u00fc\u015fm\u0259lidirl\u0259r. \u0130st\u0259nil\u0259n sah\u0259d\u0259 kadrlar d\u00f6vl\u0259t\u0259, xalqa ba\u011fl\u0131, v\u0259t\u0259np\u0259rv\u0259r olmal\u0131d\u0131rlar v\u0259 onlar \u00fc\u00e7\u00fcn d\u00f6vl\u0259t maraqlar\u0131 h\u0259r \u015feyd\u0259n \u00fcst\u00fcn olmal\u0131d\u0131r\u201d.<\/p>\n<p>F. A\u011famal\u0131 vur\u011fulay\u0131b ki, Az\u0259rbaycanda h\u00fcquq m\u00fchafiz\u0259 sistemind\u0259 islahatlar d\u0259rinl\u0259\u015fm\u0259li v\u0259 qanunun aliliyi t\u0259min edilm\u0259lidir:<\/p>\n<p>\u201cH\u00fcquq m\u00fchafiz\u0259 orqanlar\u0131nda da daha geni\u015fmiqyasl\u0131 islahatlar\u0131n apar\u0131lmas\u0131 ba\u015fl\u0131ca \u015f\u0259rtdir. Az\u0259rbaycanda h\u00fcquq m\u00fchafiz\u0259 sistemind\u0259 islahatlar d\u0259rinl\u0259\u015fm\u0259li v\u0259 qanunun aliliyi t\u0259min edilm\u0259lidir. Kadrlar\u0131n pe\u015f\u0259karl\u0131\u011f\u0131 daim diqq\u0259t m\u0259rk\u0259zind\u0259 olmal\u0131d\u0131r. Bu g\u00fcn m\u00fcst\u0259qil d\u00f6vl\u0259timizin u\u011furlu ya\u015famas\u0131 v\u0259 m\u00f6hk\u0259ml\u0259nm\u0259si, ilk n\u00f6vb\u0259d\u0259, d\u00f6vl\u0259t\u00e7iliyimizin m\u00f6hk\u0259ml\u0259ndirilm\u0259si il\u0259 ba\u011fl\u0131d\u0131r. B\u00fct\u00fcn h\u00fcquq m\u00fchafiz\u0259 orqanlar\u0131 el\u0259 \u00e7al\u0131\u015fmal\u0131d\u0131rlar ki, h\u0259m v\u0259t\u0259nda\u015flar, ictimaiyy\u0259t onlar\u0131n i\u015find\u0259n raz\u0131 olsun, eyni zamanda, d\u00f6vl\u0259tin maraqlar\u0131 v\u0259 qanunun aliliyi t\u0259min edilsin. Az\u0259rbaycan c\u0259miyy\u0259tind\u0259 korrupsiya v\u0259 r\u00fc\u015fv\u0259txorluq olmamal\u0131d\u0131r. Az\u0259rbaycanda korrupsiya v\u0259 r\u00fc\u015fv\u0259txorlu\u011fa qar\u015f\u0131 \u00e7ox ciddi m\u00fcbariz\u0259 apar\u0131l\u0131r. \u018fg\u0259r hans\u0131sa d\u00f6vl\u0259t m\u0259muru \u00f6z i\u015find\u0259 d\u00fcz\u0259li\u015fl\u0259r ed\u0259 bilmirs\u0259, yaxud da ki, ist\u0259mirs\u0259, \u00f6z\u00fc k\u00f6n\u00fcll\u00fc \u015f\u0259kild\u0259 d\u00f6vl\u0259t i\u015find\u0259n istefa verm\u0259lidir. D\u00f6vl\u0259t T\u0259hl\u00fck\u0259sizliyi Xidm\u0259ti bir ne\u00e7\u0259 \u0259m\u0259liyyat ke\u00e7ir\u0259r\u0259k r\u00fc\u015fv\u0259txorlar\u0131, y\u00fcks\u0259k v\u0259zif\u0259 sahibl\u0259rini if\u015fa etdi v\u0259 onlar art\u0131q cinay\u0259t m\u0259suliyy\u0259tin\u0259 c\u0259lb edilmi\u015fl\u0259r. R\u00fc\u015fv\u0259txorluq bu adamlar \u00fc\u00e7\u00fcn \u0259sas prinsip olub. He\u00e7 kim m\u0259suliyy\u0259td\u0259n boyun qa\u00e7\u0131ra bilm\u0259y\u0259c\u0259k. He\u00e7 kim qanundan \u00fcst\u00fcn deyil. Qanun qar\u015f\u0131s\u0131nda ham\u0131 b\u0259rab\u0259rdir.<\/p>\n<p>Mill\u0259t v\u0259kili qeyd edib ki, korrupsiya v\u0259 r\u00fc\u015fv\u0259txorluq \u00fc\u00e7\u00fcn meydan h\u0259m inzibati yollarla, h\u0259m institusional \u00fcsullarla, h\u0259m d\u0259 c\u0259za t\u0259dbirl\u0259ri il\u0259 darald\u0131l\u0131r:<\/p>\n<p>\u201cBu g\u00fcn bu a\u011f\u0131r d\u00f6vrd\u0259 veril\u0259n \u0259rza\u011f\u0131 o\u011furlamaq, f\u0259hl\u0259l\u0259r\u0259 n\u0259z\u0259rd\u0259 tutulmu\u015f maa\u015f\u0131 \u00f6z cibin\u0259 qoyaraq m\u0259nims\u0259m\u0259k h\u0259m cinay\u0259tdir, h\u0259m b\u00f6y\u00fck vicdans\u0131zl\u0131qd\u0131r. Az\u0259rbaycan d\u00f6vl\u0259ti h\u0259min v\u0259saitl\u0259ri ona g\u00f6r\u0259 ay\u0131r\u0131r ki, bu g\u00fcn \u00f6z\u00fcn\u0259 i\u015f tapa bilm\u0259y\u0259n insan he\u00e7 olmasa minimum \u0259m\u0259khaqq\u0131 s\u0259viyy\u0259sind\u0259 i\u015fl\u0259 t\u0259min edilsin. Birinci m\u0259rh\u0259l\u0259d\u0259 t\u0259qrib\u0259n 30 min i\u015f yeri yarad\u0131lm\u0131\u015fd\u0131rsa, haz\u0131rda onlar\u0131n say\u0131 90 min\u0259 \u00e7atd\u0131r\u0131lacaq. Bu sah\u0259d\u0259 neqativ hallara qar\u015f\u0131 \u00e7ox ciddi m\u00fcbariz\u0259 apar\u0131l\u0131r v\u0259 bu m\u00fcbariz\u0259 davam etdiril\u0259c\u0259k\u201d.<\/p>\n<p>Mill\u0259t v\u0259kili n\u0259z\u0259r\u0259 \u00e7atd\u0131r\u0131b ki, \u00f6lk\u0259 Prezidenti 2018-ci ilin aprel ay\u0131nda prezident se\u00e7ildikd\u0259n sonra b\u00fct\u00fcn \u00e7\u0131x\u0131\u015flar\u0131nda, ayr\u0131-ayr\u0131 m\u0259murlarla apard\u0131\u011f\u0131 g\u00f6r\u00fc\u015fl\u0259rd\u0259, tap\u015f\u0131r\u0131qlar\u0131nda v\u0259 eyni zamanda ciddi xarakter da\u015f\u0131yan m\u00fc\u015favir\u0259l\u0259rd\u0259 h\u0259r zaman Az\u0259rbaycan\u0131n yeni inki\u015faf m\u0259rh\u0259l\u0259sin\u0259 daxil oldu\u011funu \u00f6n\u0259 \u00e7\u0259kib:<\/p>\n<p>\u201c\u00d6lk\u0259 ba\u015f\u00e7\u0131s\u0131 bu \u00e7\u0131x\u0131\u015flarda apar\u0131lan islahatlar\u0131n \u00fcz\u0259rind\u0259 dayan\u0131b v\u0259 eyni zamanda m\u0259murlar\u0131n m\u00fcasir \u00e7a\u011f\u0131r\u0131\u015flara uy\u011fun olaraq, \u00f6z davran\u0131\u015f v\u0259 h\u0259r\u0259k\u0259tl\u0259rind\u0259, idar\u0259etm\u0259 sistemind\u0259ki i\u015f qaydalar\u0131nda tamamil\u0259 yeni d\u0259y\u0259rl\u0259r\u0259 s\u00f6yk\u0259nm\u0259li olduqlar\u0131n\u0131 bildirib. Eyni zamanda f\u0259aliyy\u0259tl\u0259rind\u0259 korrupsiyaya, r\u00fc\u015fv\u0259txorlu\u011fa z\u0259rr\u0259 q\u0259d\u0259r imkan verm\u0259yib, buna \u0259sas yaratmal\u0131 deyill\u0259r. Y\u0259ni xalq\u0131n xidm\u0259t\u00e7isi kimi m\u0259mur olaraq \u0259haliy\u0259 y\u00fcks\u0259k s\u0259viyy\u0259d\u0259 xidm\u0259t etm\u0259lidirl\u0259r. Bunlar\u0131n ham\u0131s\u0131n\u0131 \u00f6lk\u0259 Prezidenti deyib v\u0259 d\u00fc\u015f\u00fcn\u00fcr\u0259m ki, bundan \u00fcst\u00fcn s\u00f6z ola bilm\u0259z. T\u0259bii ki, biz d\u0259 b\u00fct\u00fcn bunlara s\u00f6yk\u0259n\u0259r\u0259k, \u00f6lk\u0259 Prezidentinin Az\u0259rbaycan\u0131n d\u00f6vl\u0259t\u00e7iliyinin g\u00fccl\u0259nm\u0259sin\u0259 xidm\u0259t ed\u0259n fikirl\u0259rin\u0259, xalqla-m\u0259mur, c\u0259miyy\u0259tl\u0259-d\u00f6vl\u0259t aras\u0131nda m\u00fcnasib\u0259tl\u0259rin daha y\u00fcks\u0259k s\u0259viyy\u0259d\u0259 qurulmas\u0131na \u00e7al\u0131\u015fmal\u0131y\u0131q. Xalq\u0131m\u0131zla d\u00f6vl\u0259timiz aras\u0131ndak\u0131 m\u00fcnasib\u0259tl\u0259rin daha da g\u00fccl\u0259nm\u0259sin\u0259 xidm\u0259t ed\u0259n bu tap\u015f\u0131r\u0131qlara m\u0259murlar\u0131n m\u00fctl\u0259q \u0259ks\u0259riyy\u0259ti \u0259m\u0259l edir. Art\u0131q yeni t\u0259yin edil\u0259n m\u0259murlarla ba\u011fl\u0131 biz xo\u015fag\u0259lm\u0259z m\u0259qamlara rast g\u0259lmirik. H\u0259r halda, bu haqda k\u00fctl\u0259vi informasiya vasit\u0259l\u0259rind\u0259 m\u0259lumatlar yoxdur. \u0130nsanlar bununla ba\u011fl\u0131 sosial \u015f\u0259b\u0259k\u0259l\u0259rd\u0259 bu v\u0259 ya dig\u0259r \u015f\u0259kild\u0259 fikirl\u0259rini ifad\u0259 etmirl\u0259r. Ancaq g\u00f6r\u00fcn\u00fcr ki, k\u00f6hn\u0259 t\u0259f\u0259kk\u00fcr\u0259 malik olan, \u00f6z tamah\u0131n\u0131 cilovlaya bilm\u0259y\u0259n v\u0259 eyni zamanda f\u0259aliyy\u0259tind\u0259 d\u00f6n\u00fc\u015f yaratma\u011f\u0131 bacarmayanlar bu c\u00fcr probleml\u0259r yarad\u0131rlar&#8221;.<\/p>\n","protected":false},"excerpt":{"rendered":"<p>\u201cApar\u0131lan islahatlar v\u0259 Prezident \u0130lham \u018fliyevin irad\u0259sinin d\u00f6nm\u0259z xarakter almas\u0131 xo\u015fag\u0259lm\u0259z hallar\u0131 q\u0131sa zaman k\u0259siyind\u0259 tamamil\u0259 aradan qald\u0131racaq&#8221;. Bunu APA-ya a\u00e7\u0131qlamas\u0131nda mill\u0259t v\u0259kili F\u0259zail A\u011famal\u0131 bildirib. Mill\u0259t v\u0259kili deyib ki, Prezident \u0130lham \u018fliyev Ba\u015f prokuror Kamran \u018fliyevi videoformatda q\u0259bulunda bir daha b\u0259zi m\u0259murlara x\u0259b\u0259rdarl\u0131q edib: \u201cB\u0259zi m\u0259murlar ba\u015f ver\u0259nl\u0259rd\u0259n d\u0259rs \u00e7\u0131xarmal\u0131, d\u0259yi\u015fm\u0259lidirl\u0259r. Az\u0259rbaycanda h\u0259yata ke\u00e7iril\u0259n siyas\u0259tin m\u0259rk\u0259zind\u0259 v\u0259t\u0259nda\u015f dayan\u0131r. Apar\u0131lan kadr islahatlar\u0131 n\u0259tic\u0259sind\u0259 yeni pe\u015f\u0259kar, bilikli, m\u00fcasir kadrlar \u00f6n\u0259 \u00e7\u0259kilir. Kadr islahatlar imkan verib ki, yeni pe\u015f\u0259kar, bilikli, m\u00fcasir kadrlar \u00f6n\u0259 \u00e7\u0259kilsin. M\u00fcasir d\u00fcnyada siyasi, iqtisadi sah\u0259l\u0259rd\u0259, beyn\u0259lxalq m\u00fcst\u0259vid\u0259 m\u00fcasir&hellip;<\/p>\n","protected":false},"author":2,"featured_media":158233,"comment_status":"closed","ping_status":"closed","sticky":false,"template":"","format":"standard","meta":{"om_disable_all_campaigns":false,"_monsterinsights_skip_tracking":false,"_monsterinsights_sitenote_active":false,"_monsterinsights_sitenote_note":"","_monsterinsights_sitenote_category":0},"categories":[19],"tags":[],"aioseo_notices":[],"gutentor_comment":0,"rttpg_featured_image_url":{"full":["https:\/\/arantv.az\/wp-content\/uploads\/2020\/05\/968ae652055ab640dfcbc0ecf1d1127b.jpg",450,300,false],"landscape":["https:\/\/arantv.az\/wp-content\/uploads\/2020\/05\/968ae652055ab640dfcbc0ecf1d1127b.jpg",450,300,false],"portraits":["https:\/\/arantv.az\/wp-content\/uploads\/2020\/05\/968ae652055ab640dfcbc0ecf1d1127b.jpg",450,300,false],"thumbnail":["https:\/\/arantv.az\/wp-content\/uploads\/2020\/05\/968ae652055ab640dfcbc0ecf1d1127b-150x150.jpg",150,150,true],"medium":["https:\/\/arantv.az\/wp-content\/uploads\/2020\/05\/968ae652055ab640dfcbc0ecf1d1127b-300x200.jpg",300,200,true],"large":["https:\/\/arantv.az\/wp-content\/uploads\/2020\/05\/968ae652055ab640dfcbc0ecf1d1127b.jpg",450,300,false],"1536x1536":["https:\/\/arantv.az\/wp-content\/uploads\/2020\/05\/968ae652055ab640dfcbc0ecf1d1127b.jpg",450,300,false],"2048x2048":["https:\/\/arantv.az\/wp-content\/uploads\/2020\/05\/968ae652055ab640dfcbc0ecf1d1127b.jpg",450,300,false],"post-thumbnail":["https:\/\/arantv.az\/wp-content\/uploads\/2020\/05\/968ae652055ab640dfcbc0ecf1d1127b-240x172.jpg",240,172,true],"advps-thumb-one":["https:\/\/arantv.az\/wp-content\/uploads\/2020\/05\/968ae652055ab640dfcbc0ecf1d1127b.jpg",450,300,false]},"rttpg_author":{"display_name":"V\u00fcsal Rafiqo\u011flu","author_link":"https:\/\/arantv.az\/?author=2"},"rttpg_comment":0,"rttpg_category":"<a href=\"https:\/\/arantv.az\/?cat=19\" rel=\"category\">G\u00fcnd\u0259m<\/a>","rttpg_excerpt":"\u201cApar\u0131lan islahatlar v\u0259 Prezident \u0130lham \u018fliyevin irad\u0259sinin d\u00f6nm\u0259z xarakter almas\u0131 xo\u015fag\u0259lm\u0259z hallar\u0131 q\u0131sa zaman k\u0259siyind\u0259 tamamil\u0259 aradan qald\u0131racaq&#8221;. Bunu APA-ya a\u00e7\u0131qlamas\u0131nda mill\u0259t v\u0259kili F\u0259zail A\u011famal\u0131 bildirib. Mill\u0259t v\u0259kili deyib ki, Prezident \u0130lham \u018fliyev Ba\u015f prokuror Kamran \u018fliyevi videoformatda q\u0259bulunda bir daha b\u0259zi m\u0259murlara x\u0259b\u0259rdarl\u0131q edib: \u201cB\u0259zi m\u0259murlar ba\u015f ver\u0259nl\u0259rd\u0259n d\u0259rs \u00e7\u0131xarmal\u0131, d\u0259yi\u015fm\u0259lidirl\u0259r. Az\u0259rbaycanda h\u0259yata ke\u00e7iril\u0259n&hellip;","_links":{"self":[{"href":"https:\/\/arantv.az\/index.php?rest_route=\/wp\/v2\/posts\/158227"}],"collection":[{"href":"https:\/\/arantv.az\/index.php?rest_route=\/wp\/v2\/posts"}],"about":[{"href":"https:\/\/arantv.az\/index.php?rest_route=\/wp\/v2\/types\/post"}],"author":[{"embeddable":true,"href":"https:\/\/arantv.az\/index.php?rest_route=\/wp\/v2\/users\/2"}],"replies":[{"embeddable":true,"href":"https:\/\/arantv.az\/index.php?rest_route=%2Fwp%2Fv2%2Fcomments&post=158227"}],"version-history":[{"count":0,"href":"https:\/\/arantv.az\/index.php?rest_route=\/wp\/v2\/posts\/158227\/revisions"}],"wp:featuredmedia":[{"embeddable":true,"href":"https:\/\/arantv.az\/index.php?rest_route=\/wp\/v2\/media\/158233"}],"wp:attachment":[{"href":"https:\/\/arantv.az\/index.php?rest_route=%2Fwp%2Fv2%2Fmedia&parent=158227"}],"wp:term":[{"taxonomy":"category","embeddable":true,"href":"https:\/\/arantv.az\/index.php?rest_route=%2Fwp%2Fv2%2Fcategories&post=158227"},{"taxonomy":"post_tag","embeddable":true,"href":"https:\/\/arantv.az\/index.php?rest_route=%2Fwp%2Fv2%2Ftags&post=158227"}],"curies":[{"name":"wp","href":"https:\/\/api.w.org\/{rel}","templated":true}]}}