{"id":158240,"date":"2020-05-02T19:55:03","date_gmt":"2020-05-02T16:55:03","guid":{"rendered":"http:\/\/arantv.az\/?p=158240"},"modified":"2020-05-02T19:55:03","modified_gmt":"2020-05-02T16:55:03","slug":"sabir-rust%c9%99mxanlidan-dtx-y%c9%99-cagiris-yardimlinin-da-icra-bascisi-h%c9%99bs-olunmalidir","status":"publish","type":"post","link":"https:\/\/arantv.az\/?p=158240","title":{"rendered":"Sabir R\u00fcst\u0259mxanl\u0131dan DTX-y\u0259 \u00e7a\u011f\u0131r\u0131\u015f: &#8220;Yard\u0131ml\u0131n\u0131n da icra ba\u015f\u00e7\u0131s\u0131 h\u0259bs olunmal\u0131d\u0131r&#8221;"},"content":{"rendered":"<div><strong>&#8220;Neft\u00e7aladan sonra Bil\u0259suvar rayon \u0130cra Hakimiyy\u0259tinin ba\u015f\u00e7\u0131s\u0131n\u0131n if\u015fa olunaraq tutulmas\u0131 \u00e7ox biab\u0131r\u00e7\u0131 fakt idi. Y\u0259ni, bu onu g\u00f6st\u0259rir ki, icra ba\u015f\u00e7\u0131lar\u0131 he\u00e7 bir n\u0259tic\u0259 \u00e7\u0131xarmaq ist\u0259mirl\u0259r. Eyni yolda getm\u0259y\u0259 davam edirl\u0259r&#8221;.<br \/>\n<\/strong><\/div>\n<div><\/div>\n<div><strong>Bu fikirl\u0259ri Milli M\u0259clisin deputat\u0131, Xalq \u015fairi Sabir R\u00fcst\u0259mxanl\u0131 s\u00f6yl\u0259yib<\/strong>.<\/div>\n<div><\/div>\n<div><\/div>\n<div><strong>S.R\u00fcst\u0259mxanl\u0131 deyib ki, d\u0259rs \u00e7\u0131xarmayan icra ba\u015f\u00e7\u0131lar\u0131 yen\u0259 d\u0259 imkans\u0131z ail\u0259l\u0259r\u0259 ayr\u0131lm\u0131\u015f sosial yard\u0131mlar\u0131 m\u0259nims\u0259yirl\u0259r, r\u00fc\u015fv\u0259t al\u0131rlar:<\/strong><\/div>\n<div><\/div>\n<div>&#8220;M\u0259n h\u0259l\u0259 d\u0259 anlaya bilmir\u0259m ki, bu m\u0259murlar n\u0259 etm\u0259k ist\u0259yirl\u0259r! Onlar\u0131n ya ba\u015flar\u0131 donub, ya da \u00f6lk\u0259d\u0259 ged\u0259n prosesl\u0259ri g\u00f6r\u0259 bilmirl\u0259r. Ba\u015f ver\u0259nl\u0259rin fonunda m\u0259n Prezidentin \u00e7\u0131x\u0131\u015flar\u0131na bax\u0131ram v\u0259 g\u00f6r\u00fcr\u0259m ki, \u00f6lk\u0259d\u0259 korrupsiya v\u0259 r\u00fc\u015fv\u0259txorlu\u011fa qar\u015f\u0131 \u0259n ciddi m\u00fcbariz\u0259 aparan \u015f\u0259xs \u0130lham \u018fliyevdir. Prezident \u0130lham \u018fliyev b\u00fct\u00fcn n\u00f6qsanlar\u0131 deyir, onun aradan qald\u0131r\u0131lmas\u0131na \u00e7al\u0131\u015f\u0131r v\u0259 i\u015find\u0259 n\u00f6qsana yol ver\u0259nl\u0259r\u0259 x\u0259b\u0259rdarl\u0131q edir. H\u0259tta, \u0259yri yola \u00fcz tutan m\u0259murlar\u0131 Allaha tap\u015f\u0131r\u0131r. Amma yen\u0259 n\u0259tic\u0259 \u00e7\u0131xarm\u0131rlar. Ona g\u00f6r\u0259 d\u0259 r\u00fc\u015fv\u0259t\u0259 v\u0259 korrupsiyaya qar\u015f\u0131 m\u00fcbariz\u0259 davam ed\u0259c\u0259k&#8221;.<\/div>\n<div><\/div>\n<div><strong>Deputat qeyd edib ki, Az\u0259rbaycan\u0131n yeni Ba\u015f prokuroru Kamran \u018fliyevin t\u0259yin olunmas\u0131 \u00e7ox u\u011furlu kadr islahat\u0131d\u0131r:<\/strong><\/div>\n<div><\/div>\n<div>&#8220;Kamran \u018fliyev h\u00fcquq m\u00fchafiz\u0259 sistemind\u0259 \u0259n \u00e7ox h\u00f6rm\u0259t etdiyim v\u0259 pe\u015f\u0259karl\u0131\u011f\u0131na inand\u0131\u011f\u0131m \u015f\u0259xsl\u0259rd\u0259n biridir. Onunla bir ne\u00e7\u0259 d\u0259f\u0259 g\u00f6r\u00fc\u015fl\u0259rim olub. Hesab edir\u0259m ki, \u00f6lk\u0259 ba\u015f\u00e7\u0131s\u0131 Kamran \u018fliyevi Ba\u015f prokuror t\u0259yin etm\u0259kl\u0259 \u0259n do\u011fru add\u0131m\u0131 at\u0131b. Kamran \u018fliyev do\u011frudan da layiqli pe\u015f\u0259kar Ba\u015f prokuror olacaq. Prezident Kamran \u018fliyevi Ba\u015f prokuror t\u0259yin etm\u0259kl\u0259 h\u00fcquq m\u00fchafiz\u0259 orqanlar\u0131n\u0131n \u0259sas diqq\u0259tini korrupsiya il\u0259 m\u00fcbariz\u0259y\u0259 y\u00f6n\u0259ltdi. Hesab edir\u0259m ki, Prezidentin Karman \u018fliyevl\u0259 g\u00f6r\u00fc\u015f\u00fc v\u0259 ona verdiyi tap\u015f\u0131r\u0131qlar g\u00f6st\u0259rir ki, do\u011frudan da \u00f6lk\u0259d\u0259 r\u00fc\u015fv\u0259txorluq, quldurluq v\u0259 korrupsiyaya qar\u015f\u0131 ciddi irad\u0259 var. Bu irad\u0259 sonad\u0259k olmal\u0131d\u0131r. \u0130ndi icra ba\u015f\u00e7\u0131lar\u0131 \u00f6zl\u0259rini padi\u015fah kimi apar\u0131rlar. H\u0259tta m\u0259nd\u0259 m\u0259lumat var ki, A\u011fstafa v\u0259 Neft\u00e7ala m\u0259s\u0259l\u0259sind\u0259n sonra indi bir ne\u00e7\u0259 icra ba\u015f\u00e7\u0131s\u0131 otaqlar\u0131n\u0131 d\u0259yi\u015fir, t\u0259mir etdirir, &#8220;ju\u00e7ok&#8221; axtar\u0131r. Bununla el\u0259 d\u00fc\u015f\u00fcn\u00fcrl\u0259r ki, onlara n\u0259zar\u0259t imkanlar\u0131 azals\u0131n. Amma ba\u015fa d\u00fc\u015fm\u00fcrl\u0259r ki, n\u0259zar\u0259tin o q\u0259d\u0259r geni\u015f imkanlar\u0131 var&#8221;.<\/div>\n<div><\/div>\n<div><strong>Deputat D\u00f6vl\u0259t T\u0259hl\u00fck\u0259sizliyi Xidm\u0259ti \u0259m\u0259kda\u015flar\u0131n\u0131 do\u011fuldu\u011fu Yard\u0131ml\u0131 rayonuna d\u0259v\u0259t edib:<\/strong><\/div>\n<div><strong>\u00a0<\/strong><\/div>\n<div><img src=\"https:\/\/www.bakupost.az\/uploads\/images\/2020-05-02-17-13-37GrrZxNjRjEvSaNUZPbr4_file.jpg\" data-filename=\"\" \/><strong><br \/>\n<\/strong><\/div>\n<div><strong>\u00a0<\/strong><\/div>\n<div>&#8220;M\u0259n Yard\u0131ml\u0131da do\u011fulmu\u015fam. Bunu \u00e7\u0259kinm\u0259d\u0259n v\u0259 tam m\u0259suliyy\u0259timl\u0259 deyir\u0259m ki, Mahir Quliyevd\u0259n sonra n\u00f6vb\u0259ti h\u0259bs olunacaq m\u0259mur Yard\u0131ml\u0131 Rayon \u0130cra Hakimiyy\u0259tinin ba\u015f\u00e7\u0131s\u0131 Ayaz \u018fsg\u0259rov olmal\u0131d\u0131r. \u00c7\u00fcnki d\u00f6vl\u0259t t\u0259r\u0259find\u0259n rayona v\u0259 camaata ayr\u0131lan yard\u0131mlar icra ba\u015f\u00e7\u0131s\u0131 t\u0259r\u0259find\u0259n m\u0259nims\u0259nilir. Camaat \u00fc\u00e7\u00fcn n\u0259z\u0259rd\u0259 tutulan yard\u0131mlar\u0131n ham\u0131s\u0131n\u0131 icra ba\u015f\u00e7\u0131s\u0131 m\u0259nims\u0259yir&#8221;. (Demokrat.az)<\/div>\n","protected":false},"excerpt":{"rendered":"<p>&#8220;Neft\u00e7aladan sonra Bil\u0259suvar rayon \u0130cra Hakimiyy\u0259tinin ba\u015f\u00e7\u0131s\u0131n\u0131n if\u015fa olunaraq tutulmas\u0131 \u00e7ox biab\u0131r\u00e7\u0131 fakt idi. Y\u0259ni, bu onu g\u00f6st\u0259rir ki, icra ba\u015f\u00e7\u0131lar\u0131 he\u00e7 bir n\u0259tic\u0259 \u00e7\u0131xarmaq ist\u0259mirl\u0259r. Eyni yolda getm\u0259y\u0259 davam edirl\u0259r&#8221;. Bu fikirl\u0259ri Milli M\u0259clisin deputat\u0131, Xalq \u015fairi Sabir R\u00fcst\u0259mxanl\u0131 s\u00f6yl\u0259yib. S.R\u00fcst\u0259mxanl\u0131 deyib ki, d\u0259rs \u00e7\u0131xarmayan icra ba\u015f\u00e7\u0131lar\u0131 yen\u0259 d\u0259 imkans\u0131z ail\u0259l\u0259r\u0259 ayr\u0131lm\u0131\u015f sosial yard\u0131mlar\u0131 m\u0259nims\u0259yirl\u0259r, r\u00fc\u015fv\u0259t al\u0131rlar: &#8220;M\u0259n h\u0259l\u0259 d\u0259 anlaya bilmir\u0259m ki, bu m\u0259murlar n\u0259 etm\u0259k ist\u0259yirl\u0259r! Onlar\u0131n ya ba\u015flar\u0131 donub, ya da \u00f6lk\u0259d\u0259 ged\u0259n prosesl\u0259ri g\u00f6r\u0259 bilmirl\u0259r. Ba\u015f ver\u0259nl\u0259rin fonunda m\u0259n Prezidentin \u00e7\u0131x\u0131\u015flar\u0131na bax\u0131ram v\u0259 g\u00f6r\u00fcr\u0259m ki,&hellip;<\/p>\n","protected":false},"author":2,"featured_media":158246,"comment_status":"closed","ping_status":"closed","sticky":false,"template":"","format":"standard","meta":{"om_disable_all_campaigns":false,"_monsterinsights_skip_tracking":false,"_monsterinsights_sitenote_active":false,"_monsterinsights_sitenote_note":"","_monsterinsights_sitenote_category":0},"categories":[19],"tags":[],"aioseo_notices":[],"gutentor_comment":0,"rttpg_featured_image_url":{"full":["https:\/\/arantv.az\/wp-content\/uploads\/2020\/05\/1a2d10fb2cba607c1f1283dc29fd7f23.jpg",450,300,false],"landscape":["https:\/\/arantv.az\/wp-content\/uploads\/2020\/05\/1a2d10fb2cba607c1f1283dc29fd7f23.jpg",450,300,false],"portraits":["https:\/\/arantv.az\/wp-content\/uploads\/2020\/05\/1a2d10fb2cba607c1f1283dc29fd7f23.jpg",450,300,false],"thumbnail":["https:\/\/arantv.az\/wp-content\/uploads\/2020\/05\/1a2d10fb2cba607c1f1283dc29fd7f23-150x150.jpg",150,150,true],"medium":["https:\/\/arantv.az\/wp-content\/uploads\/2020\/05\/1a2d10fb2cba607c1f1283dc29fd7f23-300x200.jpg",300,200,true],"large":["https:\/\/arantv.az\/wp-content\/uploads\/2020\/05\/1a2d10fb2cba607c1f1283dc29fd7f23.jpg",450,300,false],"1536x1536":["https:\/\/arantv.az\/wp-content\/uploads\/2020\/05\/1a2d10fb2cba607c1f1283dc29fd7f23.jpg",450,300,false],"2048x2048":["https:\/\/arantv.az\/wp-content\/uploads\/2020\/05\/1a2d10fb2cba607c1f1283dc29fd7f23.jpg",450,300,false],"post-thumbnail":["https:\/\/arantv.az\/wp-content\/uploads\/2020\/05\/1a2d10fb2cba607c1f1283dc29fd7f23-240x172.jpg",240,172,true],"advps-thumb-one":["https:\/\/arantv.az\/wp-content\/uploads\/2020\/05\/1a2d10fb2cba607c1f1283dc29fd7f23.jpg",450,300,false]},"rttpg_author":{"display_name":"V\u00fcsal Rafiqo\u011flu","author_link":"https:\/\/arantv.az\/?author=2"},"rttpg_comment":0,"rttpg_category":"<a href=\"https:\/\/arantv.az\/?cat=19\" rel=\"category\">G\u00fcnd\u0259m<\/a>","rttpg_excerpt":"&#8220;Neft\u00e7aladan sonra Bil\u0259suvar rayon \u0130cra Hakimiyy\u0259tinin ba\u015f\u00e7\u0131s\u0131n\u0131n if\u015fa olunaraq tutulmas\u0131 \u00e7ox biab\u0131r\u00e7\u0131 fakt idi. Y\u0259ni, bu onu g\u00f6st\u0259rir ki, icra ba\u015f\u00e7\u0131lar\u0131 he\u00e7 bir n\u0259tic\u0259 \u00e7\u0131xarmaq ist\u0259mirl\u0259r. Eyni yolda getm\u0259y\u0259 davam edirl\u0259r&#8221;. Bu fikirl\u0259ri Milli M\u0259clisin deputat\u0131, Xalq \u015fairi Sabir R\u00fcst\u0259mxanl\u0131 s\u00f6yl\u0259yib. S.R\u00fcst\u0259mxanl\u0131 deyib ki, d\u0259rs \u00e7\u0131xarmayan icra ba\u015f\u00e7\u0131lar\u0131 yen\u0259 d\u0259 imkans\u0131z ail\u0259l\u0259r\u0259 ayr\u0131lm\u0131\u015f sosial yard\u0131mlar\u0131&hellip;","_links":{"self":[{"href":"https:\/\/arantv.az\/index.php?rest_route=\/wp\/v2\/posts\/158240"}],"collection":[{"href":"https:\/\/arantv.az\/index.php?rest_route=\/wp\/v2\/posts"}],"about":[{"href":"https:\/\/arantv.az\/index.php?rest_route=\/wp\/v2\/types\/post"}],"author":[{"embeddable":true,"href":"https:\/\/arantv.az\/index.php?rest_route=\/wp\/v2\/users\/2"}],"replies":[{"embeddable":true,"href":"https:\/\/arantv.az\/index.php?rest_route=%2Fwp%2Fv2%2Fcomments&post=158240"}],"version-history":[{"count":0,"href":"https:\/\/arantv.az\/index.php?rest_route=\/wp\/v2\/posts\/158240\/revisions"}],"wp:featuredmedia":[{"embeddable":true,"href":"https:\/\/arantv.az\/index.php?rest_route=\/wp\/v2\/media\/158246"}],"wp:attachment":[{"href":"https:\/\/arantv.az\/index.php?rest_route=%2Fwp%2Fv2%2Fmedia&parent=158240"}],"wp:term":[{"taxonomy":"category","embeddable":true,"href":"https:\/\/arantv.az\/index.php?rest_route=%2Fwp%2Fv2%2Fcategories&post=158240"},{"taxonomy":"post_tag","embeddable":true,"href":"https:\/\/arantv.az\/index.php?rest_route=%2Fwp%2Fv2%2Ftags&post=158240"}],"curies":[{"name":"wp","href":"https:\/\/api.w.org\/{rel}","templated":true}]}}