{"id":158245,"date":"2020-05-02T19:57:49","date_gmt":"2020-05-02T16:57:49","guid":{"rendered":"http:\/\/arantv.az\/?p=158245"},"modified":"2020-05-02T19:57:49","modified_gmt":"2020-05-02T16:57:49","slug":"sabiq-dovl%c9%99t-musaviri-icra-bascilarinin-h%c9%99bsi-gost%c9%99rdi-ki-az%c9%99rbaycanda-cox-ciddi-islahatlar-aparilir","status":"publish","type":"post","link":"https:\/\/arantv.az\/?p=158245","title":{"rendered":"Sabiq d\u00f6vl\u0259t m\u00fc\u015faviri: &#8220;\u0130cra ba\u015f\u00e7\u0131lar\u0131n\u0131n h\u0259bsi g\u00f6st\u0259rdi ki, Az\u0259rbaycanda \u00e7ox ciddi islahatlar apar\u0131l\u0131r&#8221;"},"content":{"rendered":"<p><strong>&#8220;Prezident \u0130lham \u018fliyev \u00e7ox ciddi \u015f\u0259kild\u0259 r\u00fc\u015fv\u0259t v\u0259 korrupsiyaya qar\u015f\u0131 m\u00fcbariz\u0259y\u0259 ba\u015flay\u0131b. Bu istiqam\u0259td\u0259 \u00f6lk\u0259 ba\u015f\u00e7\u0131s\u0131n\u0131n siyasi irad\u0259si ayd\u0131n hiss olunur&#8221;.\u00a0<\/strong><\/p>\n<p>Bu fikirl\u0259ri<strong>\u00a0<\/strong>Demokrat.az-a a\u00e7\u0131qlamas\u0131nda sabiq d\u00f6vl\u0259t m\u00fc\u015faviri, politoloq Qabil H\u00fcseynli bildirib.<\/p>\n<p>Q.H\u00fcseynli deyib ki, art\u0131q Az\u0259rbaycanda bu il \u0259rzind\u0259 sayca d\u00f6rd\u00fcnc\u00fc icra ba\u015f\u00e7\u0131s\u0131 v\u0259 \u00fcmumilikd\u0259 20-y\u0259 yax\u0131n d\u00f6vl\u0259t m\u0259muru h\u0259bs edilib:<\/p>\n<p>&#8220;B\u00fct\u00fcn bunlar onu g\u00f6st\u0259rir ki, \u00f6lk\u0259 Prezidenti r\u00fc\u015fv\u0259t v\u0259 korrupsiyan\u0131n n\u0259 q\u0259d\u0259r t\u0259hl\u00fck\u0259li v\u0259 \u00e7irkin hal olmas\u0131n\u0131 b\u00fct\u00fcn t\u0259f\u0259rr\u00fcatlar\u0131 il\u0259 q\u0259bul edir v\u0259 bunun k\u00f6k\u00fcn\u00fc k\u0259sm\u0259kd\u0259 israrl\u0131 g\u00f6r\u00fcn\u00fcr. Prezident yeni t\u0259yin etdiyi Ba\u015f prokuror Kamran \u018fliyevi q\u0259bul ed\u0259rk\u0259n r\u00fc\u015fv\u0259t v\u0259 korrupsiyaya qar\u015f\u0131 daha s\u0259rt m\u00fcbariz\u0259nin apar\u0131l\u0131mas\u0131n\u0131 b\u0259yan edib. Prezident a\u00e7\u0131q eyham vurdu ki, r\u00fc\u015fv\u0259t hallar\u0131 h\u0259tta nazirlikl\u0259r s\u0259viyy\u0259sind\u0259 d\u0259 m\u00f6vcuddur v\u0259 bu istiqam\u0259td\u0259 ciddi ara\u015fd\u0131rmalar gedir. Y\u0259qin ki, yax\u0131n g\u00fcnl\u0259rd\u0259 bununla ba\u011fl\u0131 m\u00fc\u0259yy\u0259n add\u0131mlar at\u0131lacaq. \u0130cra ba\u015f\u00e7\u0131lar\u0131n\u0131n h\u0259bsi onu g\u00f6st\u0259rir ki, Az\u0259rbaycanda \u00e7ox ciddi siyasi v\u0259 kadr islahatlar apar\u0131l\u0131r, r\u00fc\u015fv\u0259t v\u0259 korrupsiyan\u0131n \u00fcz\u0259rin\u0259 ciddi \u015f\u0259kild\u0259 gedilir. \u00d6lk\u0259 ba\u015f\u00e7\u0131s\u0131 a\u00e7\u0131q \u015f\u0259kild\u0259 b\u0259yan edir ki, r\u00fc\u015fv\u0259t\u0259 bula\u015fanlar c\u0259zas\u0131z qalmayacaq. Prezidentin siyasi x\u0259tti olduqca ayd\u0131n v\u0259 a\u00e7\u0131qd\u0131r&#8221;.<\/p>\n<p>Sabiq d\u00f6vl\u0259t m\u00fc\u015faviri qeyd edib ki, Korrupsiyaya Qar\u015f\u0131 M\u00fcbariz\u0259 Ba\u015f \u0130dar\u0259sinin r\u0259isi Kamran \u018fliyevin Ba\u015f prokuror t\u0259yin edilm\u0259si d\u0259 Prezidentin ciddi islahatlar\u0131n\u0131n t\u0259rkib hiss\u0259sidir:<\/p>\n<p>&#8220;Zakir Qaralov 20 ild\u0259n \u00e7ox idi ki, Ba\u015f prokuror i\u015fl\u0259yirdi. O, tam g\u00fcc\u00fc il\u0259 i\u015fl\u0259m\u0259yi bacarm\u0131rd\u0131. Ona g\u00f6r\u0259 d\u0259 bu q\u0259d\u0259r r\u00fc\u015fv\u0259t v\u0259 korrupsiya hallar\u0131 yarand\u0131. Ancaq Kamran \u018fliyev kimi kifay\u0259t q\u0259d\u0259r cavan v\u0259 pe\u015f\u0259kar prokurorun Ba\u015f prokuror t\u0259yin edilm\u0259si v\u0259 onun qar\u015f\u0131s\u0131na d\u00f6vl\u0259tin fundamentin\u0259 t\u0259hl\u00fck\u0259 yaradan hallara qar\u015f\u0131 m\u00fcbariz\u0259 apar\u0131lmas\u0131n\u0131n \u0259sas v\u0259zif\u0259 kimi qoyulmas\u0131 vacib \u0259h\u0259miyy\u0259t k\u0259sb edir. \u0130nan\u0131ram ki, Kamran \u018fliyevin Ba\u015f prokuror t\u0259yin edilm\u0259sind\u0259n sonra r\u00fc\u015fv\u0259txorun aya\u011f\u0131n\u0131n alt\u0131nda torpaq yanacaq. Y\u0259qin ki, bundan sonra kadrlar\u0131n se\u00e7ilm\u0259sind\u0259 qohumluq \u0259laq\u0259l\u0259rin\u0259 v\u0259 dig\u0259r bu kimi hallara fikir verilm\u0259y\u0259c\u0259k. \u018fsas pe\u015f\u0259karl\u0131\u011fa \u00fcst\u00fcnl\u00fck veril\u0259c\u0259k. Bel\u0259 olan halda is\u0259 korrupsiya v\u0259 r\u00fc\u015fv\u0259tin k\u00f6k\u00fcn\u00fcn k\u0259silm\u0259si m\u00fcmk\u00fcnd\u00fcr&#8221;.<\/p>\n<p>&nbsp;<\/p>\n","protected":false},"excerpt":{"rendered":"<p>&#8220;Prezident \u0130lham \u018fliyev \u00e7ox ciddi \u015f\u0259kild\u0259 r\u00fc\u015fv\u0259t v\u0259 korrupsiyaya qar\u015f\u0131 m\u00fcbariz\u0259y\u0259 ba\u015flay\u0131b. Bu istiqam\u0259td\u0259 \u00f6lk\u0259 ba\u015f\u00e7\u0131s\u0131n\u0131n siyasi irad\u0259si ayd\u0131n hiss olunur&#8221;.\u00a0 Bu fikirl\u0259ri\u00a0Demokrat.az-a a\u00e7\u0131qlamas\u0131nda sabiq d\u00f6vl\u0259t m\u00fc\u015faviri, politoloq Qabil H\u00fcseynli bildirib. Q.H\u00fcseynli deyib ki, art\u0131q Az\u0259rbaycanda bu il \u0259rzind\u0259 sayca d\u00f6rd\u00fcnc\u00fc icra ba\u015f\u00e7\u0131s\u0131 v\u0259 \u00fcmumilikd\u0259 20-y\u0259 yax\u0131n d\u00f6vl\u0259t m\u0259muru h\u0259bs edilib: &#8220;B\u00fct\u00fcn bunlar onu g\u00f6st\u0259rir ki, \u00f6lk\u0259 Prezidenti r\u00fc\u015fv\u0259t v\u0259 korrupsiyan\u0131n n\u0259 q\u0259d\u0259r t\u0259hl\u00fck\u0259li v\u0259 \u00e7irkin hal olmas\u0131n\u0131 b\u00fct\u00fcn t\u0259f\u0259rr\u00fcatlar\u0131 il\u0259 q\u0259bul edir v\u0259 bunun k\u00f6k\u00fcn\u00fc k\u0259sm\u0259kd\u0259 israrl\u0131 g\u00f6r\u00fcn\u00fcr. Prezident yeni t\u0259yin etdiyi Ba\u015f prokuror Kamran \u018fliyevi q\u0259bul ed\u0259rk\u0259n r\u00fc\u015fv\u0259t&hellip;<\/p>\n","protected":false},"author":2,"featured_media":158249,"comment_status":"closed","ping_status":"closed","sticky":false,"template":"","format":"standard","meta":{"om_disable_all_campaigns":false,"_monsterinsights_skip_tracking":false,"_monsterinsights_sitenote_active":false,"_monsterinsights_sitenote_note":"","_monsterinsights_sitenote_category":0},"categories":[19],"tags":[],"aioseo_notices":[],"gutentor_comment":0,"rttpg_featured_image_url":{"full":["https:\/\/arantv.az\/wp-content\/uploads\/2020\/05\/QabilHuseynli.jpg",800,533,false],"landscape":["https:\/\/arantv.az\/wp-content\/uploads\/2020\/05\/QabilHuseynli.jpg",800,533,false],"portraits":["https:\/\/arantv.az\/wp-content\/uploads\/2020\/05\/QabilHuseynli.jpg",800,533,false],"thumbnail":["https:\/\/arantv.az\/wp-content\/uploads\/2020\/05\/QabilHuseynli-150x150.jpg",150,150,true],"medium":["https:\/\/arantv.az\/wp-content\/uploads\/2020\/05\/QabilHuseynli-300x200.jpg",300,200,true],"large":["https:\/\/arantv.az\/wp-content\/uploads\/2020\/05\/QabilHuseynli.jpg",640,426,false],"1536x1536":["https:\/\/arantv.az\/wp-content\/uploads\/2020\/05\/QabilHuseynli.jpg",800,533,false],"2048x2048":["https:\/\/arantv.az\/wp-content\/uploads\/2020\/05\/QabilHuseynli.jpg",800,533,false],"post-thumbnail":["https:\/\/arantv.az\/wp-content\/uploads\/2020\/05\/QabilHuseynli-240x172.jpg",240,172,true],"advps-thumb-one":["https:\/\/arantv.az\/wp-content\/uploads\/2020\/05\/QabilHuseynli.jpg",800,533,false]},"rttpg_author":{"display_name":"V\u00fcsal Rafiqo\u011flu","author_link":"https:\/\/arantv.az\/?author=2"},"rttpg_comment":0,"rttpg_category":"<a href=\"https:\/\/arantv.az\/?cat=19\" rel=\"category\">G\u00fcnd\u0259m<\/a>","rttpg_excerpt":"&#8220;Prezident \u0130lham \u018fliyev \u00e7ox ciddi \u015f\u0259kild\u0259 r\u00fc\u015fv\u0259t v\u0259 korrupsiyaya qar\u015f\u0131 m\u00fcbariz\u0259y\u0259 ba\u015flay\u0131b. Bu istiqam\u0259td\u0259 \u00f6lk\u0259 ba\u015f\u00e7\u0131s\u0131n\u0131n siyasi irad\u0259si ayd\u0131n hiss olunur&#8221;.\u00a0 Bu fikirl\u0259ri\u00a0Demokrat.az-a a\u00e7\u0131qlamas\u0131nda sabiq d\u00f6vl\u0259t m\u00fc\u015faviri, politoloq Qabil H\u00fcseynli bildirib. Q.H\u00fcseynli deyib ki, art\u0131q Az\u0259rbaycanda bu il \u0259rzind\u0259 sayca d\u00f6rd\u00fcnc\u00fc icra ba\u015f\u00e7\u0131s\u0131 v\u0259 \u00fcmumilikd\u0259 20-y\u0259 yax\u0131n d\u00f6vl\u0259t m\u0259muru h\u0259bs edilib: &#8220;B\u00fct\u00fcn bunlar onu g\u00f6st\u0259rir&hellip;","_links":{"self":[{"href":"https:\/\/arantv.az\/index.php?rest_route=\/wp\/v2\/posts\/158245"}],"collection":[{"href":"https:\/\/arantv.az\/index.php?rest_route=\/wp\/v2\/posts"}],"about":[{"href":"https:\/\/arantv.az\/index.php?rest_route=\/wp\/v2\/types\/post"}],"author":[{"embeddable":true,"href":"https:\/\/arantv.az\/index.php?rest_route=\/wp\/v2\/users\/2"}],"replies":[{"embeddable":true,"href":"https:\/\/arantv.az\/index.php?rest_route=%2Fwp%2Fv2%2Fcomments&post=158245"}],"version-history":[{"count":0,"href":"https:\/\/arantv.az\/index.php?rest_route=\/wp\/v2\/posts\/158245\/revisions"}],"wp:featuredmedia":[{"embeddable":true,"href":"https:\/\/arantv.az\/index.php?rest_route=\/wp\/v2\/media\/158249"}],"wp:attachment":[{"href":"https:\/\/arantv.az\/index.php?rest_route=%2Fwp%2Fv2%2Fmedia&parent=158245"}],"wp:term":[{"taxonomy":"category","embeddable":true,"href":"https:\/\/arantv.az\/index.php?rest_route=%2Fwp%2Fv2%2Fcategories&post=158245"},{"taxonomy":"post_tag","embeddable":true,"href":"https:\/\/arantv.az\/index.php?rest_route=%2Fwp%2Fv2%2Ftags&post=158245"}],"curies":[{"name":"wp","href":"https:\/\/api.w.org\/{rel}","templated":true}]}}