{"id":158253,"date":"2020-05-02T20:10:10","date_gmt":"2020-05-02T17:10:10","guid":{"rendered":"http:\/\/arantv.az\/?p=158253"},"modified":"2020-05-02T20:10:10","modified_gmt":"2020-05-02T17:10:10","slug":"koronavirusun-ikinci-dalgasi-qayida-bil%c9%99r-bas-infeksionistd%c9%99n-aciqlama","status":"publish","type":"post","link":"https:\/\/arantv.az\/?p=158253","title":{"rendered":"&#8220;Koronavirusun ikinci dal\u011fas\u0131 qay\u0131da bil\u0259r&#8221; \u2014 BA\u015e \u0130NFEKS\u0130ON\u0130STD\u018fN A\u00c7IQLAMA"},"content":{"rendered":"<p>\u201cAz\u0259rbaycanda koronavirus infeksiyas\u0131na yoluxma hallar\u0131 azalsa da, t\u0259hl\u00fck\u0259 tam aradan qalxmay\u0131b. \u018fg\u0259r qaydalara riay\u0259t etm\u0259s\u0259k ikici dal\u011fan\u0131n geri qay\u0131tma t\u0259hl\u00fck\u0259si var\u201d.<br \/>\nBunu \u201c\u00d6lk\u0259.Az\u201da a\u00e7\u0131qlamas\u0131nda Respublikan\u0131n ba\u015f infeksionisti, Nazirl\u0259r Kabinetinin yan\u0131nda Operativ Q\u0259rargah\u0131n \u00fczv\u00fc C\u0259lal \u0130sayev karantin rejiminin yum\u015fald\u0131lmas\u0131 il\u0259 ba\u011fl\u0131 v\u0259ziyy\u0259ti \u015f\u0259rh ed\u0259rk\u0259n deyib.<\/p>\n<div id=\"AdviadNativeVideo0\" class=\"AdviadNativeVideo\"><\/div>\n<p>Onun s\u00f6zl\u0259rin\u0259 g\u00f6r\u0259, karantin rejimi insanlar\u0131m\u0131z\u0131n f\u0259aliyy\u0259t dair\u0259sini geni\u015fl\u0259ndirm\u0259k \u00fc\u00e7\u00fcn yum\u015fald\u0131l\u0131r. \u201cDaha bundan istifad\u0259 edib qaydalar\u0131 pozmaq \u00fc\u00e7\u00fcn yox. Ona g\u00f6r\u0259 d\u0259 qaydalara \u0259m\u0259l emt\u0259k \u015f\u0259rtdir. \u00c7\u00fcnki epidemiyaya yoluxma hallar\u0131 h\u0259l\u0259 d\u0259 a\u015fkar olunmaqdad\u0131r v\u0259 t\u0259hl\u00fck\u0259 tam aradan qalxmay\u0131b. Tam aradan qalxm\u0131\u015f olsayd\u0131, o zaman karantin rejimi l\u0259\u011fv olunard\u0131. Ona g\u00f6r\u0259 d\u0259 insanlar maska taxmal\u0131, gigiyena qaydalar\u0131na \u0259m\u0259l etm\u0259li, bacard\u0131qlar\u0131 q\u0259d\u0259r insanlarla t\u0259masdan qa\u00e7mal\u0131d\u0131r. Bu qaydalara \u0259m\u0259l olunsa biz q\u0131sa zamanda bu t\u0259hl\u00fck\u0259d\u0259n yaxa qurtara bil\u0259rik\u201d- ba\u015f infeksionist bildirib.<br \/>\nC. \u0130sayev onu da bildirib ki, indi m\u0259suliyy\u0259t v\u0259t\u0259nda\u015fla\u0131rm\u0131z\u0131n \u00fcz\u0259rin\u0259 d\u00fc\u015f\u00fcr: \u201c\u018fg\u0259r qaydalara \u0259m\u0259l olunmazsa. ikinci dal\u011fa qay\u0131da bil\u0259r. G\u0259r\u0259k biz \u00f6z\u00fcm\u00fcz-\u00f6z\u00fcm\u00fcz\u00fc qoruyaq. Biz \u00f6z\u00fcm\u00fcz\u00fc qorumasaq he\u00e7 k\u0259s bizi bu epidemiyadan qorumayacaq. G\u0259r\u0259k ba\u015f\u0131m\u0131z \u00fcz\u0259rind\u0259 polis olsun. Polis m\u0259cbur etsin ki, s\u0259n bunu et, bunu yox&#8230;\u201d<br \/>\nBa\u015f infeksionist bildirib ki, insanlar\u0131m\u0131zda h\u0259l\u0259 d\u0259 koronavirus infeksiyas\u0131na m\u00fc\u0259yy\u0259n inams\u0131zl\u0131q, fikir verm\u0259m\u0259k, s\u0259hl\u0259nkar yana\u015fma var: \u201cB\u00fct\u00fcn bunlar\u0131 k\u0259nara qoyub m\u0259s\u0259l\u0259y\u0259 ciddi yana\u015fmaq laz\u0131md\u0131r\u201d.<\/p>\n","protected":false},"excerpt":{"rendered":"<p>\u201cAz\u0259rbaycanda koronavirus infeksiyas\u0131na yoluxma hallar\u0131 azalsa da, t\u0259hl\u00fck\u0259 tam aradan qalxmay\u0131b. \u018fg\u0259r qaydalara riay\u0259t etm\u0259s\u0259k ikici dal\u011fan\u0131n geri qay\u0131tma t\u0259hl\u00fck\u0259si var\u201d. Bunu \u201c\u00d6lk\u0259.Az\u201da a\u00e7\u0131qlamas\u0131nda Respublikan\u0131n ba\u015f infeksionisti, Nazirl\u0259r Kabinetinin yan\u0131nda Operativ Q\u0259rargah\u0131n \u00fczv\u00fc C\u0259lal \u0130sayev karantin rejiminin yum\u015fald\u0131lmas\u0131 il\u0259 ba\u011fl\u0131 v\u0259ziyy\u0259ti \u015f\u0259rh ed\u0259rk\u0259n deyib. Onun s\u00f6zl\u0259rin\u0259 g\u00f6r\u0259, karantin rejimi insanlar\u0131m\u0131z\u0131n f\u0259aliyy\u0259t dair\u0259sini geni\u015fl\u0259ndirm\u0259k \u00fc\u00e7\u00fcn yum\u015fald\u0131l\u0131r. \u201cDaha bundan istifad\u0259 edib qaydalar\u0131 pozmaq \u00fc\u00e7\u00fcn yox. Ona g\u00f6r\u0259 d\u0259 qaydalara \u0259m\u0259l emt\u0259k \u015f\u0259rtdir. \u00c7\u00fcnki epidemiyaya yoluxma hallar\u0131 h\u0259l\u0259 d\u0259 a\u015fkar olunmaqdad\u0131r v\u0259 t\u0259hl\u00fck\u0259 tam aradan qalxmay\u0131b. Tam aradan qalxm\u0131\u015f olsayd\u0131, o zaman karantin&hellip;<\/p>\n","protected":false},"author":2,"featured_media":158258,"comment_status":"closed","ping_status":"closed","sticky":false,"template":"","format":"standard","meta":{"om_disable_all_campaigns":false,"_monsterinsights_skip_tracking":false,"_monsterinsights_sitenote_active":false,"_monsterinsights_sitenote_note":"","_monsterinsights_sitenote_category":0},"categories":[13],"tags":[],"aioseo_notices":[],"gutentor_comment":0,"rttpg_featured_image_url":{"full":["https:\/\/arantv.az\/wp-content\/uploads\/2020\/05\/basinf.png",649,420,false],"landscape":["https:\/\/arantv.az\/wp-content\/uploads\/2020\/05\/basinf.png",649,420,false],"portraits":["https:\/\/arantv.az\/wp-content\/uploads\/2020\/05\/basinf.png",649,420,false],"thumbnail":["https:\/\/arantv.az\/wp-content\/uploads\/2020\/05\/basinf-150x150.png",150,150,true],"medium":["https:\/\/arantv.az\/wp-content\/uploads\/2020\/05\/basinf-300x194.png",300,194,true],"large":["https:\/\/arantv.az\/wp-content\/uploads\/2020\/05\/basinf.png",640,414,false],"1536x1536":["https:\/\/arantv.az\/wp-content\/uploads\/2020\/05\/basinf.png",649,420,false],"2048x2048":["https:\/\/arantv.az\/wp-content\/uploads\/2020\/05\/basinf.png",649,420,false],"post-thumbnail":["https:\/\/arantv.az\/wp-content\/uploads\/2020\/05\/basinf-240x172.png",240,172,true],"advps-thumb-one":["https:\/\/arantv.az\/wp-content\/uploads\/2020\/05\/basinf.png",649,420,false]},"rttpg_author":{"display_name":"V\u00fcsal Rafiqo\u011flu","author_link":"https:\/\/arantv.az\/?author=2"},"rttpg_comment":0,"rttpg_category":"<a href=\"https:\/\/arantv.az\/?cat=13\" rel=\"category\">Bizim h\u0259kim<\/a>","rttpg_excerpt":"\u201cAz\u0259rbaycanda koronavirus infeksiyas\u0131na yoluxma hallar\u0131 azalsa da, t\u0259hl\u00fck\u0259 tam aradan qalxmay\u0131b. \u018fg\u0259r qaydalara riay\u0259t etm\u0259s\u0259k ikici dal\u011fan\u0131n geri qay\u0131tma t\u0259hl\u00fck\u0259si var\u201d. Bunu \u201c\u00d6lk\u0259.Az\u201da a\u00e7\u0131qlamas\u0131nda Respublikan\u0131n ba\u015f infeksionisti, Nazirl\u0259r Kabinetinin yan\u0131nda Operativ Q\u0259rargah\u0131n \u00fczv\u00fc C\u0259lal \u0130sayev karantin rejiminin yum\u015fald\u0131lmas\u0131 il\u0259 ba\u011fl\u0131 v\u0259ziyy\u0259ti \u015f\u0259rh ed\u0259rk\u0259n deyib. Onun s\u00f6zl\u0259rin\u0259 g\u00f6r\u0259, karantin rejimi insanlar\u0131m\u0131z\u0131n f\u0259aliyy\u0259t dair\u0259sini geni\u015fl\u0259ndirm\u0259k \u00fc\u00e7\u00fcn yum\u015fald\u0131l\u0131r.&hellip;","_links":{"self":[{"href":"https:\/\/arantv.az\/index.php?rest_route=\/wp\/v2\/posts\/158253"}],"collection":[{"href":"https:\/\/arantv.az\/index.php?rest_route=\/wp\/v2\/posts"}],"about":[{"href":"https:\/\/arantv.az\/index.php?rest_route=\/wp\/v2\/types\/post"}],"author":[{"embeddable":true,"href":"https:\/\/arantv.az\/index.php?rest_route=\/wp\/v2\/users\/2"}],"replies":[{"embeddable":true,"href":"https:\/\/arantv.az\/index.php?rest_route=%2Fwp%2Fv2%2Fcomments&post=158253"}],"version-history":[{"count":0,"href":"https:\/\/arantv.az\/index.php?rest_route=\/wp\/v2\/posts\/158253\/revisions"}],"wp:featuredmedia":[{"embeddable":true,"href":"https:\/\/arantv.az\/index.php?rest_route=\/wp\/v2\/media\/158258"}],"wp:attachment":[{"href":"https:\/\/arantv.az\/index.php?rest_route=%2Fwp%2Fv2%2Fmedia&parent=158253"}],"wp:term":[{"taxonomy":"category","embeddable":true,"href":"https:\/\/arantv.az\/index.php?rest_route=%2Fwp%2Fv2%2Fcategories&post=158253"},{"taxonomy":"post_tag","embeddable":true,"href":"https:\/\/arantv.az\/index.php?rest_route=%2Fwp%2Fv2%2Ftags&post=158253"}],"curies":[{"name":"wp","href":"https:\/\/api.w.org\/{rel}","templated":true}]}}