{"id":158261,"date":"2020-05-02T23:05:23","date_gmt":"2020-05-02T20:05:23","guid":{"rendered":"http:\/\/arantv.az\/?p=158261"},"modified":"2020-05-02T23:05:23","modified_gmt":"2020-05-02T20:05:23","slug":"bu-gun-b%c9%99rd%c9%99-dovl%c9%99t-idar%c9%99etm%c9%99-v%c9%99-texnologiya-kollecinin-idman-r%c9%99hb%c9%99ri-%c9%99li-babayevin-dogum-gunudur","status":"publish","type":"post","link":"https:\/\/arantv.az\/?p=158261","title":{"rendered":"Bu g\u00fcn\u00a0B\u0259rd\u0259 D\u00f6vl\u0259t \u0130dar\u0259etm\u0259 v\u0259 Texnologiya Kollecinin\u00a0 idman r\u0259hb\u0259ri \u018fli Babayevin\u00a0do\u011fum g\u00fcn\u00fcd\u00fcr."},"content":{"rendered":"<p>Bu g\u00fcn\u00a0B\u0259rd\u0259 D\u00f6vl\u0259t \u0130dar\u0259etm\u0259 v\u0259 Texnologiya Kollecinin\u00a0 idman r\u0259hb\u0259ri ,s\u0259rb\u0259st g\u00fcl\u0259\u015f \u00fczr\u0259 idman ustas\u0131,kollecd\u0259 g\u0259nc n\u0259silin sa\u011flam ruhda fiziki c\u0259h\u0259dd\u0259n t\u0259rbiy\u0259 olunmas\u0131nda f\u0259dakar, z\u0259hm\u0259tke\u015f ,Az\u0259rbaycan Respublikas\u0131n\u0131n 2005 ci ild\u0259 G\u0259ncl\u0259r idman naziri \u018fb\u00fclf\u0259z Qarayevin s\u0259r\u0259ncam\u0131 il\u0259 Az\u0259rbaycan Respublikas\u0131n\u0131n&#8221;F\u0259xri B\u0259d\u0259n t\u0259rbiy\u0259si v\u0259 \u0130dman i\u015f\u00e7isi&#8221;ad\u0131na layiq g\u00f6r\u00fcl\u0259n ,2018 ci ild\u0259 Az\u0259rbaycan Respublikas\u0131n\u0131n G\u0259ncl\u0259r v\u0259 idman naziri Azad R\u0259himovun s\u0259r\u0259ncam\u0131 il\u0259 Az\u0259rbaycan Respublikas\u0131n\u0131n s\u0259rb\u0259st g\u00fcl\u0259\u015f \u00fczr\u0259 &#8220;\u018fm\u0259kdar m\u0259\u015fq\u00e7isi&#8221; ad\u0131na laiq g\u00f6r\u00fclm\u00fc\u015f\u00a0m\u00fc\u0259llim\u00a0\u018fli Babayevin\u00a0do\u011fum g\u00fcn\u00fcd\u00fcr.<\/p>\n<p><strong>\u018fli m\u00fc\u0259llimi ad g\u00fcn\u00fc m\u00fcnasib\u0259tiyl\u0259\u00a0 \u00f6vladlar\u0131 S\u0259nan ,Elgiz , v\u0259 R\u0259\u015fad\u00a0 t\u0259brik edirl\u0259r.<\/strong><\/p>\n<p>Bizd\u0259 ARAN TV kollektivi olaraq bu sevinc\u0259 qo\u015fulub\u00a0\u018fli Babayevi t\u0259brik edir ona uzun \u00f6m\u00fcr can sa\u011fl\u0131\u011f\u0131 arzu edirik.<\/p>\n","protected":false},"excerpt":{"rendered":"<p>Bu g\u00fcn\u00a0B\u0259rd\u0259 D\u00f6vl\u0259t \u0130dar\u0259etm\u0259 v\u0259 Texnologiya Kollecinin\u00a0 idman r\u0259hb\u0259ri ,s\u0259rb\u0259st g\u00fcl\u0259\u015f \u00fczr\u0259 idman ustas\u0131,kollecd\u0259 g\u0259nc n\u0259silin sa\u011flam ruhda fiziki c\u0259h\u0259dd\u0259n t\u0259rbiy\u0259 olunmas\u0131nda f\u0259dakar, z\u0259hm\u0259tke\u015f ,Az\u0259rbaycan Respublikas\u0131n\u0131n 2005 ci ild\u0259 G\u0259ncl\u0259r idman naziri \u018fb\u00fclf\u0259z Qarayevin s\u0259r\u0259ncam\u0131 il\u0259 Az\u0259rbaycan Respublikas\u0131n\u0131n&#8221;F\u0259xri B\u0259d\u0259n t\u0259rbiy\u0259si v\u0259 \u0130dman i\u015f\u00e7isi&#8221;ad\u0131na layiq g\u00f6r\u00fcl\u0259n ,2018 ci ild\u0259 Az\u0259rbaycan Respublikas\u0131n\u0131n G\u0259ncl\u0259r v\u0259 idman naziri Azad R\u0259himovun s\u0259r\u0259ncam\u0131 il\u0259 Az\u0259rbaycan Respublikas\u0131n\u0131n s\u0259rb\u0259st g\u00fcl\u0259\u015f \u00fczr\u0259 &#8220;\u018fm\u0259kdar m\u0259\u015fq\u00e7isi&#8221; ad\u0131na laiq g\u00f6r\u00fclm\u00fc\u015f\u00a0m\u00fc\u0259llim\u00a0\u018fli Babayevin\u00a0do\u011fum g\u00fcn\u00fcd\u00fcr. \u018fli m\u00fc\u0259llimi ad g\u00fcn\u00fc m\u00fcnasib\u0259tiyl\u0259\u00a0 \u00f6vladlar\u0131 S\u0259nan ,Elgiz , v\u0259 R\u0259\u015fad\u00a0 t\u0259brik edirl\u0259r. Bizd\u0259 ARAN TV kollektivi olaraq bu sevinc\u0259&hellip;<\/p>\n","protected":false},"author":2,"featured_media":158300,"comment_status":"closed","ping_status":"closed","sticky":false,"template":"","format":"standard","meta":{"om_disable_all_campaigns":false,"_monsterinsights_skip_tracking":false,"_monsterinsights_sitenote_active":false,"_monsterinsights_sitenote_note":"","_monsterinsights_sitenote_category":0},"categories":[2],"tags":[],"aioseo_notices":[],"gutentor_comment":0,"rttpg_featured_image_url":{"full":["https:\/\/arantv.az\/wp-content\/uploads\/2020\/05\/54a5c183-fde6-43ab-a61d-51c321e86db5.jpg",860,949,false],"landscape":["https:\/\/arantv.az\/wp-content\/uploads\/2020\/05\/54a5c183-fde6-43ab-a61d-51c321e86db5.jpg",860,949,false],"portraits":["https:\/\/arantv.az\/wp-content\/uploads\/2020\/05\/54a5c183-fde6-43ab-a61d-51c321e86db5.jpg",860,949,false],"thumbnail":["https:\/\/arantv.az\/wp-content\/uploads\/2020\/05\/54a5c183-fde6-43ab-a61d-51c321e86db5-150x150.jpg",150,150,true],"medium":["https:\/\/arantv.az\/wp-content\/uploads\/2020\/05\/54a5c183-fde6-43ab-a61d-51c321e86db5-272x300.jpg",272,300,true],"large":["https:\/\/arantv.az\/wp-content\/uploads\/2020\/05\/54a5c183-fde6-43ab-a61d-51c321e86db5.jpg",640,706,false],"1536x1536":["https:\/\/arantv.az\/wp-content\/uploads\/2020\/05\/54a5c183-fde6-43ab-a61d-51c321e86db5.jpg",860,949,false],"2048x2048":["https:\/\/arantv.az\/wp-content\/uploads\/2020\/05\/54a5c183-fde6-43ab-a61d-51c321e86db5.jpg",860,949,false],"post-thumbnail":["https:\/\/arantv.az\/wp-content\/uploads\/2020\/05\/54a5c183-fde6-43ab-a61d-51c321e86db5-240x172.jpg",240,172,true],"advps-thumb-one":["https:\/\/arantv.az\/wp-content\/uploads\/2020\/05\/54a5c183-fde6-43ab-a61d-51c321e86db5-860x620.jpg",860,620,true]},"rttpg_author":{"display_name":"V\u00fcsal Rafiqo\u011flu","author_link":"https:\/\/arantv.az\/?author=2"},"rttpg_comment":0,"rttpg_category":"<a href=\"https:\/\/arantv.az\/?cat=2\" rel=\"category\">Region X\u0259b\u0259rl\u0259ri<\/a>","rttpg_excerpt":"Bu g\u00fcn\u00a0B\u0259rd\u0259 D\u00f6vl\u0259t \u0130dar\u0259etm\u0259 v\u0259 Texnologiya Kollecinin\u00a0 idman r\u0259hb\u0259ri ,s\u0259rb\u0259st g\u00fcl\u0259\u015f \u00fczr\u0259 idman ustas\u0131,kollecd\u0259 g\u0259nc n\u0259silin sa\u011flam ruhda fiziki c\u0259h\u0259dd\u0259n t\u0259rbiy\u0259 olunmas\u0131nda f\u0259dakar, z\u0259hm\u0259tke\u015f ,Az\u0259rbaycan Respublikas\u0131n\u0131n 2005 ci ild\u0259 G\u0259ncl\u0259r idman naziri \u018fb\u00fclf\u0259z Qarayevin s\u0259r\u0259ncam\u0131 il\u0259 Az\u0259rbaycan Respublikas\u0131n\u0131n&#8221;F\u0259xri B\u0259d\u0259n t\u0259rbiy\u0259si v\u0259 \u0130dman i\u015f\u00e7isi&#8221;ad\u0131na layiq g\u00f6r\u00fcl\u0259n ,2018 ci ild\u0259 Az\u0259rbaycan Respublikas\u0131n\u0131n G\u0259ncl\u0259r v\u0259 idman naziri Azad&hellip;","_links":{"self":[{"href":"https:\/\/arantv.az\/index.php?rest_route=\/wp\/v2\/posts\/158261"}],"collection":[{"href":"https:\/\/arantv.az\/index.php?rest_route=\/wp\/v2\/posts"}],"about":[{"href":"https:\/\/arantv.az\/index.php?rest_route=\/wp\/v2\/types\/post"}],"author":[{"embeddable":true,"href":"https:\/\/arantv.az\/index.php?rest_route=\/wp\/v2\/users\/2"}],"replies":[{"embeddable":true,"href":"https:\/\/arantv.az\/index.php?rest_route=%2Fwp%2Fv2%2Fcomments&post=158261"}],"version-history":[{"count":0,"href":"https:\/\/arantv.az\/index.php?rest_route=\/wp\/v2\/posts\/158261\/revisions"}],"wp:featuredmedia":[{"embeddable":true,"href":"https:\/\/arantv.az\/index.php?rest_route=\/wp\/v2\/media\/158300"}],"wp:attachment":[{"href":"https:\/\/arantv.az\/index.php?rest_route=%2Fwp%2Fv2%2Fmedia&parent=158261"}],"wp:term":[{"taxonomy":"category","embeddable":true,"href":"https:\/\/arantv.az\/index.php?rest_route=%2Fwp%2Fv2%2Fcategories&post=158261"},{"taxonomy":"post_tag","embeddable":true,"href":"https:\/\/arantv.az\/index.php?rest_route=%2Fwp%2Fv2%2Ftags&post=158261"}],"curies":[{"name":"wp","href":"https:\/\/api.w.org\/{rel}","templated":true}]}}