{"id":158266,"date":"2020-05-02T22:04:48","date_gmt":"2020-05-02T19:04:48","guid":{"rendered":"http:\/\/arantv.az\/?p=158266"},"modified":"2020-05-02T22:04:48","modified_gmt":"2020-05-02T19:04:48","slug":"h%c9%99bs-olunan-icra-bascisinin-yuzl%c9%99rl%c9%99-sakinin-torpagini-z%c9%99bt-etm%c9%99si-haqqinda-yeni-detallar-uz%c9%99-cixdi-video","status":"publish","type":"post","link":"https:\/\/arantv.az\/?p=158266","title":{"rendered":"H\u0259bs olunan icra ba\u015f\u00e7\u0131s\u0131n\u0131n y\u00fczl\u0259rl\u0259 sakinin torpa\u011f\u0131n\u0131 z\u0259bt etm\u0259si haqq\u0131nda yeni detallar \u00fcz\u0259 \u00e7\u0131xd\u0131 &#8211; V\u0130DEO"},"content":{"rendered":"<p>Bil\u0259suvar\u0131n ke\u00e7mi\u015f icra ba\u015f\u00e7\u0131s\u0131 Mahir Quliyevin y\u00fczl\u0259rl\u0259 sakinin torpa\u011f\u0131n\u0131 m\u0259nims\u0259m\u0259si fakt\u0131 REAL TV-nin reportaj\u0131nda i\u015f\u0131qland\u0131r\u0131l\u0131b.<\/p>\n<p>Reportajda M.Quliyevin rayona r\u0259hb\u0259rlik etdiyi doqquz\u00a0il \u0259rzind\u0259 sakinl\u0259rin s\u0259n\u0259dli torpaq sah\u0259l\u0259rini z\u0259bt etm\u0259sind\u0259n,\u00a0bu sah\u0259l\u0259rd\u0259 \u00f6z biznesini qurmas\u0131ndan dan\u0131\u015f\u0131l\u0131r.<\/p>\n<p>\u015eikay\u0259t\u00e7il\u0259rd\u0259n biri\u00a0Bil\u0259suvar sakini Xanh\u00fcseyn H\u00fcseynovdur. O, deyir\u00a0ki,\u00a050 hektar torpaq sah\u0259si M.Quliyev t\u0259r\u0259find\u0259n zorla \u0259lind\u0259n al\u0131n\u0131b.<\/p>\n<div id=\"AdviadNativeVideo0\" class=\"AdviadNativeVideo\">\n<div class=\"adviad-inboard sm-screen\">\n<div>\n<div class=\"adviad-ui-components-credits\">\n<div id=\"NMCallButton-box\">\n<div><\/div>\n<\/div>\n<\/div>\n<\/div>\n<\/div>\n<\/div>\n<p>Telekanal\u0131n Bil\u0259suvardan olan ba\u015fqa bir\u00a0reportaj\u0131nda is\u0259 bildirilib ki, M.Quliyev rayona r\u0259hb\u0259rlik etdiyi d\u00f6vrd\u0259 onun g\u00f6st\u0259ri\u015fi il\u0259 Heyd\u0259r \u018fliyev park\u0131nda \u00fcmummilli liderin heyk\u0259li g\u00f6t\u00fcr\u00fcl\u00fcb v\u0259 g\u00f6zd\u0259n uzaq bir yer\u0259 &#8211; rayon m\u0259rk\u0259zind\u0259n 26 kilometr aral\u0131qda yerl\u0259\u015f\u0259n S\u0259m\u0259dabad k\u0259ndin\u0259 apar\u0131l\u0131b. Haz\u0131rda heyk\u0259l h\u0259min k\u0259ndd\u0259dir.<\/p>\n<p>H\u0259min park is\u0259 bax\u0131ms\u0131z v\u0259ziyy\u0259td\u0259dir v\u0259 burada yaln\u0131z yerl\u0259rin sat\u0131\u015f\u0131 h\u0259yata ke\u00e7irilir.<\/p>\n<p>Qeyd ed\u0259k ki, D\u00f6vl\u0259t T\u0259hl\u00fck\u0259sizliyi Xidm\u0259tind\u0259 apar\u0131lan cinay\u0259t i\u015fi \u00fczr\u0259 Mahir Quliyev v\u0259zif\u0259 s\u0259lahiyy\u0259tl\u0259rind\u0259n sui-istifad\u0259 etm\u0259, t\u0259krar r\u00fc\u015fv\u0259t alma, m\u0259nims\u0259m\u0259 faktlar\u0131na g\u00f6r\u0259 Az\u0259rbaycan Respublikas\u0131 Cinay\u0259t M\u0259c\u0259ll\u0259sinin m\u00fcvafiq madd\u0259l\u0259ri il\u0259 m\u0259suliyy\u0259t\u0259 c\u0259lb edil\u0259r\u0259k bar\u0259sind\u0259 m\u0259hk\u0259m\u0259nin q\u0259rar\u0131 il\u0259 h\u0259bs q\u0259timkan t\u0259dbiri se\u00e7ilib.<\/p>\n<div><iframe loading=\"lazy\" src=\"https:\/\/player.baku.tv\/embed\/18039\" width=\"560\" height=\"315\" frameborder=\"0\" allowfullscreen=\"allowfullscreen\" data-mce-fragment=\"1\"><\/iframe><\/div>\n<p>&nbsp;<\/p>\n","protected":false},"excerpt":{"rendered":"<p>Bil\u0259suvar\u0131n ke\u00e7mi\u015f icra ba\u015f\u00e7\u0131s\u0131 Mahir Quliyevin y\u00fczl\u0259rl\u0259 sakinin torpa\u011f\u0131n\u0131 m\u0259nims\u0259m\u0259si fakt\u0131 REAL TV-nin reportaj\u0131nda i\u015f\u0131qland\u0131r\u0131l\u0131b. Reportajda M.Quliyevin rayona r\u0259hb\u0259rlik etdiyi doqquz\u00a0il \u0259rzind\u0259 sakinl\u0259rin s\u0259n\u0259dli torpaq sah\u0259l\u0259rini z\u0259bt etm\u0259sind\u0259n,\u00a0bu sah\u0259l\u0259rd\u0259 \u00f6z biznesini qurmas\u0131ndan dan\u0131\u015f\u0131l\u0131r. \u015eikay\u0259t\u00e7il\u0259rd\u0259n biri\u00a0Bil\u0259suvar sakini Xanh\u00fcseyn H\u00fcseynovdur. O, deyir\u00a0ki,\u00a050 hektar torpaq sah\u0259si M.Quliyev t\u0259r\u0259find\u0259n zorla \u0259lind\u0259n al\u0131n\u0131b. Telekanal\u0131n Bil\u0259suvardan olan ba\u015fqa bir\u00a0reportaj\u0131nda is\u0259 bildirilib ki, M.Quliyev rayona r\u0259hb\u0259rlik etdiyi d\u00f6vrd\u0259 onun g\u00f6st\u0259ri\u015fi il\u0259 Heyd\u0259r \u018fliyev park\u0131nda \u00fcmummilli liderin heyk\u0259li g\u00f6t\u00fcr\u00fcl\u00fcb v\u0259 g\u00f6zd\u0259n uzaq bir yer\u0259 &#8211; rayon m\u0259rk\u0259zind\u0259n 26 kilometr aral\u0131qda yerl\u0259\u015f\u0259n S\u0259m\u0259dabad k\u0259ndin\u0259 apar\u0131l\u0131b. Haz\u0131rda heyk\u0259l h\u0259min k\u0259ndd\u0259dir.&hellip;<\/p>\n","protected":false},"author":2,"featured_media":158267,"comment_status":"closed","ping_status":"closed","sticky":false,"template":"","format":"standard","meta":{"om_disable_all_campaigns":false,"_monsterinsights_skip_tracking":false,"_monsterinsights_sitenote_active":false,"_monsterinsights_sitenote_note":"","_monsterinsights_sitenote_category":0},"categories":[3],"tags":[],"aioseo_notices":[],"gutentor_comment":0,"rttpg_featured_image_url":{"full":["https:\/\/arantv.az\/wp-content\/uploads\/2020\/05\/hebs.jpg",620,366,false],"landscape":["https:\/\/arantv.az\/wp-content\/uploads\/2020\/05\/hebs.jpg",620,366,false],"portraits":["https:\/\/arantv.az\/wp-content\/uploads\/2020\/05\/hebs.jpg",620,366,false],"thumbnail":["https:\/\/arantv.az\/wp-content\/uploads\/2020\/05\/hebs-150x150.jpg",150,150,true],"medium":["https:\/\/arantv.az\/wp-content\/uploads\/2020\/05\/hebs-300x177.jpg",300,177,true],"large":["https:\/\/arantv.az\/wp-content\/uploads\/2020\/05\/hebs.jpg",620,366,false],"1536x1536":["https:\/\/arantv.az\/wp-content\/uploads\/2020\/05\/hebs.jpg",620,366,false],"2048x2048":["https:\/\/arantv.az\/wp-content\/uploads\/2020\/05\/hebs.jpg",620,366,false],"post-thumbnail":["https:\/\/arantv.az\/wp-content\/uploads\/2020\/05\/hebs-240x172.jpg",240,172,true],"advps-thumb-one":["https:\/\/arantv.az\/wp-content\/uploads\/2020\/05\/hebs.jpg",620,366,false]},"rttpg_author":{"display_name":"V\u00fcsal Rafiqo\u011flu","author_link":"https:\/\/arantv.az\/?author=2"},"rttpg_comment":0,"rttpg_category":"<a href=\"https:\/\/arantv.az\/?cat=3\" rel=\"category\">Kriminal<\/a>","rttpg_excerpt":"Bil\u0259suvar\u0131n ke\u00e7mi\u015f icra ba\u015f\u00e7\u0131s\u0131 Mahir Quliyevin y\u00fczl\u0259rl\u0259 sakinin torpa\u011f\u0131n\u0131 m\u0259nims\u0259m\u0259si fakt\u0131 REAL TV-nin reportaj\u0131nda i\u015f\u0131qland\u0131r\u0131l\u0131b. Reportajda M.Quliyevin rayona r\u0259hb\u0259rlik etdiyi doqquz\u00a0il \u0259rzind\u0259 sakinl\u0259rin s\u0259n\u0259dli torpaq sah\u0259l\u0259rini z\u0259bt etm\u0259sind\u0259n,\u00a0bu sah\u0259l\u0259rd\u0259 \u00f6z biznesini qurmas\u0131ndan dan\u0131\u015f\u0131l\u0131r. \u015eikay\u0259t\u00e7il\u0259rd\u0259n biri\u00a0Bil\u0259suvar sakini Xanh\u00fcseyn H\u00fcseynovdur. O, deyir\u00a0ki,\u00a050 hektar torpaq sah\u0259si M.Quliyev t\u0259r\u0259find\u0259n zorla \u0259lind\u0259n al\u0131n\u0131b. Telekanal\u0131n Bil\u0259suvardan olan ba\u015fqa bir\u00a0reportaj\u0131nda is\u0259 bildirilib&hellip;","_links":{"self":[{"href":"https:\/\/arantv.az\/index.php?rest_route=\/wp\/v2\/posts\/158266"}],"collection":[{"href":"https:\/\/arantv.az\/index.php?rest_route=\/wp\/v2\/posts"}],"about":[{"href":"https:\/\/arantv.az\/index.php?rest_route=\/wp\/v2\/types\/post"}],"author":[{"embeddable":true,"href":"https:\/\/arantv.az\/index.php?rest_route=\/wp\/v2\/users\/2"}],"replies":[{"embeddable":true,"href":"https:\/\/arantv.az\/index.php?rest_route=%2Fwp%2Fv2%2Fcomments&post=158266"}],"version-history":[{"count":0,"href":"https:\/\/arantv.az\/index.php?rest_route=\/wp\/v2\/posts\/158266\/revisions"}],"wp:featuredmedia":[{"embeddable":true,"href":"https:\/\/arantv.az\/index.php?rest_route=\/wp\/v2\/media\/158267"}],"wp:attachment":[{"href":"https:\/\/arantv.az\/index.php?rest_route=%2Fwp%2Fv2%2Fmedia&parent=158266"}],"wp:term":[{"taxonomy":"category","embeddable":true,"href":"https:\/\/arantv.az\/index.php?rest_route=%2Fwp%2Fv2%2Fcategories&post=158266"},{"taxonomy":"post_tag","embeddable":true,"href":"https:\/\/arantv.az\/index.php?rest_route=%2Fwp%2Fv2%2Ftags&post=158266"}],"curies":[{"name":"wp","href":"https:\/\/api.w.org\/{rel}","templated":true}]}}