{"id":158282,"date":"2020-05-02T22:14:42","date_gmt":"2020-05-02T19:14:42","guid":{"rendered":"http:\/\/arantv.az\/?p=158282"},"modified":"2020-05-02T22:14:42","modified_gmt":"2020-05-02T19:14:42","slug":"fatma-yildirim-dovl%c9%99timizin-bascisinin-qeyd-etdiyi-kimi-h%c9%99r-bir-m%c9%99murun-baslica-v%c9%99zif%c9%99si-xalqa-xidm%c9%99t-etm%c9%99k-olmalidir","status":"publish","type":"post","link":"https:\/\/arantv.az\/?p=158282","title":{"rendered":"Fatma Y\u0131ld\u0131r\u0131m: &#8220;D\u00f6vl\u0259timizin ba\u015f\u00e7\u0131s\u0131n\u0131n qeyd etdiyi kimi, h\u0259r bir m\u0259murun ba\u015fl\u0131ca v\u0259zif\u0259si xalqa xidm\u0259t etm\u0259k olmal\u0131d\u0131r&#8221;"},"content":{"rendered":"<p>&#8220;Milli M\u0259clisin may\u0131n 1-d\u0259 ke\u00e7iril\u0259n iclas\u0131nda M\u00f6ht\u0259r\u0259m c\u0259nab Prezidentimiz \u0130lham \u018fliyevin t\u0259qdimat\u0131na \u0259sas\u0259n Kamran \u018fliyevin respublikam\u0131z\u0131n Ba\u015f Prokuroru v\u0259zif\u0259sin\u0259 t\u0259yin olunmas\u0131na mill\u0259t v\u0259kill\u0259ri olaraq yekdillikl\u0259 raz\u0131l\u0131q verdik. C\u0259nab Prezident h\u0259min g\u00fcn Kamran \u018fliyevin Az\u0259rbaycan Respublikas\u0131n\u0131n Ba\u015f Prokuroru v\u0259zif\u0259sin\u0259 t\u0259yin olunmas\u0131 haqq\u0131nda S\u0259r\u0259ncam imzalad\u0131.<br \/>\n\u00d6z ad\u0131mdan v\u0259 se\u00e7icil\u0259rim ad\u0131ndan h\u00f6rm\u0259tli Kamran m\u00fc\u0259llimi bu y\u00fcks\u0259k v\u0259zif\u0259y\u0259 t\u0259yin olunmas\u0131 m\u00fcnasib\u0259til\u0259 \u00fcr\u0259kd\u0259n t\u0259brik edir, ona f\u0259aliyy\u0259tind\u0259 u\u011furlar arzulay\u0131ram. \u0130nan\u0131ram ki, Kamran \u018fliyev bu \u015f\u0259r\u0259fli v\u0259 m\u0259suliyy\u0259tli v\u0259zif\u0259sinin \u00f6hd\u0259sind\u0259n layiqinc\u0259 g\u0259l\u0259c\u0259k v\u0259 prokurorluq sistemind\u0259 yeni d\u00f6vr\u00fcn \u00e7a\u011f\u0131r\u0131\u015flar\u0131na cavab ver\u0259n islahatlar\u0131n apar\u0131lmas\u0131na \u00f6z t\u00f6hf\u0259l\u0259rini ver\u0259c\u0259k!&#8221;.<\/p>\n<p>Newscenter.az x\u0259b\u0259r verir ki, bel\u0259 bir a\u00e7\u0131qlama il\u0259 \u00e7\u0131x\u0131\u015f ed\u0259n mill\u0259t v\u0259kili Fatma Y\u0131ld\u0131r\u0131m onu da qeyd edib ki, may\u0131n 1-d\u0259 Az\u0259rbaycan Prespublikas\u0131n\u0131n Prezidenti Ba\u015f prokuror Kamran \u018fliyevi videoformatda q\u0259bul ed\u0259rk\u0259n kadr islahatlar\u0131 m\u0259s\u0259l\u0259sin\u0259 geni\u015f toxundu:<\/p>\n<p>&#8220;Milli h\u0259mr\u0259yliy\u0259 daha \u00e7ox ehtiyac oldu\u011fu indiki d\u00f6n\u0259md\u0259 h\u00f6rm\u0259tli Prezidentimizin qeyd etdiyi kimi b\u0259zi m\u0259murlar qanunsuzluqlara yol verir, h\u0259tta imkans\u0131z ail\u0259l\u0259r \u00fc\u00e7\u00fcn ayr\u0131lm\u0131\u015f \u0259rzaq yard\u0131mlar\u0131n\u0131 m\u0259nims\u0259m\u0259kd\u0259n bel\u0259 \u00e7\u0259kinmirl\u0259r. H\u0259qiq\u0259t\u0259n d\u0259, bel\u0259 h\u0259r\u0259k\u0259tl\u0259r vicdans\u0131zl\u0131qd\u0131r. Bu yolun yol\u00e7ular\u0131 layiq olduqlar\u0131 c\u0259zan\u0131 almal\u0131d\u0131rlar v\u0259 al\u0131rlar da! Son vaxtlar D\u00f6vl\u0259t T\u0259hl\u00fck\u0259sizlik Xidm\u0259tinin ke\u00e7irdiyi bir s\u0131ra \u0259m\u0259liyyatlar bunu t\u0259sdiql\u0259yir. D\u00f6vl\u0259timizin ba\u015f\u00e7\u0131s\u0131n\u0131n qeyd etdiyi kimi, h\u0259r bir m\u0259murun ba\u015fl\u0131ca v\u0259zif\u0259si xalqa xidm\u0259t etm\u0259k olmal\u0131d\u0131r. \u018fks halda, qanunsuzlu\u011fa yol ver\u0259nl\u0259r, r\u00fc\u015fv\u0259t alanlar, insanlar\u0131 incid\u0259n m\u0259murlara qar\u015f\u0131 laz\u0131mi \u00f6l\u00e7\u00fcl\u0259r g\u00f6t\u00fcr\u00fcl\u0259c\u0259k&#8221;.<\/p>\n<p>Mill\u0259t v\u0259kili bildirib ki, m\u00f6ht\u0259r\u0259m Prezidentimiz t\u0259r\u0259find\u0259n \u00f6lk\u0259d\u0259 h\u0259yata ke\u00e7iril\u0259n geni\u015fmiqyasl\u0131 islahatlar, o c\u00fcml\u0259d\u0259n kadr islahatlar\u0131 c\u0259miyy\u0259timizin h\u0259yat\u0131 \u00fc\u00e7\u00fcn b\u00f6y\u00fck \u0259h\u0259miyy\u0259t k\u0259sb edir: &#8220;\u00c7\u00fcnki biz kadr islahatlar\u0131n\u0131n \u00f6z\u00fcnd\u0259 yenilikl\u0259ri, inki\u015faf\u0131 ifad\u0259 etdiyini g\u00f6r\u00fcr\u00fck. Hans\u0131 sah\u0259d\u0259 kadr islahatlar\u0131 apar\u0131l\u0131rsa, o sah\u0259d\u0259 pozitiv d\u0259yi\u015fikl\u0259r ba\u015f verir ki, bu da c\u0259miyy\u0259timizd\u0259 r\u0259\u011fb\u0259tl\u0259 qar\u015f\u0131lan\u0131r. C\u0259nab Prezidentimiz kadr islahatlar\u0131n\u0131n bundan sonra da davam etdiril\u0259c\u0259yini b\u0259yan edib. \u015e\u00fcbh\u0259siz ki, m\u00fcasir d\u00f6vr\u00fcn \u00e7a\u011f\u0131r\u0131\u015flar\u0131na cavab ver\u0259n bu islahatlar \u00f6lk\u0259mizin \u00fcmumi inki\u015faf\u0131na, m\u0259mur-v\u0259t\u0259nda\u015f m\u00fcnasib\u0259tl\u0259rinin sa\u011flam ruhda qurulmas\u0131na \u00f6z\u00fcn\u00fcn m\u00fch\u00fcm t\u00f6hf\u0259l\u0259rini ver\u0259c\u0259k&#8221;.<\/p>\n","protected":false},"excerpt":{"rendered":"<p>&#8220;Milli M\u0259clisin may\u0131n 1-d\u0259 ke\u00e7iril\u0259n iclas\u0131nda M\u00f6ht\u0259r\u0259m c\u0259nab Prezidentimiz \u0130lham \u018fliyevin t\u0259qdimat\u0131na \u0259sas\u0259n Kamran \u018fliyevin respublikam\u0131z\u0131n Ba\u015f Prokuroru v\u0259zif\u0259sin\u0259 t\u0259yin olunmas\u0131na mill\u0259t v\u0259kill\u0259ri olaraq yekdillikl\u0259 raz\u0131l\u0131q verdik. C\u0259nab Prezident h\u0259min g\u00fcn Kamran \u018fliyevin Az\u0259rbaycan Respublikas\u0131n\u0131n Ba\u015f Prokuroru v\u0259zif\u0259sin\u0259 t\u0259yin olunmas\u0131 haqq\u0131nda S\u0259r\u0259ncam imzalad\u0131. \u00d6z ad\u0131mdan v\u0259 se\u00e7icil\u0259rim ad\u0131ndan h\u00f6rm\u0259tli Kamran m\u00fc\u0259llimi bu y\u00fcks\u0259k v\u0259zif\u0259y\u0259 t\u0259yin olunmas\u0131 m\u00fcnasib\u0259til\u0259 \u00fcr\u0259kd\u0259n t\u0259brik edir, ona f\u0259aliyy\u0259tind\u0259 u\u011furlar arzulay\u0131ram. \u0130nan\u0131ram ki, Kamran \u018fliyev bu \u015f\u0259r\u0259fli v\u0259 m\u0259suliyy\u0259tli v\u0259zif\u0259sinin \u00f6hd\u0259sind\u0259n layiqinc\u0259 g\u0259l\u0259c\u0259k v\u0259 prokurorluq sistemind\u0259 yeni d\u00f6vr\u00fcn \u00e7a\u011f\u0131r\u0131\u015flar\u0131na cavab ver\u0259n islahatlar\u0131n apar\u0131lmas\u0131na \u00f6z t\u00f6hf\u0259l\u0259rini ver\u0259c\u0259k!&#8221;. Newscenter.az&hellip;<\/p>\n","protected":false},"author":2,"featured_media":158283,"comment_status":"closed","ping_status":"closed","sticky":false,"template":"","format":"standard","meta":{"om_disable_all_campaigns":false,"_monsterinsights_skip_tracking":false,"_monsterinsights_sitenote_active":false,"_monsterinsights_sitenote_note":"","_monsterinsights_sitenote_category":0},"categories":[19],"tags":[],"aioseo_notices":[],"gutentor_comment":0,"rttpg_featured_image_url":{"full":["https:\/\/arantv.az\/wp-content\/uploads\/2020\/05\/1588436062_fatma-yildirim-454.jpg",450,307,false],"landscape":["https:\/\/arantv.az\/wp-content\/uploads\/2020\/05\/1588436062_fatma-yildirim-454.jpg",450,307,false],"portraits":["https:\/\/arantv.az\/wp-content\/uploads\/2020\/05\/1588436062_fatma-yildirim-454.jpg",450,307,false],"thumbnail":["https:\/\/arantv.az\/wp-content\/uploads\/2020\/05\/1588436062_fatma-yildirim-454-150x150.jpg",150,150,true],"medium":["https:\/\/arantv.az\/wp-content\/uploads\/2020\/05\/1588436062_fatma-yildirim-454-300x205.jpg",300,205,true],"large":["https:\/\/arantv.az\/wp-content\/uploads\/2020\/05\/1588436062_fatma-yildirim-454.jpg",450,307,false],"1536x1536":["https:\/\/arantv.az\/wp-content\/uploads\/2020\/05\/1588436062_fatma-yildirim-454.jpg",450,307,false],"2048x2048":["https:\/\/arantv.az\/wp-content\/uploads\/2020\/05\/1588436062_fatma-yildirim-454.jpg",450,307,false],"post-thumbnail":["https:\/\/arantv.az\/wp-content\/uploads\/2020\/05\/1588436062_fatma-yildirim-454-240x172.jpg",240,172,true],"advps-thumb-one":["https:\/\/arantv.az\/wp-content\/uploads\/2020\/05\/1588436062_fatma-yildirim-454.jpg",450,307,false]},"rttpg_author":{"display_name":"V\u00fcsal Rafiqo\u011flu","author_link":"https:\/\/arantv.az\/?author=2"},"rttpg_comment":0,"rttpg_category":"<a href=\"https:\/\/arantv.az\/?cat=19\" rel=\"category\">G\u00fcnd\u0259m<\/a>","rttpg_excerpt":"&#8220;Milli M\u0259clisin may\u0131n 1-d\u0259 ke\u00e7iril\u0259n iclas\u0131nda M\u00f6ht\u0259r\u0259m c\u0259nab Prezidentimiz \u0130lham \u018fliyevin t\u0259qdimat\u0131na \u0259sas\u0259n Kamran \u018fliyevin respublikam\u0131z\u0131n Ba\u015f Prokuroru v\u0259zif\u0259sin\u0259 t\u0259yin olunmas\u0131na mill\u0259t v\u0259kill\u0259ri olaraq yekdillikl\u0259 raz\u0131l\u0131q verdik. C\u0259nab Prezident h\u0259min g\u00fcn Kamran \u018fliyevin Az\u0259rbaycan Respublikas\u0131n\u0131n Ba\u015f Prokuroru v\u0259zif\u0259sin\u0259 t\u0259yin olunmas\u0131 haqq\u0131nda S\u0259r\u0259ncam imzalad\u0131. \u00d6z ad\u0131mdan v\u0259 se\u00e7icil\u0259rim ad\u0131ndan h\u00f6rm\u0259tli Kamran m\u00fc\u0259llimi bu y\u00fcks\u0259k v\u0259zif\u0259y\u0259 t\u0259yin&hellip;","_links":{"self":[{"href":"https:\/\/arantv.az\/index.php?rest_route=\/wp\/v2\/posts\/158282"}],"collection":[{"href":"https:\/\/arantv.az\/index.php?rest_route=\/wp\/v2\/posts"}],"about":[{"href":"https:\/\/arantv.az\/index.php?rest_route=\/wp\/v2\/types\/post"}],"author":[{"embeddable":true,"href":"https:\/\/arantv.az\/index.php?rest_route=\/wp\/v2\/users\/2"}],"replies":[{"embeddable":true,"href":"https:\/\/arantv.az\/index.php?rest_route=%2Fwp%2Fv2%2Fcomments&post=158282"}],"version-history":[{"count":0,"href":"https:\/\/arantv.az\/index.php?rest_route=\/wp\/v2\/posts\/158282\/revisions"}],"wp:featuredmedia":[{"embeddable":true,"href":"https:\/\/arantv.az\/index.php?rest_route=\/wp\/v2\/media\/158283"}],"wp:attachment":[{"href":"https:\/\/arantv.az\/index.php?rest_route=%2Fwp%2Fv2%2Fmedia&parent=158282"}],"wp:term":[{"taxonomy":"category","embeddable":true,"href":"https:\/\/arantv.az\/index.php?rest_route=%2Fwp%2Fv2%2Fcategories&post=158282"},{"taxonomy":"post_tag","embeddable":true,"href":"https:\/\/arantv.az\/index.php?rest_route=%2Fwp%2Fv2%2Ftags&post=158282"}],"curies":[{"name":"wp","href":"https:\/\/api.w.org\/{rel}","templated":true}]}}