{"id":158295,"date":"2020-05-02T22:24:45","date_gmt":"2020-05-02T19:24:45","guid":{"rendered":"http:\/\/arantv.az\/?p=158295"},"modified":"2020-05-02T22:24:45","modified_gmt":"2020-05-02T19:24:45","slug":"diixihi-g%c9%99nc%c9%99-s%c9%99h%c9%99r-komit%c9%99si-g%c9%99nc%c9%99-s%c9%99h%c9%99r-icra-hakimiyy%c9%99tinin-t%c9%99s%c9%99bbusun%c9%99-qosulub","status":"publish","type":"post","link":"https:\/\/arantv.az\/?p=158295","title":{"rendered":"D\u0130\u0130X\u0130H\u0130 G\u0259nc\u0259 \u015e\u0259h\u0259r Komit\u0259si G\u0259nc\u0259 \u015e\u0259h\u0259r \u0130cra Hakimiyy\u0259tinin t\u0259\u015f\u0259bb\u00fcs\u00fcn\u0259 qo\u015fulub"},"content":{"rendered":"<p>G\u0259nc\u0259d\u0259 Nazirl\u0259r Kabineti yan\u0131nda Operativ Q\u0259r\u0259rgah\u0131n t\u0259tbiq etdiyi karantin rejimin\u0259 uy\u011fun olaraq ya\u015f\u0131 65-d\u0259n yuxar\u0131 olan ah\u0131l, t\u0259nha v\u0259 azt\u0259minatl\u0131 ail\u0259l\u0259r\u0259 yard\u0131m aksiyas\u0131 davam edir. G\u0259nc\u0259 \u015e\u0259h\u0259r \u0130cra Hakimiyy\u0259tinin t\u0259\u015f\u0259bb\u00fcs\u00fc v\u0259 AH\u0130K-in t\u0259\u015fkilat\u00e7\u0131l\u0131\u011f\u0131 il\u0259 Az\u0259rbaycan D\u00f6vl\u0259t \u0130dar\u0259l\u0259ri \u0130\u00e7timai Xidm\u0259t \u0130\u015f\u00e7il\u0259ri H\u0259mkarlar \u0130ttifaq\u0131 (D\u0130\u0130X\u0130H\u0130) G\u0259nc\u0259 \u015e\u0259h\u0259r Komit\u0259si t\u0259r\u0259find\u0259n azt\u0259minatl\u0131 ail\u0259l\u0259r\u0259 yard\u0131m edilib.<\/p>\n<p>Yard\u0131mlar\u0131n paylanmas\u0131nda D\u0130\u0130XH\u0130 G\u0259nc\u0259 \u015f\u0259h\u0259r komit\u0259sinin s\u0259dri \u00dclviyy\u0259 V\u0259liyeva v\u0259 komit\u0259nin \u0259m\u0259kda\u015flar\u0131 yax\u0131ndan i\u015ftirak ed\u0259r\u0259k 100 azt\u0259minatl\u0131 ail\u0259y\u0259 \u0259rzaq sovqat\u0131 \u00e7atd\u0131r\u0131blar. \u00dclviyy\u0259 V\u0259liyeva bildirib ki, Az\u0259rbaycan H\u0259mkarlar \u0130ttifaqlar\u0131 Konfederasiyas\u0131 Prezident \u0130lham \u018fliyevin koronavirus pandemiyas\u0131 il\u0259 ba\u011fl\u0131 h\u0259yata ke\u00e7irdiyi t\u0259dbirl\u0259rd\u0259 yax\u0131ndan i\u015ftirak edir. Az\u0259rbaycan H\u0259mkarlar \u0130ttifaqlar\u0131 Konfederasiyas\u0131 respublikan\u0131n 76 \u015f\u0259h\u0259r v\u0259 rayonundak\u0131 3900 azt\u0259minatl\u0131 ail\u0259y\u0259 \u0259rzaq sovqat\u0131 g\u00f6nd\u0259rib. \u201c<em>Aprelin 29-da AH\u0130K-\u0131n t\u0259\u015fkil etdiyi ma\u015f\u0131n karvan\u0131 is\u0259 \u0259rzaq sovqatlar\u0131n\u0131 \u00fcnvanlar\u0131na \u00e7atd\u0131rmaq \u00fc\u00e7\u00fcn respublikan\u0131n \u015f\u0259h\u0259r v\u0259 rayonlar\u0131na yola d\u00fc\u015f\u00fcb.\u00a0 G\u0259nc\u0259 \u015f\u0259h\u0259ri \u00fczr\u0259 d\u0259 100 ail\u0259y\u0259 \u0259rzaq sovqat\u0131 g\u0259tirilib. \u018fm\u0259kda\u015flar\u0131m\u0131zla birlikd\u0259 h\u0259min ail\u0259l\u0259rl\u0259 g\u00f6r\u00fc\u015f\u0259r\u0259k ba\u011flamalar\u0131n\u0131 \u00e7atd\u0131rm\u0131\u015f\u0131q\u201d<\/em>-dey\u0259 o \u0259lav\u0259 edib.<\/p>\n<p>\u018frzaq sovqat\u0131n\u0131n \u00e7atd\u0131r\u0131ld\u0131\u011f\u0131\u00a0 \u00fcnvanlarda sakinl\u0259rl\u0259\u00a0 maairfl\u0259ndirici s\u00f6hb\u0259tl\u0259r apar\u0131l\u0131b, koronavirus infeksiyas\u0131n\u0131n s\u0259b\u0259b oldu\u011fu bu \u00e7\u0259tin g\u00fcnl\u0259rd\u0259 insanlar\u0131n biri-birin\u0259 d\u0259st\u0259k olmalar\u0131n\u0131n vacibliyi vur\u011fulan\u0131b. V\u0259t\u0259nda\u015flar da \u00f6z n\u00f6vb\u0259sind\u0259 g\u00f6st\u0259ril\u0259n diqq\u0259t v\u0259 qay\u011f\u0131ya g\u00f6r\u0259 \u00f6lk\u0259 r\u0259hb\u0259rin\u0259 minn\u0259tdarl\u0131qlar\u0131n\u0131 bildiribl\u0259r.<\/p>\n<p>Qeyd ed\u0259k ki, koronavirus pandemiyas\u0131 \u015f\u0259raitind\u0259 h\u0259mkarlar ittifaqlar\u0131 t\u0259\u015fkilatlar\u0131 t\u0259r\u0259find\u0259n maddi v\u0259 m\u0259n\u0259vi yard\u0131mlar g\u00f6st\u0259rilm\u0259si g\u0259l\u0259c\u0259kd\u0259 d\u0259 davam etdiril\u0259c\u0259kdir.<\/p>\n","protected":false},"excerpt":{"rendered":"<p>G\u0259nc\u0259d\u0259 Nazirl\u0259r Kabineti yan\u0131nda Operativ Q\u0259r\u0259rgah\u0131n t\u0259tbiq etdiyi karantin rejimin\u0259 uy\u011fun olaraq ya\u015f\u0131 65-d\u0259n yuxar\u0131 olan ah\u0131l, t\u0259nha v\u0259 azt\u0259minatl\u0131 ail\u0259l\u0259r\u0259 yard\u0131m aksiyas\u0131 davam edir. G\u0259nc\u0259 \u015e\u0259h\u0259r \u0130cra Hakimiyy\u0259tinin t\u0259\u015f\u0259bb\u00fcs\u00fc v\u0259 AH\u0130K-in t\u0259\u015fkilat\u00e7\u0131l\u0131\u011f\u0131 il\u0259 Az\u0259rbaycan D\u00f6vl\u0259t \u0130dar\u0259l\u0259ri \u0130\u00e7timai Xidm\u0259t \u0130\u015f\u00e7il\u0259ri H\u0259mkarlar \u0130ttifaq\u0131 (D\u0130\u0130X\u0130H\u0130) G\u0259nc\u0259 \u015e\u0259h\u0259r Komit\u0259si t\u0259r\u0259find\u0259n azt\u0259minatl\u0131 ail\u0259l\u0259r\u0259 yard\u0131m edilib. Yard\u0131mlar\u0131n paylanmas\u0131nda D\u0130\u0130XH\u0130 G\u0259nc\u0259 \u015f\u0259h\u0259r komit\u0259sinin s\u0259dri \u00dclviyy\u0259 V\u0259liyeva v\u0259 komit\u0259nin \u0259m\u0259kda\u015flar\u0131 yax\u0131ndan i\u015ftirak ed\u0259r\u0259k 100 azt\u0259minatl\u0131 ail\u0259y\u0259 \u0259rzaq sovqat\u0131 \u00e7atd\u0131r\u0131blar. \u00dclviyy\u0259 V\u0259liyeva bildirib ki, Az\u0259rbaycan H\u0259mkarlar \u0130ttifaqlar\u0131 Konfederasiyas\u0131 Prezident \u0130lham \u018fliyevin koronavirus pandemiyas\u0131 il\u0259 ba\u011fl\u0131 h\u0259yata ke\u00e7irdiyi t\u0259dbirl\u0259rd\u0259&hellip;<\/p>\n","protected":false},"author":2,"featured_media":158296,"comment_status":"closed","ping_status":"closed","sticky":false,"template":"","format":"standard","meta":{"om_disable_all_campaigns":false,"_monsterinsights_skip_tracking":false,"_monsterinsights_sitenote_active":false,"_monsterinsights_sitenote_note":"","_monsterinsights_sitenote_category":0},"categories":[2],"tags":[],"aioseo_notices":[],"gutentor_comment":0,"rttpg_featured_image_url":{"full":["https:\/\/arantv.az\/wp-content\/uploads\/2020\/05\/c5810aa04e256ec6c43e64cf3e287912.jpg",1024,682,false],"landscape":["https:\/\/arantv.az\/wp-content\/uploads\/2020\/05\/c5810aa04e256ec6c43e64cf3e287912.jpg",1024,682,false],"portraits":["https:\/\/arantv.az\/wp-content\/uploads\/2020\/05\/c5810aa04e256ec6c43e64cf3e287912.jpg",1024,682,false],"thumbnail":["https:\/\/arantv.az\/wp-content\/uploads\/2020\/05\/c5810aa04e256ec6c43e64cf3e287912-150x150.jpg",150,150,true],"medium":["https:\/\/arantv.az\/wp-content\/uploads\/2020\/05\/c5810aa04e256ec6c43e64cf3e287912-300x200.jpg",300,200,true],"large":["https:\/\/arantv.az\/wp-content\/uploads\/2020\/05\/c5810aa04e256ec6c43e64cf3e287912-1024x682.jpg",640,426,true],"1536x1536":["https:\/\/arantv.az\/wp-content\/uploads\/2020\/05\/c5810aa04e256ec6c43e64cf3e287912.jpg",1024,682,false],"2048x2048":["https:\/\/arantv.az\/wp-content\/uploads\/2020\/05\/c5810aa04e256ec6c43e64cf3e287912.jpg",1024,682,false],"post-thumbnail":["https:\/\/arantv.az\/wp-content\/uploads\/2020\/05\/c5810aa04e256ec6c43e64cf3e287912-240x172.jpg",240,172,true],"advps-thumb-one":["https:\/\/arantv.az\/wp-content\/uploads\/2020\/05\/c5810aa04e256ec6c43e64cf3e287912-1024x620.jpg",1024,620,true]},"rttpg_author":{"display_name":"V\u00fcsal Rafiqo\u011flu","author_link":"https:\/\/arantv.az\/?author=2"},"rttpg_comment":0,"rttpg_category":"<a href=\"https:\/\/arantv.az\/?cat=2\" rel=\"category\">Region X\u0259b\u0259rl\u0259ri<\/a>","rttpg_excerpt":"G\u0259nc\u0259d\u0259 Nazirl\u0259r Kabineti yan\u0131nda Operativ Q\u0259r\u0259rgah\u0131n t\u0259tbiq etdiyi karantin rejimin\u0259 uy\u011fun olaraq ya\u015f\u0131 65-d\u0259n yuxar\u0131 olan ah\u0131l, t\u0259nha v\u0259 azt\u0259minatl\u0131 ail\u0259l\u0259r\u0259 yard\u0131m aksiyas\u0131 davam edir. G\u0259nc\u0259 \u015e\u0259h\u0259r \u0130cra Hakimiyy\u0259tinin t\u0259\u015f\u0259bb\u00fcs\u00fc v\u0259 AH\u0130K-in t\u0259\u015fkilat\u00e7\u0131l\u0131\u011f\u0131 il\u0259 Az\u0259rbaycan D\u00f6vl\u0259t \u0130dar\u0259l\u0259ri \u0130\u00e7timai Xidm\u0259t \u0130\u015f\u00e7il\u0259ri H\u0259mkarlar \u0130ttifaq\u0131 (D\u0130\u0130X\u0130H\u0130) G\u0259nc\u0259 \u015e\u0259h\u0259r Komit\u0259si t\u0259r\u0259find\u0259n azt\u0259minatl\u0131 ail\u0259l\u0259r\u0259 yard\u0131m edilib. Yard\u0131mlar\u0131n paylanmas\u0131nda D\u0130\u0130XH\u0130 G\u0259nc\u0259&hellip;","_links":{"self":[{"href":"https:\/\/arantv.az\/index.php?rest_route=\/wp\/v2\/posts\/158295"}],"collection":[{"href":"https:\/\/arantv.az\/index.php?rest_route=\/wp\/v2\/posts"}],"about":[{"href":"https:\/\/arantv.az\/index.php?rest_route=\/wp\/v2\/types\/post"}],"author":[{"embeddable":true,"href":"https:\/\/arantv.az\/index.php?rest_route=\/wp\/v2\/users\/2"}],"replies":[{"embeddable":true,"href":"https:\/\/arantv.az\/index.php?rest_route=%2Fwp%2Fv2%2Fcomments&post=158295"}],"version-history":[{"count":0,"href":"https:\/\/arantv.az\/index.php?rest_route=\/wp\/v2\/posts\/158295\/revisions"}],"wp:featuredmedia":[{"embeddable":true,"href":"https:\/\/arantv.az\/index.php?rest_route=\/wp\/v2\/media\/158296"}],"wp:attachment":[{"href":"https:\/\/arantv.az\/index.php?rest_route=%2Fwp%2Fv2%2Fmedia&parent=158295"}],"wp:term":[{"taxonomy":"category","embeddable":true,"href":"https:\/\/arantv.az\/index.php?rest_route=%2Fwp%2Fv2%2Fcategories&post=158295"},{"taxonomy":"post_tag","embeddable":true,"href":"https:\/\/arantv.az\/index.php?rest_route=%2Fwp%2Fv2%2Ftags&post=158295"}],"curies":[{"name":"wp","href":"https:\/\/api.w.org\/{rel}","templated":true}]}}