{"id":158312,"date":"2020-05-02T22:51:54","date_gmt":"2020-05-02T19:51:54","guid":{"rendered":"http:\/\/arantv.az\/?p=158312"},"modified":"2020-05-02T22:51:54","modified_gmt":"2020-05-02T19:51:54","slug":"s%c9%99mkird%c9%99ki-q%c9%99tll%c9%99-bagli-t%c9%99f%c9%99rruat","status":"publish","type":"post","link":"https:\/\/arantv.az\/?p=158312","title":{"rendered":"\u015e\u0259mkird\u0259ki q\u0259tll\u0259 ba\u011fl\u0131 T\u018fF\u018fRR\u00dcAT"},"content":{"rendered":"<p>\u015e\u0259mkir rayonunda ba\u015f ver\u0259n q\u0259tl hadis\u0259si il\u0259 ba\u011fl\u0131 b\u0259zi t\u0259f\u0259rr\u00fcatlar m\u0259lum olub.<\/p>\n<div id=\"AdviadNativeVideo0\" class=\"AdviadNativeVideo\"><\/div>\n<p>ARANTV.AZ bildirir ki, rayonun Yenih\u0259yat k\u0259nd b\u0259l\u0259diyy\u0259sinin indiki s\u0259dri K\u0259mal\u0259 Qas\u0131mova &#8220;Qafqazinfo&#8221;ya a\u00e7\u0131qlamas\u0131nda deyib ki, onun Etibar H\u00fcseynov adl\u0131 qarda\u015f\u0131 yoxdur v\u0259 hadis\u0259ni t\u00f6r\u0259d\u0259n \u015f\u0259xs onun yox, b\u0259l\u0259diyy\u0259nin ke\u00e7mi\u015f s\u0259dri Sona S\u00fcleymanovan\u0131n qarda\u015f\u0131d\u0131r.<\/p>\n<p>Xat\u0131rladaq ki, may\u0131n 1-d\u0259 rayon sakini Etibar S\u00fcleymanov m\u00fcnaqi\u015f\u0259 z\u0259minind\u0259 bacana\u011f\u0131 Elnur H\u00fcseynovu ba\u015f\u0131ndan g\u00fcll\u0259l\u0259y\u0259r\u0259k \u00f6ld\u00fcr\u00fcb.<\/p>\n","protected":false},"excerpt":{"rendered":"<p>\u015e\u0259mkir rayonunda ba\u015f ver\u0259n q\u0259tl hadis\u0259si il\u0259 ba\u011fl\u0131 b\u0259zi t\u0259f\u0259rr\u00fcatlar m\u0259lum olub. ARANTV.AZ bildirir ki, rayonun Yenih\u0259yat k\u0259nd b\u0259l\u0259diyy\u0259sinin indiki s\u0259dri K\u0259mal\u0259 Qas\u0131mova &#8220;Qafqazinfo&#8221;ya a\u00e7\u0131qlamas\u0131nda deyib ki, onun Etibar H\u00fcseynov adl\u0131 qarda\u015f\u0131 yoxdur v\u0259 hadis\u0259ni t\u00f6r\u0259d\u0259n \u015f\u0259xs onun yox, b\u0259l\u0259diyy\u0259nin ke\u00e7mi\u015f s\u0259dri Sona S\u00fcleymanovan\u0131n qarda\u015f\u0131d\u0131r. Xat\u0131rladaq ki, may\u0131n 1-d\u0259 rayon sakini Etibar S\u00fcleymanov m\u00fcnaqi\u015f\u0259 z\u0259minind\u0259 bacana\u011f\u0131 Elnur H\u00fcseynovu ba\u015f\u0131ndan g\u00fcll\u0259l\u0259y\u0259r\u0259k \u00f6ld\u00fcr\u00fcb.<\/p>\n","protected":false},"author":2,"featured_media":158313,"comment_status":"closed","ping_status":"closed","sticky":false,"template":"","format":"standard","meta":{"om_disable_all_campaigns":false,"_monsterinsights_skip_tracking":false,"_monsterinsights_sitenote_active":false,"_monsterinsights_sitenote_note":"","_monsterinsights_sitenote_category":0},"categories":[3],"tags":[],"aioseo_notices":[],"gutentor_comment":0,"rttpg_featured_image_url":{"full":["https:\/\/arantv.az\/wp-content\/uploads\/2020\/05\/847238.jpg",649,487,false],"landscape":["https:\/\/arantv.az\/wp-content\/uploads\/2020\/05\/847238.jpg",649,487,false],"portraits":["https:\/\/arantv.az\/wp-content\/uploads\/2020\/05\/847238.jpg",649,487,false],"thumbnail":["https:\/\/arantv.az\/wp-content\/uploads\/2020\/05\/847238-150x150.jpg",150,150,true],"medium":["https:\/\/arantv.az\/wp-content\/uploads\/2020\/05\/847238-300x225.jpg",300,225,true],"large":["https:\/\/arantv.az\/wp-content\/uploads\/2020\/05\/847238.jpg",640,480,false],"1536x1536":["https:\/\/arantv.az\/wp-content\/uploads\/2020\/05\/847238.jpg",649,487,false],"2048x2048":["https:\/\/arantv.az\/wp-content\/uploads\/2020\/05\/847238.jpg",649,487,false],"post-thumbnail":["https:\/\/arantv.az\/wp-content\/uploads\/2020\/05\/847238-240x172.jpg",240,172,true],"advps-thumb-one":["https:\/\/arantv.az\/wp-content\/uploads\/2020\/05\/847238.jpg",649,487,false]},"rttpg_author":{"display_name":"V\u00fcsal Rafiqo\u011flu","author_link":"https:\/\/arantv.az\/?author=2"},"rttpg_comment":0,"rttpg_category":"<a href=\"https:\/\/arantv.az\/?cat=3\" rel=\"category\">Kriminal<\/a>","rttpg_excerpt":"\u015e\u0259mkir rayonunda ba\u015f ver\u0259n q\u0259tl hadis\u0259si il\u0259 ba\u011fl\u0131 b\u0259zi t\u0259f\u0259rr\u00fcatlar m\u0259lum olub. ARANTV.AZ bildirir ki, rayonun Yenih\u0259yat k\u0259nd b\u0259l\u0259diyy\u0259sinin indiki s\u0259dri K\u0259mal\u0259 Qas\u0131mova &#8220;Qafqazinfo&#8221;ya a\u00e7\u0131qlamas\u0131nda deyib ki, onun Etibar H\u00fcseynov adl\u0131 qarda\u015f\u0131 yoxdur v\u0259 hadis\u0259ni t\u00f6r\u0259d\u0259n \u015f\u0259xs onun yox, b\u0259l\u0259diyy\u0259nin ke\u00e7mi\u015f s\u0259dri Sona S\u00fcleymanovan\u0131n qarda\u015f\u0131d\u0131r. Xat\u0131rladaq ki, may\u0131n 1-d\u0259 rayon sakini Etibar S\u00fcleymanov m\u00fcnaqi\u015f\u0259 z\u0259minind\u0259&hellip;","_links":{"self":[{"href":"https:\/\/arantv.az\/index.php?rest_route=\/wp\/v2\/posts\/158312"}],"collection":[{"href":"https:\/\/arantv.az\/index.php?rest_route=\/wp\/v2\/posts"}],"about":[{"href":"https:\/\/arantv.az\/index.php?rest_route=\/wp\/v2\/types\/post"}],"author":[{"embeddable":true,"href":"https:\/\/arantv.az\/index.php?rest_route=\/wp\/v2\/users\/2"}],"replies":[{"embeddable":true,"href":"https:\/\/arantv.az\/index.php?rest_route=%2Fwp%2Fv2%2Fcomments&post=158312"}],"version-history":[{"count":0,"href":"https:\/\/arantv.az\/index.php?rest_route=\/wp\/v2\/posts\/158312\/revisions"}],"wp:featuredmedia":[{"embeddable":true,"href":"https:\/\/arantv.az\/index.php?rest_route=\/wp\/v2\/media\/158313"}],"wp:attachment":[{"href":"https:\/\/arantv.az\/index.php?rest_route=%2Fwp%2Fv2%2Fmedia&parent=158312"}],"wp:term":[{"taxonomy":"category","embeddable":true,"href":"https:\/\/arantv.az\/index.php?rest_route=%2Fwp%2Fv2%2Fcategories&post=158312"},{"taxonomy":"post_tag","embeddable":true,"href":"https:\/\/arantv.az\/index.php?rest_route=%2Fwp%2Fv2%2Ftags&post=158312"}],"curies":[{"name":"wp","href":"https:\/\/api.w.org\/{rel}","templated":true}]}}