{"id":158345,"date":"2020-05-03T08:08:42","date_gmt":"2020-05-03T05:08:42","guid":{"rendered":"http:\/\/arantv.az\/?p=158345"},"modified":"2020-05-03T08:08:42","modified_gmt":"2020-05-03T05:08:42","slug":"agsuda-avtomobil-25-qoyunu-vuraraq-oldurub","status":"publish","type":"post","link":"https:\/\/arantv.az\/?p=158345","title":{"rendered":"A\u011fsuda avtomobil 25 qoyunu vuraraq \u00f6ld\u00fcr\u00fcb"},"content":{"rendered":"<p><strong>A\u011fsu rayonunda x\u0131rdabuynuzlu heyvanlar\u0131n t\u0259l\u0259fat\u0131 il\u0259 n\u0259tic\u0259l\u0259n\u0259n yol-n\u0259qliyyat hadis\u0259si ba\u015f verib.<\/strong><\/p>\n<p>APA-n\u0131n yerli b\u00fcrosunun x\u0259b\u0259rin\u0259 g\u00f6r\u0259, may\u0131n 2-d\u0259 A\u011fsu rayon sakini Kamil \u0130sray\u0131lov &#8220;Toyota&#8221; markal\u0131 minik avtomobili il\u0259 A\u011fsu-K\u00fcrd\u0259mir yolunda h\u0259r\u0259k\u0259td\u0259 olark\u0259n q\u0259fl\u0259t\u0259n qar\u015f\u0131s\u0131na \u00e7\u0131xan qoyun s\u00fcr\u00fcs\u00fcn\u0259 gir\u0259r\u0259k q\u0259za t\u00f6r\u0259dib. T\u0259kl\u0259 k\u0259ndi \u0259razisind\u0259 ba\u015f ver\u0259n hadis\u0259 zaman\u0131 yerli sakinl\u0259r\u0259 m\u0259xsus 25 ba\u015f qoyun t\u0259l\u0259f olub.<\/p>\n<p>Faktla ba\u011fl\u0131 ara\u015fd\u0131rma apar\u0131l\u0131r.<\/p>\n","protected":false},"excerpt":{"rendered":"<p>A\u011fsu rayonunda x\u0131rdabuynuzlu heyvanlar\u0131n t\u0259l\u0259fat\u0131 il\u0259 n\u0259tic\u0259l\u0259n\u0259n yol-n\u0259qliyyat hadis\u0259si ba\u015f verib. APA-n\u0131n yerli b\u00fcrosunun x\u0259b\u0259rin\u0259 g\u00f6r\u0259, may\u0131n 2-d\u0259 A\u011fsu rayon sakini Kamil \u0130sray\u0131lov &#8220;Toyota&#8221; markal\u0131 minik avtomobili il\u0259 A\u011fsu-K\u00fcrd\u0259mir yolunda h\u0259r\u0259k\u0259td\u0259 olark\u0259n q\u0259fl\u0259t\u0259n qar\u015f\u0131s\u0131na \u00e7\u0131xan qoyun s\u00fcr\u00fcs\u00fcn\u0259 gir\u0259r\u0259k q\u0259za t\u00f6r\u0259dib. T\u0259kl\u0259 k\u0259ndi \u0259razisind\u0259 ba\u015f ver\u0259n hadis\u0259 zaman\u0131 yerli sakinl\u0259r\u0259 m\u0259xsus 25 ba\u015f qoyun t\u0259l\u0259f olub. Faktla ba\u011fl\u0131 ara\u015fd\u0131rma apar\u0131l\u0131r.<\/p>\n","protected":false},"author":2,"featured_media":158346,"comment_status":"closed","ping_status":"closed","sticky":false,"template":"","format":"standard","meta":{"om_disable_all_campaigns":false,"_monsterinsights_skip_tracking":false,"_monsterinsights_sitenote_active":false,"_monsterinsights_sitenote_note":"","_monsterinsights_sitenote_category":0},"categories":[5],"tags":[],"aioseo_notices":[],"gutentor_comment":0,"rttpg_featured_image_url":{"full":["https:\/\/arantv.az\/wp-content\/uploads\/2020\/05\/d956f0e580c2bd658bcd65827a899ba8.jpg",450,300,false],"landscape":["https:\/\/arantv.az\/wp-content\/uploads\/2020\/05\/d956f0e580c2bd658bcd65827a899ba8.jpg",450,300,false],"portraits":["https:\/\/arantv.az\/wp-content\/uploads\/2020\/05\/d956f0e580c2bd658bcd65827a899ba8.jpg",450,300,false],"thumbnail":["https:\/\/arantv.az\/wp-content\/uploads\/2020\/05\/d956f0e580c2bd658bcd65827a899ba8-150x150.jpg",150,150,true],"medium":["https:\/\/arantv.az\/wp-content\/uploads\/2020\/05\/d956f0e580c2bd658bcd65827a899ba8-300x200.jpg",300,200,true],"large":["https:\/\/arantv.az\/wp-content\/uploads\/2020\/05\/d956f0e580c2bd658bcd65827a899ba8.jpg",450,300,false],"1536x1536":["https:\/\/arantv.az\/wp-content\/uploads\/2020\/05\/d956f0e580c2bd658bcd65827a899ba8.jpg",450,300,false],"2048x2048":["https:\/\/arantv.az\/wp-content\/uploads\/2020\/05\/d956f0e580c2bd658bcd65827a899ba8.jpg",450,300,false],"post-thumbnail":["https:\/\/arantv.az\/wp-content\/uploads\/2020\/05\/d956f0e580c2bd658bcd65827a899ba8-240x172.jpg",240,172,true],"advps-thumb-one":["https:\/\/arantv.az\/wp-content\/uploads\/2020\/05\/d956f0e580c2bd658bcd65827a899ba8.jpg",450,300,false]},"rttpg_author":{"display_name":"V\u00fcsal Rafiqo\u011flu","author_link":"https:\/\/arantv.az\/?author=2"},"rttpg_comment":0,"rttpg_category":"<a href=\"https:\/\/arantv.az\/?cat=5\" rel=\"category\">Hadis\u0259<\/a>","rttpg_excerpt":"A\u011fsu rayonunda x\u0131rdabuynuzlu heyvanlar\u0131n t\u0259l\u0259fat\u0131 il\u0259 n\u0259tic\u0259l\u0259n\u0259n yol-n\u0259qliyyat hadis\u0259si ba\u015f verib. APA-n\u0131n yerli b\u00fcrosunun x\u0259b\u0259rin\u0259 g\u00f6r\u0259, may\u0131n 2-d\u0259 A\u011fsu rayon sakini Kamil \u0130sray\u0131lov &#8220;Toyota&#8221; markal\u0131 minik avtomobili il\u0259 A\u011fsu-K\u00fcrd\u0259mir yolunda h\u0259r\u0259k\u0259td\u0259 olark\u0259n q\u0259fl\u0259t\u0259n qar\u015f\u0131s\u0131na \u00e7\u0131xan qoyun s\u00fcr\u00fcs\u00fcn\u0259 gir\u0259r\u0259k q\u0259za t\u00f6r\u0259dib. T\u0259kl\u0259 k\u0259ndi \u0259razisind\u0259 ba\u015f ver\u0259n hadis\u0259 zaman\u0131 yerli sakinl\u0259r\u0259 m\u0259xsus 25 ba\u015f qoyun t\u0259l\u0259f olub.&hellip;","_links":{"self":[{"href":"https:\/\/arantv.az\/index.php?rest_route=\/wp\/v2\/posts\/158345"}],"collection":[{"href":"https:\/\/arantv.az\/index.php?rest_route=\/wp\/v2\/posts"}],"about":[{"href":"https:\/\/arantv.az\/index.php?rest_route=\/wp\/v2\/types\/post"}],"author":[{"embeddable":true,"href":"https:\/\/arantv.az\/index.php?rest_route=\/wp\/v2\/users\/2"}],"replies":[{"embeddable":true,"href":"https:\/\/arantv.az\/index.php?rest_route=%2Fwp%2Fv2%2Fcomments&post=158345"}],"version-history":[{"count":0,"href":"https:\/\/arantv.az\/index.php?rest_route=\/wp\/v2\/posts\/158345\/revisions"}],"wp:featuredmedia":[{"embeddable":true,"href":"https:\/\/arantv.az\/index.php?rest_route=\/wp\/v2\/media\/158346"}],"wp:attachment":[{"href":"https:\/\/arantv.az\/index.php?rest_route=%2Fwp%2Fv2%2Fmedia&parent=158345"}],"wp:term":[{"taxonomy":"category","embeddable":true,"href":"https:\/\/arantv.az\/index.php?rest_route=%2Fwp%2Fv2%2Fcategories&post=158345"},{"taxonomy":"post_tag","embeddable":true,"href":"https:\/\/arantv.az\/index.php?rest_route=%2Fwp%2Fv2%2Ftags&post=158345"}],"curies":[{"name":"wp","href":"https:\/\/api.w.org\/{rel}","templated":true}]}}