{"id":158357,"date":"2020-05-03T08:18:00","date_gmt":"2020-05-03T05:18:00","guid":{"rendered":"http:\/\/arantv.az\/?p=158357"},"modified":"2020-05-03T08:18:00","modified_gmt":"2020-05-03T05:18:00","slug":"bakida-avtomobil-qadini-vurdu","status":"publish","type":"post","link":"https:\/\/arantv.az\/?p=158357","title":{"rendered":"Bak\u0131da avtomobil qad\u0131n\u0131 vurdu"},"content":{"rendered":"<p><strong>Bak\u0131da x\u0259sar\u0259tl\u0259 n\u0259tic\u0259l\u0259n\u0259n yol-n\u0259qliyyat hadis\u0259si ba\u015f verib.<\/strong><\/p>\n<p>&#8220;Report&#8221;un m\u0259lumat\u0131na g\u00f6r\u0259, hadis\u0259 Yasamal rayonunda qeyd\u0259 al\u0131n\u0131b.<\/p>\n<p>A.M.\u015e\u0259rifzad\u0259 prospektind\u0259 avtomobil yolu ke\u00e7\u0259n 1975-ci il t\u0259v\u0259ll\u00fcdl\u00fc \u018fliyeva \u0130rad\u0259 \u018flia\u011fa q\u0131z\u0131n\u0131 vurub.<\/p>\n<p>Yaral\u0131 t\u0259cili yard\u0131m\u0131n k\u00f6m\u0259kliyi il\u0259 x\u0259st\u0259xanaya \u00e7atd\u0131r\u0131l\u0131b.<\/p>\n<p>M\u00fcayin\u0259 zaman\u0131 ona qapal\u0131 k\u0259ll\u0259-beyin travmas\u0131 diaqnozu qoyulub.<\/p>\n<p>Faktla ba\u011fl\u0131 ara\u015fd\u0131rma apar\u0131l\u0131r.<\/p>\n","protected":false},"excerpt":{"rendered":"<p>Bak\u0131da x\u0259sar\u0259tl\u0259 n\u0259tic\u0259l\u0259n\u0259n yol-n\u0259qliyyat hadis\u0259si ba\u015f verib. &#8220;Report&#8221;un m\u0259lumat\u0131na g\u00f6r\u0259, hadis\u0259 Yasamal rayonunda qeyd\u0259 al\u0131n\u0131b. A.M.\u015e\u0259rifzad\u0259 prospektind\u0259 avtomobil yolu ke\u00e7\u0259n 1975-ci il t\u0259v\u0259ll\u00fcdl\u00fc \u018fliyeva \u0130rad\u0259 \u018flia\u011fa q\u0131z\u0131n\u0131 vurub. Yaral\u0131 t\u0259cili yard\u0131m\u0131n k\u00f6m\u0259kliyi il\u0259 x\u0259st\u0259xanaya \u00e7atd\u0131r\u0131l\u0131b. M\u00fcayin\u0259 zaman\u0131 ona qapal\u0131 k\u0259ll\u0259-beyin travmas\u0131 diaqnozu qoyulub. Faktla ba\u011fl\u0131 ara\u015fd\u0131rma apar\u0131l\u0131r.<\/p>\n","protected":false},"author":2,"featured_media":158358,"comment_status":"closed","ping_status":"closed","sticky":false,"template":"","format":"standard","meta":{"om_disable_all_campaigns":false,"_monsterinsights_skip_tracking":false,"_monsterinsights_sitenote_active":false,"_monsterinsights_sitenote_note":"","_monsterinsights_sitenote_category":0},"categories":[5],"tags":[],"aioseo_notices":[],"gutentor_comment":0,"rttpg_featured_image_url":{"full":["https:\/\/arantv.az\/wp-content\/uploads\/2020\/05\/9268b94802c33a6b450b20c3b565b99e.jpg",450,300,false],"landscape":["https:\/\/arantv.az\/wp-content\/uploads\/2020\/05\/9268b94802c33a6b450b20c3b565b99e.jpg",450,300,false],"portraits":["https:\/\/arantv.az\/wp-content\/uploads\/2020\/05\/9268b94802c33a6b450b20c3b565b99e.jpg",450,300,false],"thumbnail":["https:\/\/arantv.az\/wp-content\/uploads\/2020\/05\/9268b94802c33a6b450b20c3b565b99e-150x150.jpg",150,150,true],"medium":["https:\/\/arantv.az\/wp-content\/uploads\/2020\/05\/9268b94802c33a6b450b20c3b565b99e-300x200.jpg",300,200,true],"large":["https:\/\/arantv.az\/wp-content\/uploads\/2020\/05\/9268b94802c33a6b450b20c3b565b99e.jpg",450,300,false],"1536x1536":["https:\/\/arantv.az\/wp-content\/uploads\/2020\/05\/9268b94802c33a6b450b20c3b565b99e.jpg",450,300,false],"2048x2048":["https:\/\/arantv.az\/wp-content\/uploads\/2020\/05\/9268b94802c33a6b450b20c3b565b99e.jpg",450,300,false],"post-thumbnail":["https:\/\/arantv.az\/wp-content\/uploads\/2020\/05\/9268b94802c33a6b450b20c3b565b99e-240x172.jpg",240,172,true],"advps-thumb-one":["https:\/\/arantv.az\/wp-content\/uploads\/2020\/05\/9268b94802c33a6b450b20c3b565b99e.jpg",450,300,false]},"rttpg_author":{"display_name":"V\u00fcsal Rafiqo\u011flu","author_link":"https:\/\/arantv.az\/?author=2"},"rttpg_comment":0,"rttpg_category":"<a href=\"https:\/\/arantv.az\/?cat=5\" rel=\"category\">Hadis\u0259<\/a>","rttpg_excerpt":"Bak\u0131da x\u0259sar\u0259tl\u0259 n\u0259tic\u0259l\u0259n\u0259n yol-n\u0259qliyyat hadis\u0259si ba\u015f verib. &#8220;Report&#8221;un m\u0259lumat\u0131na g\u00f6r\u0259, hadis\u0259 Yasamal rayonunda qeyd\u0259 al\u0131n\u0131b. A.M.\u015e\u0259rifzad\u0259 prospektind\u0259 avtomobil yolu ke\u00e7\u0259n 1975-ci il t\u0259v\u0259ll\u00fcdl\u00fc \u018fliyeva \u0130rad\u0259 \u018flia\u011fa q\u0131z\u0131n\u0131 vurub. Yaral\u0131 t\u0259cili yard\u0131m\u0131n k\u00f6m\u0259kliyi il\u0259 x\u0259st\u0259xanaya \u00e7atd\u0131r\u0131l\u0131b. M\u00fcayin\u0259 zaman\u0131 ona qapal\u0131 k\u0259ll\u0259-beyin travmas\u0131 diaqnozu qoyulub. Faktla ba\u011fl\u0131 ara\u015fd\u0131rma apar\u0131l\u0131r.","_links":{"self":[{"href":"https:\/\/arantv.az\/index.php?rest_route=\/wp\/v2\/posts\/158357"}],"collection":[{"href":"https:\/\/arantv.az\/index.php?rest_route=\/wp\/v2\/posts"}],"about":[{"href":"https:\/\/arantv.az\/index.php?rest_route=\/wp\/v2\/types\/post"}],"author":[{"embeddable":true,"href":"https:\/\/arantv.az\/index.php?rest_route=\/wp\/v2\/users\/2"}],"replies":[{"embeddable":true,"href":"https:\/\/arantv.az\/index.php?rest_route=%2Fwp%2Fv2%2Fcomments&post=158357"}],"version-history":[{"count":0,"href":"https:\/\/arantv.az\/index.php?rest_route=\/wp\/v2\/posts\/158357\/revisions"}],"wp:featuredmedia":[{"embeddable":true,"href":"https:\/\/arantv.az\/index.php?rest_route=\/wp\/v2\/media\/158358"}],"wp:attachment":[{"href":"https:\/\/arantv.az\/index.php?rest_route=%2Fwp%2Fv2%2Fmedia&parent=158357"}],"wp:term":[{"taxonomy":"category","embeddable":true,"href":"https:\/\/arantv.az\/index.php?rest_route=%2Fwp%2Fv2%2Fcategories&post=158357"},{"taxonomy":"post_tag","embeddable":true,"href":"https:\/\/arantv.az\/index.php?rest_route=%2Fwp%2Fv2%2Ftags&post=158357"}],"curies":[{"name":"wp","href":"https:\/\/api.w.org\/{rel}","templated":true}]}}