{"id":159818,"date":"2020-05-05T19:15:24","date_gmt":"2020-05-05T16:15:24","guid":{"rendered":"http:\/\/arantv.az\/?p=159818"},"modified":"2020-05-05T19:15:24","modified_gmt":"2020-05-05T16:15:24","slug":"erm%c9%99nistan-t%c9%99r%c9%99find%c9%99n-az%c9%99rbaycan-%c9%99razil%c9%99rinin-isgali-muv%c9%99qq%c9%99ti-xarakter-dasiyir-hikm%c9%99t-haciyev","status":"publish","type":"post","link":"https:\/\/arantv.az\/?p=159818","title":{"rendered":"Erm\u0259nistan t\u0259r\u0259find\u0259n Az\u0259rbaycan \u0259razil\u0259rinin i\u015f\u011fal\u0131 m\u00fcv\u0259qq\u0259ti xarakter da\u015f\u0131y\u0131r &#8211; Hikm\u0259t Hac\u0131yev"},"content":{"rendered":"<p><strong>Az\u0259rbaycan Respublikas\u0131 Prezidentinin k\u00f6m\u0259k\u00e7isi &#8211; Prezident Administrasiyas\u0131n\u0131n Xarici siyas\u0259t m\u0259s\u0259l\u0259l\u0259ri \u015f\u00f6b\u0259sinin m\u00fcdiri Hikm\u0259t Hac\u0131yev Trend-\u0259 m\u00fcsahib\u0259 verib.<\/strong><\/p>\n<p>M\u00fcsahib\u0259ni t\u0259qdim edirik:<\/p>\n<p>-Erm\u0259nistan xarici i\u015fl\u0259r nazirliyi t\u0259r\u0259find\u0259n m\u00fcnaqi\u015f\u0259nin m\u0259rh\u0259l\u0259li h\u0259lli prosesini t\u0259hrif ed\u0259n v\u0259 ziddiyy\u0259tli a\u00e7\u0131qlamalar verilir. Bu bar\u0259d\u0259 n\u0259 dey\u0259rdiniz?<\/p>\n<p>-AT\u018fT-in Minsk Qrupunun h\u0259ms\u0259drl\u0259rinin vasit\u0259\u00e7iliyi il\u0259 Erm\u0259nistan-Az\u0259rbaycan Da\u011fl\u0131q Qaraba\u011f m\u00fcnaqi\u015f\u0259sinin h\u0259lli \u00fczr\u0259 apar\u0131lan dan\u0131\u015f\u0131qlar prosesinin m\u0259rh\u0259l\u0259li h\u0259ll\u0259 \u0259saslanmas\u0131 ham\u0131ya m\u0259lumdur. AT\u018fT-in Minsk Qrupunun h\u0259ms\u0259dr \u00f6lk\u0259l\u0259rinin d\u00f6vl\u0259t ba\u015f\u00e7\u0131lar\u0131 v\u0259 dig\u0259r s\u0259viyy\u0259l\u0259rd\u0259 s\u0259sl\u0259ndirdikl\u0259ri b\u0259yanatlarda status-kvonun q\u0259buledilm\u0259z oldu\u011fu v\u0259 m\u00fcnaqi\u015f\u0259nin m\u0259rh\u0259l\u0259li \u015f\u0259kild\u0259 h\u0259ll olunmas\u0131 plan\u0131 d\u0259f\u0259l\u0259rl\u0259 b\u0259yan olunub. Erm\u0259nistan t\u0259r\u0259fi h\u0259r zaman oldu\u011fu kimi \u00f6lk\u0259 ictimaiyy\u0259tini aldatmaq \u00fc\u00e7\u00fcn \u0259sass\u0131z iddialarla \u00e7\u0131x\u0131\u015f edir. M\u00fcnaqi\u015f\u0259nin paket formulu \u0259sas\u0131nda h\u0259lli m\u00fczakir\u0259 m\u00f6vzusu deyildir. Erm\u0259nistan\u0131n siyasi-h\u0259rbi r\u0259hb\u0259rliyi destruktiv ritorikas\u0131 v\u0259 t\u0259xribat\u00e7\u0131 add\u0131mlar\u0131 il\u0259 bu g\u00fcn AT\u018fT-in Minsk Qrupunun h\u0259ms\u0259drl\u0259rinin vasit\u0259\u00e7iliyi il\u0259 apar\u0131lan dan\u0131\u015f\u0131qlar prosesini sual alt\u0131na qoyur.<\/p>\n<p>M\u00fcnaqi\u015f\u0259 Az\u0259rbaycan Respublikas\u0131n\u0131n Konstitusiyas\u0131na, BMT T\u0259hl\u00fck\u0259sizlik \u015euras\u0131n\u0131n m\u0259lum q\u0259tnam\u0259l\u0259rin\u0259 v\u0259 Helsinki Yekun Akt\u0131na uy\u011fun olaraq Az\u0259rbaycan\u0131n \u0259razi b\u00fct\u00f6vl\u00fcy\u00fc \u00e7\u0259r\u00e7iv\u0259sind\u0259 h\u0259ll olunmal\u0131d\u0131r v\u0259 h\u0259ll olunacaqd\u0131r. Az\u0259rbaycan\u0131n \u0259razi b\u00fct\u00f6vl\u00fcy\u00fc he\u00e7 zaman m\u00fczakir\u0259 m\u00f6vzusu olmay\u0131b v\u0259 ola da bilm\u0259z. Erm\u0259nistan xarici i\u015fl\u0259r naziri v\u0259 ya dig\u0259r kims\u0259 Az\u0259rbaycan\u0131n \u0259razi b\u00fct\u00f6vl\u00fcy\u00fc v\u0259 suveren \u0259razil\u0259ri bar\u0259d\u0259 m\u00fchakim\u0259 y\u00fcr\u00fcd\u0259 bilm\u0259z. Prezident \u0130lham \u018fliyev t\u0259r\u0259find\u0259n qeyd olundu\u011fu kimi m\u00fcnaqi\u015f\u0259 yaln\u0131z Az\u0259rbaycan\u0131n \u0259razi b\u00fct\u00f6vl\u00fcy\u00fc \u00e7\u0259r\u00e7iv\u0259sind\u0259 h\u0259ll olunmal\u0131d\u0131r. \u201cQaraba\u011f Az\u0259rbaycand\u0131r v\u0259 nida i\u015far\u0259si\u201d.<\/p>\n<p>M\u00fcnaqi\u015f\u0259nin m\u0259rh\u0259l\u0259li \u015f\u0259kild\u0259 h\u0259llind\u0259 birinci v\u0259 \u0259n vacib olan add\u0131m Erm\u0259nistan qo\u015funlar\u0131n\u0131n Az\u0259rbaycan\u0131n i\u015f\u011fal olunmu\u015f \u0259razil\u0259rind\u0259n \u00e7\u0131xar\u0131lmas\u0131 v\u0259 Az\u0259rbaycanl\u0131 m\u0259cburi k\u00f6\u00e7k\u00fcnl\u0259rin t\u0259hl\u00fck\u0259siz \u015f\u0259raitd\u0259 \u00f6z do\u011fma torpaqlar\u0131na qay\u0131tmas\u0131 h\u00fcququnun t\u0259min olunmas\u0131d\u0131r. Erm\u0259nistan\u0131n i\u015f\u011fal\u00e7\u0131l\u0131q siyas\u0259ti davam etdiyi t\u0259qdird\u0259, m\u00fcnaqi\u015f\u0259nin h\u0259llind\u0259 ir\u0259lil\u0259yi\u015f \u0259ld\u0259 etm\u0259k qeyri-m\u00fcmk\u00fcnd\u00fcr. B\u00fct\u00fcn i\u015f\u011fallar kimi Erm\u0259nistan t\u0259r\u0259find\u0259n Az\u0259rbaycan \u0259razil\u0259rinin i\u015f\u011fal\u0131 da m\u00fcv\u0259qq\u0259ti xarakter da\u015f\u0131y\u0131r. Erm\u0259nistan i\u015f\u011fal\u00e7\u0131 d\u00f6vl\u0259t olaraq bunu n\u0259hay\u0259t ba\u015fa d\u00fc\u015fm\u0259lidir.<\/p>\n<p>Az\u0259rbaycan Respublikas\u0131n\u0131n \u0259razi b\u00fct\u00f6vl\u00fcy\u00fcn\u00fc b\u00fct\u00fcn beyn\u0259lxalq ictimaiyy\u0259t tan\u0131y\u0131r v\u0259 d\u0259st\u0259kl\u0259yir. Az\u0259rbaycan\u0131n i\u015f\u011fal olunmu\u015f \u0259razil\u0259rind\u0259 t\u0259\u015fkil olunmu\u015f qeyri-qanuni se\u00e7kil\u0259r\u0259 beyn\u0259lxalq ictimaiyy\u0259tin m\u00fcnasib\u0259ti bunu bir daha n\u00fcmayi\u015f etdirdi.<\/p>\n<p>\u0130lk n\u00f6vb\u0259d\u0259 onu qeyd edim ki, Az\u0259rbaycan Respublikas\u0131n\u0131n \u0259razi b\u00fct\u00f6vl\u00fcy\u00fc Az\u0259rbaycan\u0131n Konstitusiyas\u0131nda t\u0259sbit olunmu\u015fdur. B\u00fct\u00fcn beyn\u0259lxalq ictimaiyy\u0259t Az\u0259rbaycan\u0131n \u0259razi b\u00fct\u00f6vl\u00fcy\u00fc v\u0259 suverenliyini tan\u0131y\u0131r v\u0259 d\u0259st\u0259kl\u0259yir. Erm\u0259nistan-Az\u0259rbaycan Da\u011fl\u0131q Qaraba\u011f m\u00fcnaqi\u015f\u0259sinin h\u0259lli kontekstind\u0259 Az\u0259rbaycan\u0131n \u0259razi b\u00fct\u00f6vl\u00fcy\u00fc, suverenliyi v\u0259 s\u0259rh\u0259dl\u0259rinin toxunulmazl\u0131\u011f\u0131 BMT T\u0259hl\u00fck\u0259sizlik \u015euras\u0131n\u0131n 822, 853, 874 v\u0259 884 sayl\u0131 q\u0259tnam\u0259l\u0259ri d\u0259 daxil olmaqla, \u00e7oxsayl\u0131 beyn\u0259lxalq h\u00fcquqi-siyasi s\u0259n\u0259dl\u0259rd\u0259 t\u0259sbit v\u0259 t\u0259sdiq olunmu\u015fdur. BMT T\u015e-n\u0131n q\u0259tnam\u0259l\u0259rind\u0259 Az\u0259rbaycan\u0131n \u0259razi b\u00fct\u00f6vl\u00fcy\u00fc, Da\u011fl\u0131q Qaraba\u011f\u0131n Az\u0259rbaycan\u0131n ayr\u0131lmaz t\u0259rkib hiss\u0259si oldu\u011fu bir daha t\u0259sdiq olunur, Az\u0259rbaycana qar\u015f\u0131 g\u00fccd\u0259n istifad\u0259 pisl\u0259nilir, i\u015f\u011fal\u00e7\u0131 q\u00fcvv\u0259l\u0259rinin tam, d\u0259rhal v\u0259 qeyd-\u015f\u0259rtsiz i\u015f\u011fal olunmu\u015f Az\u0259rbaycan \u0259razil\u0259rind\u0259n \u00e7\u0131xar\u0131lmas\u0131 t\u0259l\u0259b olunur.<\/p>\n<p>Erm\u0259nistan\u0131n Az\u0259rbaycan\u0131n i\u015f\u011fal olunmu\u015f \u0259razil\u0259rind\u0259 t\u0259\u015fkil etdiyi qanunsuz se\u00e7kil\u0259rl\u0259 \u0259laq\u0259dar beyn\u0259lxalq ictimaiyy\u0259tin n\u00fcmayi\u015f etdirdiyi m\u00f6vqe bir daha onu g\u00f6st\u0259rdi ki, i\u015f\u011fal, h\u0259rbi t\u0259cav\u00fcz v\u0259 qanl\u0131 etnik t\u0259mizl\u0259m\u0259 n\u0259tic\u0259sind\u0259 yaranm\u0131\u015f v\u0259ziyy\u0259t he\u00e7 vaxt tan\u0131na bilm\u0259z. Bu qanunsuz se\u00e7kil\u0259r AT\u018fT, Avropa \u0130ttifaq\u0131, Qo\u015fulmama H\u0259r\u0259kat\u0131, \u0130slam \u018fm\u0259kda\u015fl\u0131q T\u0259\u015fkilat\u0131, T\u00fcrk \u015euras\u0131 v\u0259 dig\u0259r beyn\u0259lxalq t\u0259sisatlar, h\u0259m\u00e7inin ayr\u0131-ayr\u0131 d\u00f6vl\u0259tl\u0259r t\u0259r\u0259find\u0259n r\u0259dd edildi v\u0259 Az\u0259rbaycan\u0131n \u0259razi b\u00fct\u00f6vl\u00fcy\u00fcn\u0259 d\u0259st\u0259k ifad\u0259 olundu.<\/p>\n<p>Avropa \u0130ttifaq\u0131n\u0131n xarici siyas\u0259t v\u0259 t\u0259hl\u00fck\u0259sizlik m\u0259s\u0259l\u0259l\u0259ri \u00fczr\u0259 Ali n\u00fcmay\u0259nd\u0259si 1 mayda verdiyi a\u00e7\u0131qlamas\u0131nda Az\u0259rbaycan\u0131n \u0259razi b\u00fct\u00f6vl\u00fcy\u00fcn\u00fcn d\u0259st\u0259kl\u0259nm\u0259si bar\u0259d\u0259 A\u0130-n\u0131n m\u00f6vqeyini bir daha b\u0259yan etdi.<\/p>\n<p>G\u00f6r\u00fcnd\u00fcy\u00fc kimi Erm\u0259nistan \u00e7\u0131x\u0131lmaz v\u0259ziyy\u0259td\u0259 qald\u0131\u011f\u0131n\u0131 g\u00f6r\u0259r\u0259k, f\u0259rqli v\u0259 ziddiyy\u0259tli fikirl\u0259rl\u0259 \u00e7\u0131x\u0131\u015f edir. Status v\u0259 t\u0259hl\u00fck\u0259sizlik m\u0259s\u0259l\u0259sini \u015f\u0259rt kimi qoyur v\u0259 Aprel m\u00fcharib\u0259si d\u0259 tez-tez Erm\u0259nistan\u0131n siyasi g\u00fcnd\u0259liyin\u0259 g\u0259lir.<\/p>\n<p>Erm\u0259nistan t\u0259r\u0259find\u0259n yen\u0259 d\u0259 ziddiyy\u0259tli v\u0259 biri dig\u0259rini t\u0259kzib ed\u0259n fikirl\u0259r s\u0259sl\u0259nir. Qeyd etdiyimiz kimi, m\u00fcnaqi\u015f\u0259nin h\u0259lli il\u0259 ba\u011fl\u0131 Az\u0259rbaycan\u0131n birm\u0259nal\u0131, q\u0259ti v\u0259 ard\u0131c\u0131l m\u00f6vqeyi vard\u0131r.<\/p>\n<p>Erm\u0259nistan\u0131n siyas\u0131 r\u0259hb\u0259rliyi qondarma rejimin dan\u0131\u015f\u0131qlarda i\u015ftirak\u0131 v\u0259 sanki dan\u0131\u015f\u0131qlar format\u0131n\u0131n d\u0259yi\u015fdirilm\u0259si bar\u0259d\u0259 iddialarla \u00e7\u0131x\u0131\u015f edirdi. Dan\u0131\u015f\u0131qlar\u0131n format\u0131 d\u0259yi\u015fdiril\u0259 bilm\u0259z v\u0259 Az\u0259rbaycan \u0259razil\u0259rini i\u015f\u011fal etmi\u015f d\u00f6vl\u0259t olaraq Erm\u0259nistan siyasi-h\u00fcquqi m\u0259suliyy\u0259t da\u015f\u0131yan m\u00fcnaqi\u015f\u0259 t\u0259r\u0259fidir. N\u0259tic\u0259d\u0259, Erm\u0259nistan m\u00f6vcud format \u0259sas\u0131nda dan\u0131\u015f\u0131qlarda i\u015ftirak\u0131n\u0131 davam etdirm\u0259y\u0259 m\u0259cbur oldu.<\/p>\n<p>Az\u0259rbaycan\u0131n i\u015f\u011fal olunmu\u015f \u0259razil\u0259rind\u0259 t\u0259\u015fkil olunmu\u015f sonuncu se\u00e7ki \u015fousu bir daha g\u00f6st\u0259rdi ki, qondarma rejim kriminal qurumdan ba\u015fqa bir \u015fey deyil v\u0259 Erm\u0259nistandak\u0131 klan m\u00fcharib\u0259sinin t\u0259rkib hiss\u0259sidir. Qanl\u0131 etnik t\u0259mizl\u0259m\u0259 n\u0259tic\u0259sind\u0259 yarad\u0131lm\u0131\u015f bu qondarma kriminal qurumun \u00f6z m\u00fcq\u0259dd\u0259rat\u0131n\u0131 t\u0259yin etm\u0259k il\u0259 \u0259laq\u0259l\u0259ndirilm\u0259si \u0259sl siyasi riyakarl\u0131qd\u0131r.<\/p>\n<p>Bir milyondan art\u0131q Az\u0259rbaycanl\u0131n\u0131 qanl\u0131 etnik t\u0259mizl\u0259m\u0259y\u0259 m\u0259ruz qoyan Erm\u0259nistan\u0131n t\u0259hl\u00fck\u0259sizlikd\u0259n dan\u0131\u015fma\u011fa m\u0259n\u0259vi haqq\u0131 bel\u0259 yoxdur. Region \u00fc\u00e7\u00fcn \u0259n b\u00f6y\u00fck t\u0259hl\u00fck\u0259 m\u0259nb\u0259yi is\u0259 m\u0259hz Erm\u0259nistan\u0131n i\u015f\u011fal\u00e7\u0131l\u0131q siyas\u0259ti v\u0259 Erm\u0259nistan silahl\u0131 q\u00fcvv\u0259l\u0259rinin Az\u0259rbaycan\u0131n i\u015f\u011fal olunmu\u015f \u0259razil\u0259rind\u0259 m\u00f6vcudlu\u011fudur.<\/p>\n<p>2016-c\u0131 ilin aprelind\u0259 is\u0259 Erm\u0259nistan silahl\u0131 q\u00fcvv\u0259l\u0259rinin h\u0259rbi t\u0259xribat\u0131 n\u0259tic\u0259sind\u0259 Az\u0259rbaycan silahl\u0131 q\u00fcvv\u0259l\u0259ri m\u00fclki Az\u0259rbaycan \u0259halisinin t\u0259hl\u00fck\u0259sizliyini t\u0259min etm\u0259k \u00fc\u00e7\u00fcn \u0259ks-h\u0259ml\u0259 t\u0259dbirl\u0259rini g\u00f6rd\u00fcl\u0259r. N\u0259tic\u0259d\u0259 Erm\u0259nistan ordusu bar\u0259sind\u0259 yarad\u0131lm\u0131\u015f s\u00fcni mif darmada\u011f\u0131n edildi. Aprel d\u00f6y\u00fc\u015fl\u0259rind\u0259n sonra Erm\u0259nistan ordusunda apar\u0131lm\u0131\u015f ara\u015fd\u0131rmalar v\u0259 y\u00fcks\u0259k \u00e7inli generallar\u0131n i\u015fd\u0259n \u00e7\u0131xar\u0131lmas\u0131 m\u0259\u011flubiyy\u0259tin etiraf\u0131 idi. Az\u0259rbaycan Respublikas\u0131 ist\u0259nil\u0259n zaman BMT Nizamnam\u0259si v\u0259 Az\u0259rbaycan Respublikas\u0131n\u0131n Konstitusiyas\u0131n \u0259saslanaraq \u0259razi b\u00fct\u00f6vl\u00fcy\u00fcn\u00fc v\u0259 suverenliyini t\u0259min etm\u0259k h\u00fcququnu \u00f6z\u00fcnd\u0259 saxlay\u0131r. Buna g\u00f6r\u0259 m\u0259suliyy\u0259t tam \u015f\u0259kild\u0259 Erm\u0259nistan\u0131n \u00fcz\u0259rin\u0259 d\u00fc\u015f\u00fcr.<\/p>\n","protected":false},"excerpt":{"rendered":"<p>Az\u0259rbaycan Respublikas\u0131 Prezidentinin k\u00f6m\u0259k\u00e7isi &#8211; Prezident Administrasiyas\u0131n\u0131n Xarici siyas\u0259t m\u0259s\u0259l\u0259l\u0259ri \u015f\u00f6b\u0259sinin m\u00fcdiri Hikm\u0259t Hac\u0131yev Trend-\u0259 m\u00fcsahib\u0259 verib. M\u00fcsahib\u0259ni t\u0259qdim edirik: -Erm\u0259nistan xarici i\u015fl\u0259r nazirliyi t\u0259r\u0259find\u0259n m\u00fcnaqi\u015f\u0259nin m\u0259rh\u0259l\u0259li h\u0259lli prosesini t\u0259hrif ed\u0259n v\u0259 ziddiyy\u0259tli a\u00e7\u0131qlamalar verilir. Bu bar\u0259d\u0259 n\u0259 dey\u0259rdiniz? -AT\u018fT-in Minsk Qrupunun h\u0259ms\u0259drl\u0259rinin vasit\u0259\u00e7iliyi il\u0259 Erm\u0259nistan-Az\u0259rbaycan Da\u011fl\u0131q Qaraba\u011f m\u00fcnaqi\u015f\u0259sinin h\u0259lli \u00fczr\u0259 apar\u0131lan dan\u0131\u015f\u0131qlar prosesinin m\u0259rh\u0259l\u0259li h\u0259ll\u0259 \u0259saslanmas\u0131 ham\u0131ya m\u0259lumdur. AT\u018fT-in Minsk Qrupunun h\u0259ms\u0259dr \u00f6lk\u0259l\u0259rinin d\u00f6vl\u0259t ba\u015f\u00e7\u0131lar\u0131 v\u0259 dig\u0259r s\u0259viyy\u0259l\u0259rd\u0259 s\u0259sl\u0259ndirdikl\u0259ri b\u0259yanatlarda status-kvonun q\u0259buledilm\u0259z oldu\u011fu v\u0259 m\u00fcnaqi\u015f\u0259nin m\u0259rh\u0259l\u0259li \u015f\u0259kild\u0259 h\u0259ll olunmas\u0131 plan\u0131 d\u0259f\u0259l\u0259rl\u0259 b\u0259yan olunub. Erm\u0259nistan t\u0259r\u0259fi h\u0259r zaman oldu\u011fu kimi&hellip;<\/p>\n","protected":false},"author":2,"featured_media":159831,"comment_status":"closed","ping_status":"closed","sticky":false,"template":"","format":"standard","meta":{"om_disable_all_campaigns":false,"_monsterinsights_skip_tracking":false,"_monsterinsights_sitenote_active":false,"_monsterinsights_sitenote_note":"","_monsterinsights_sitenote_category":0},"categories":[4],"tags":[],"aioseo_notices":[],"gutentor_comment":0,"rttpg_featured_image_url":{"full":["https:\/\/arantv.az\/wp-content\/uploads\/2020\/05\/hikmet.jpg",800,450,false],"landscape":["https:\/\/arantv.az\/wp-content\/uploads\/2020\/05\/hikmet.jpg",800,450,false],"portraits":["https:\/\/arantv.az\/wp-content\/uploads\/2020\/05\/hikmet.jpg",800,450,false],"thumbnail":["https:\/\/arantv.az\/wp-content\/uploads\/2020\/05\/hikmet-150x150.jpg",150,150,true],"medium":["https:\/\/arantv.az\/wp-content\/uploads\/2020\/05\/hikmet-300x169.jpg",300,169,true],"large":["https:\/\/arantv.az\/wp-content\/uploads\/2020\/05\/hikmet.jpg",640,360,false],"1536x1536":["https:\/\/arantv.az\/wp-content\/uploads\/2020\/05\/hikmet.jpg",800,450,false],"2048x2048":["https:\/\/arantv.az\/wp-content\/uploads\/2020\/05\/hikmet.jpg",800,450,false],"post-thumbnail":["https:\/\/arantv.az\/wp-content\/uploads\/2020\/05\/hikmet-240x172.jpg",240,172,true],"advps-thumb-one":["https:\/\/arantv.az\/wp-content\/uploads\/2020\/05\/hikmet.jpg",800,450,false]},"rttpg_author":{"display_name":"V\u00fcsal Rafiqo\u011flu","author_link":"https:\/\/arantv.az\/?author=2"},"rttpg_comment":0,"rttpg_category":"<a href=\"https:\/\/arantv.az\/?cat=4\" rel=\"category\">Siyas\u0259t<\/a>","rttpg_excerpt":"Az\u0259rbaycan Respublikas\u0131 Prezidentinin k\u00f6m\u0259k\u00e7isi &#8211; Prezident Administrasiyas\u0131n\u0131n Xarici siyas\u0259t m\u0259s\u0259l\u0259l\u0259ri \u015f\u00f6b\u0259sinin m\u00fcdiri Hikm\u0259t Hac\u0131yev Trend-\u0259 m\u00fcsahib\u0259 verib. M\u00fcsahib\u0259ni t\u0259qdim edirik: -Erm\u0259nistan xarici i\u015fl\u0259r nazirliyi t\u0259r\u0259find\u0259n m\u00fcnaqi\u015f\u0259nin m\u0259rh\u0259l\u0259li h\u0259lli prosesini t\u0259hrif ed\u0259n v\u0259 ziddiyy\u0259tli a\u00e7\u0131qlamalar verilir. Bu bar\u0259d\u0259 n\u0259 dey\u0259rdiniz? -AT\u018fT-in Minsk Qrupunun h\u0259ms\u0259drl\u0259rinin vasit\u0259\u00e7iliyi il\u0259 Erm\u0259nistan-Az\u0259rbaycan Da\u011fl\u0131q Qaraba\u011f m\u00fcnaqi\u015f\u0259sinin h\u0259lli \u00fczr\u0259 apar\u0131lan dan\u0131\u015f\u0131qlar prosesinin m\u0259rh\u0259l\u0259li&hellip;","_links":{"self":[{"href":"https:\/\/arantv.az\/index.php?rest_route=\/wp\/v2\/posts\/159818"}],"collection":[{"href":"https:\/\/arantv.az\/index.php?rest_route=\/wp\/v2\/posts"}],"about":[{"href":"https:\/\/arantv.az\/index.php?rest_route=\/wp\/v2\/types\/post"}],"author":[{"embeddable":true,"href":"https:\/\/arantv.az\/index.php?rest_route=\/wp\/v2\/users\/2"}],"replies":[{"embeddable":true,"href":"https:\/\/arantv.az\/index.php?rest_route=%2Fwp%2Fv2%2Fcomments&post=159818"}],"version-history":[{"count":0,"href":"https:\/\/arantv.az\/index.php?rest_route=\/wp\/v2\/posts\/159818\/revisions"}],"wp:featuredmedia":[{"embeddable":true,"href":"https:\/\/arantv.az\/index.php?rest_route=\/wp\/v2\/media\/159831"}],"wp:attachment":[{"href":"https:\/\/arantv.az\/index.php?rest_route=%2Fwp%2Fv2%2Fmedia&parent=159818"}],"wp:term":[{"taxonomy":"category","embeddable":true,"href":"https:\/\/arantv.az\/index.php?rest_route=%2Fwp%2Fv2%2Fcategories&post=159818"},{"taxonomy":"post_tag","embeddable":true,"href":"https:\/\/arantv.az\/index.php?rest_route=%2Fwp%2Fv2%2Ftags&post=159818"}],"curies":[{"name":"wp","href":"https:\/\/api.w.org\/{rel}","templated":true}]}}