{"id":159830,"date":"2020-05-05T19:16:11","date_gmt":"2020-05-05T16:16:11","guid":{"rendered":"http:\/\/arantv.az\/?p=159830"},"modified":"2020-05-05T19:16:11","modified_gmt":"2020-05-05T16:16:11","slug":"qosulmama-h%c9%99r%c9%99kati-covid-19-%c9%99leyhin%c9%99-birl%c9%99sib","status":"publish","type":"post","link":"https:\/\/arantv.az\/?p=159830","title":{"rendered":"&#8220;Qo\u015fulmama h\u0259r\u0259kat\u0131 COVID-19 \u0259leyhin\u0259 birl\u0259\u015fib\u201d"},"content":{"rendered":"<p><strong>BMTM-in \u0130dar\u0259 Hey\u0259tinin \u00fczv\u00fc Esmira C\u0259f\u0259rovan\u0131n Avropa \u0130ttifaq\u0131n\u0131n n\u00fcfuzlu \u201cEuractiv\u201d portal\u0131nda \u201cQo\u015fulmama h\u0259r\u0259kat\u0131 COVID-19 \u0259leyhin\u0259 birl\u0259\u015fib\u201d ba\u015fl\u0131ql\u0131 m\u0259qal\u0259si d\u0259rc olunub. M\u0259qal\u0259 may\u0131n 4-d\u0259 Az\u0259rbaycan Prezidenti \u0130lham \u018fliyevin t\u0259\u015f\u0259bb\u00fcs\u00fc il\u0259 Qo\u015fulmama H\u0259r\u0259kat\u0131 \u00fczvl\u0259rinin \u201cCOVID-19-a qar\u015f\u0131 h\u0259mr\u0259yik\u201d adl\u0131 zirv\u0259 toplant\u0131s\u0131na h\u0259sr olunub.<\/strong><\/p>\n<p>M\u0259qal\u0259d\u0259 h\u0259r\u0259kata s\u0259drlik ed\u0259n Az\u0259rbaycan da daxil olmaqla Qo\u015fulmama H\u0259r\u0259kat\u0131na \u00fczv \u00f6lk\u0259l\u0259rin COVID-19-la apard\u0131qlar\u0131 m\u00fcbariz\u0259y\u0259 dair a\u00e7\u0131qlamalar\u0131ndan b\u0259hs olunur v\u0259 bildirilir ki, d\u00fcnya d\u00f6vl\u0259tl\u0259rinin, el\u0259c\u0259 d\u0259 t\u0259\u015fkilat \u00fczvl\u0259rinin haz\u0131rk\u0131 \u00e7\u0259tin bir \u015f\u0259raitd\u0259 \u00fczl\u0259\u015fdikl\u0259ri probleml\u0259rin \u00f6hd\u0259sind\u0259n g\u0259lm\u0259l\u0259ri \u00fc\u00e7\u00fcn h\u0259mr\u0259ylik n\u00fcmayi\u015f etdirm\u0259l\u0259ri vacibdir. Qeyd edilir ki, Prezident \u0130lham \u018fliyev d\u0259 konfransda \u00e7\u0131x\u0131\u015f\u0131 zaman\u0131 bu \u00e7\u0259tin g\u00fcnl\u0259rd\u0259 x\u00fcsusil\u0259 h\u0259r\u0259kat \u00fczvl\u0259rinin birl\u0259\u015fm\u0259sinin vacibliyini qeyd edir v\u0259 bildirir ki, \u00f6lk\u0259l\u0259r \u201cg\u00f6r\u00fcnm\u0259z d\u00fc\u015fm\u0259n\u201dl\u0259 m\u00fcbariz\u0259d\u0259 birlik olmadan qalib g\u0259l\u0259 bilm\u0259z. H\u0259m\u00e7inin \u00f6lk\u0259 ba\u015f\u00e7\u0131s\u0131n\u0131n fikirl\u0259rin\u0259 istinad\u0259n m\u0259qal\u0259d\u0259 COVID-19 virusu il\u0259 m\u00fcbariz\u0259 m\u0259qs\u0259di il\u0259 Az\u0259rbaycan\u0131n g\u00f6rd\u00fcy\u00fc i\u015fl\u0259rd\u0259n b\u0259hs olunub. Bununla yana\u015f\u0131 \u00dcmumd\u00fcnya S\u0259hiyy\u0259 T\u0259\u015fkilat\u0131n\u0131n pandemiya il\u0259 m\u00fcbariz\u0259sin\u0259 d\u0259st\u0259k m\u0259qs\u0259di il\u0259 Az\u0259rbaycan\u0131n 5 milyon dollar v\u0259sait ay\u0131rd\u0131\u011f\u0131 qeyd edilir.<\/p>\n<p>M\u0259qal\u0259d\u0259 h\u0259m\u00e7inin zirv\u0259 toplant\u0131s\u0131 \u00e7\u0259r\u00e7iv\u0259sind\u0259 Az\u0259rbaycan t\u0259r\u0259find\u0259n ir\u0259li s\u00fcr\u00fclm\u00fc\u015f t\u0259\u015f\u0259bb\u00fcsl\u0259r\u0259 d\u0259 toxunulur. Qeyd edilir ki, konfrans\u0131n \u0259sas n\u0259tic\u0259l\u0259rind\u0259n biri Qo\u015fulmama H\u0259r\u0259kat\u0131 \u0130\u015f\u00e7i Qrupunun yarad\u0131lmas\u0131 olub. Bu qrupun \u0259sas v\u0259zif\u0259si h\u0259r\u0259kata \u00fczv \u00f6lk\u0259l\u0259rin \u0259sas humanitar v\u0259 tibbi ehtiyaclar\u0131n\u0131 toplamaqdan ibar\u0259t olacaq v\u0259 davam\u0131nda bu ehtiyaclar\u0131n qar\u015f\u0131lanmas\u0131 \u00fc\u00e7\u00fcn bu m\u0259lumatlar s\u0259dr \u00f6lk\u0259 t\u0259r\u0259find\u0259n potensial donorlara \u00e7atd\u0131r\u0131lacaq.<\/p>\n<p>\u201cBu konfrans\u0131n \u0259sas f\u0259ls\u0259f\u0259si bu qlobal hadis\u0259y\u0259 \u00e7oxt\u0259r\u0259fli yana\u015fman\u0131n vacibliyini \u00f6n\u0259 s\u00fcr\u0259r\u0259k pandemiyaya reaksiya verm\u0259k \u00fc\u00e7\u00fcn bir qrup Qo\u015fulmama H\u0259r\u0259kat\u0131 \u00f6lk\u0259l\u0259ri aras\u0131nda ortaq n\u00f6qt\u0259 tapmaqdan ibar\u0259tdir\u201d &#8211; dey\u0259 m\u0259qal\u0259d\u0259 qeyd edilir.<\/p>\n","protected":false},"excerpt":{"rendered":"<p>BMTM-in \u0130dar\u0259 Hey\u0259tinin \u00fczv\u00fc Esmira C\u0259f\u0259rovan\u0131n Avropa \u0130ttifaq\u0131n\u0131n n\u00fcfuzlu \u201cEuractiv\u201d portal\u0131nda \u201cQo\u015fulmama h\u0259r\u0259kat\u0131 COVID-19 \u0259leyhin\u0259 birl\u0259\u015fib\u201d ba\u015fl\u0131ql\u0131 m\u0259qal\u0259si d\u0259rc olunub. M\u0259qal\u0259 may\u0131n 4-d\u0259 Az\u0259rbaycan Prezidenti \u0130lham \u018fliyevin t\u0259\u015f\u0259bb\u00fcs\u00fc il\u0259 Qo\u015fulmama H\u0259r\u0259kat\u0131 \u00fczvl\u0259rinin \u201cCOVID-19-a qar\u015f\u0131 h\u0259mr\u0259yik\u201d adl\u0131 zirv\u0259 toplant\u0131s\u0131na h\u0259sr olunub. M\u0259qal\u0259d\u0259 h\u0259r\u0259kata s\u0259drlik ed\u0259n Az\u0259rbaycan da daxil olmaqla Qo\u015fulmama H\u0259r\u0259kat\u0131na \u00fczv \u00f6lk\u0259l\u0259rin COVID-19-la apard\u0131qlar\u0131 m\u00fcbariz\u0259y\u0259 dair a\u00e7\u0131qlamalar\u0131ndan b\u0259hs olunur v\u0259 bildirilir ki, d\u00fcnya d\u00f6vl\u0259tl\u0259rinin, el\u0259c\u0259 d\u0259 t\u0259\u015fkilat \u00fczvl\u0259rinin haz\u0131rk\u0131 \u00e7\u0259tin bir \u015f\u0259raitd\u0259 \u00fczl\u0259\u015fdikl\u0259ri probleml\u0259rin \u00f6hd\u0259sind\u0259n g\u0259lm\u0259l\u0259ri \u00fc\u00e7\u00fcn h\u0259mr\u0259ylik n\u00fcmayi\u015f etdirm\u0259l\u0259ri vacibdir. Qeyd edilir ki, Prezident \u0130lham \u018fliyev d\u0259 konfransda \u00e7\u0131x\u0131\u015f\u0131&hellip;<\/p>\n","protected":false},"author":2,"featured_media":159835,"comment_status":"closed","ping_status":"closed","sticky":false,"template":"","format":"standard","meta":{"om_disable_all_campaigns":false,"_monsterinsights_skip_tracking":false,"_monsterinsights_sitenote_active":false,"_monsterinsights_sitenote_note":"","_monsterinsights_sitenote_category":0},"categories":[7],"tags":[],"aioseo_notices":[],"gutentor_comment":0,"rttpg_featured_image_url":{"full":["https:\/\/arantv.az\/wp-content\/uploads\/2020\/05\/0_1usfmzocblyrepus.png",800,450,false],"landscape":["https:\/\/arantv.az\/wp-content\/uploads\/2020\/05\/0_1usfmzocblyrepus.png",800,450,false],"portraits":["https:\/\/arantv.az\/wp-content\/uploads\/2020\/05\/0_1usfmzocblyrepus.png",800,450,false],"thumbnail":["https:\/\/arantv.az\/wp-content\/uploads\/2020\/05\/0_1usfmzocblyrepus-150x150.png",150,150,true],"medium":["https:\/\/arantv.az\/wp-content\/uploads\/2020\/05\/0_1usfmzocblyrepus-300x169.png",300,169,true],"large":["https:\/\/arantv.az\/wp-content\/uploads\/2020\/05\/0_1usfmzocblyrepus.png",640,360,false],"1536x1536":["https:\/\/arantv.az\/wp-content\/uploads\/2020\/05\/0_1usfmzocblyrepus.png",800,450,false],"2048x2048":["https:\/\/arantv.az\/wp-content\/uploads\/2020\/05\/0_1usfmzocblyrepus.png",800,450,false],"post-thumbnail":["https:\/\/arantv.az\/wp-content\/uploads\/2020\/05\/0_1usfmzocblyrepus-240x172.png",240,172,true],"advps-thumb-one":["https:\/\/arantv.az\/wp-content\/uploads\/2020\/05\/0_1usfmzocblyrepus.png",800,450,false]},"rttpg_author":{"display_name":"V\u00fcsal Rafiqo\u011flu","author_link":"https:\/\/arantv.az\/?author=2"},"rttpg_comment":0,"rttpg_category":"<a href=\"https:\/\/arantv.az\/?cat=7\" rel=\"category\">D\u00fcnya<\/a>","rttpg_excerpt":"BMTM-in \u0130dar\u0259 Hey\u0259tinin \u00fczv\u00fc Esmira C\u0259f\u0259rovan\u0131n Avropa \u0130ttifaq\u0131n\u0131n n\u00fcfuzlu \u201cEuractiv\u201d portal\u0131nda \u201cQo\u015fulmama h\u0259r\u0259kat\u0131 COVID-19 \u0259leyhin\u0259 birl\u0259\u015fib\u201d ba\u015fl\u0131ql\u0131 m\u0259qal\u0259si d\u0259rc olunub. M\u0259qal\u0259 may\u0131n 4-d\u0259 Az\u0259rbaycan Prezidenti \u0130lham \u018fliyevin t\u0259\u015f\u0259bb\u00fcs\u00fc il\u0259 Qo\u015fulmama H\u0259r\u0259kat\u0131 \u00fczvl\u0259rinin \u201cCOVID-19-a qar\u015f\u0131 h\u0259mr\u0259yik\u201d adl\u0131 zirv\u0259 toplant\u0131s\u0131na h\u0259sr olunub. M\u0259qal\u0259d\u0259 h\u0259r\u0259kata s\u0259drlik ed\u0259n Az\u0259rbaycan da daxil olmaqla Qo\u015fulmama H\u0259r\u0259kat\u0131na \u00fczv \u00f6lk\u0259l\u0259rin COVID-19-la apard\u0131qlar\u0131 m\u00fcbariz\u0259y\u0259&hellip;","_links":{"self":[{"href":"https:\/\/arantv.az\/index.php?rest_route=\/wp\/v2\/posts\/159830"}],"collection":[{"href":"https:\/\/arantv.az\/index.php?rest_route=\/wp\/v2\/posts"}],"about":[{"href":"https:\/\/arantv.az\/index.php?rest_route=\/wp\/v2\/types\/post"}],"author":[{"embeddable":true,"href":"https:\/\/arantv.az\/index.php?rest_route=\/wp\/v2\/users\/2"}],"replies":[{"embeddable":true,"href":"https:\/\/arantv.az\/index.php?rest_route=%2Fwp%2Fv2%2Fcomments&post=159830"}],"version-history":[{"count":0,"href":"https:\/\/arantv.az\/index.php?rest_route=\/wp\/v2\/posts\/159830\/revisions"}],"wp:featuredmedia":[{"embeddable":true,"href":"https:\/\/arantv.az\/index.php?rest_route=\/wp\/v2\/media\/159835"}],"wp:attachment":[{"href":"https:\/\/arantv.az\/index.php?rest_route=%2Fwp%2Fv2%2Fmedia&parent=159830"}],"wp:term":[{"taxonomy":"category","embeddable":true,"href":"https:\/\/arantv.az\/index.php?rest_route=%2Fwp%2Fv2%2Fcategories&post=159830"},{"taxonomy":"post_tag","embeddable":true,"href":"https:\/\/arantv.az\/index.php?rest_route=%2Fwp%2Fv2%2Ftags&post=159830"}],"curies":[{"name":"wp","href":"https:\/\/api.w.org\/{rel}","templated":true}]}}