{"id":159860,"date":"2020-05-05T20:09:50","date_gmt":"2020-05-05T17:09:50","guid":{"rendered":"http:\/\/arantv.az\/?p=159860"},"modified":"2020-05-05T20:09:50","modified_gmt":"2020-05-05T17:09:50","slug":"ramazan-ayinin-12-ci-gununun-imsak-v%c9%99-iftar-vaxtlari","status":"publish","type":"post","link":"https:\/\/arantv.az\/?p=159860","title":{"rendered":"Ramazan ay\u0131n\u0131n 12-ci g\u00fcn\u00fcn\u00fcn imsak v\u0259 iftar vaxtlar\u0131"},"content":{"rendered":"<p>Sabah Ramazan ay\u0131n\u0131n 12-ci g\u00fcn\u00fcd\u00fcr.<\/p>\n<p>Qafqaz M\u00fcs\u0259lmanlar\u0131 \u0130dar\u0259sinin a\u00e7\u0131qlad\u0131\u011f\u0131 Ramazan t\u0259qvimin\u0259 \u0259sas\u0259n, may\u0131n 5-d\u0259 imsak vaxt\u0131 saat 03:52-d\u0259, iftar vaxt\u0131 is\u0259 19:48-d\u0259dir.<\/p>\n<p>12-ci g\u00fcn\u00fcn g\u00fcn\u00fcn imsak vaxt\u0131n\u0131n duas\u0131n\u0131 t\u0259qdim edirik:<\/p>\n<div id=\"AdviadNativeVideo0\" class=\"AdviadNativeVideo\"><\/div>\n<p><strong>Duan\u0131n oxunu\u015fu:<\/strong>\u00a0\u201cAllahumm\u0259 z\u0259yyinni fihi bis-s\u0259tri v\u0259l-\u0259faf. V\u0259sturni fihi bilibasil-q\u00fcnui v\u0259l-k\u0259faf. V\u0259hmilni fihi \u0259l\u0259l-\u0259dli v\u0259l-insaf. V\u0259 amilni fihi min kulli ma \u0259xaf. Bi-ism\u0259tik\u0259 ya ism\u0259t\u0259l-xaifin\u201d.<\/p>\n<p><strong>T\u0259rc\u00fcm\u0259si:<\/strong>\u00a0\u201c\u0130lahi, bu g\u00fcn g\u00fcnahlar\u0131m\u0131 gizl\u0259tm\u0259k v\u0259 iff\u0259t ba\u011f\u0131\u015flamaqla m\u0259ni zin\u0259tl\u0259ndir. Bu g\u00fcn m\u0259n\u0259 q\u0259na\u0259t v\u0259 kifay\u0259tcillik libas\u0131n\u0131 geyindir. M\u0259ni bu g\u00fcn \u0259dal\u0259t v\u0259 insafa vadar et. Bu g\u00fcn m\u0259ni b\u00fct\u00fcn qorxdu\u011fum \u015feyl\u0259rd\u0259n amanda saxla. \u0130sm\u0259tin\u0259 and verir\u0259m, ey qorxu i\u00e7ind\u0259 olanlar\u0131n m\u00fchafiz\u0259\u00e7isi!\u201d<\/p>\n<p>\u0130ftar duas\u0131:<\/p>\n<p><strong>Duan\u0131n oxunu\u015fu:\u00a0<\/strong>\u201cAllahumm\u0259 la t\u0259xzulni fihi li-t\u0259\u0259rr\u00fczi m\u0259-siy\u0259tik. V\u0259 la t\u0259zribni bisiyati n\u0259qim\u0259tik. V\u0259 z\u0259hzihni fihi min mucibati s\u0259x\u0259tik. Bim\u0259nnik\u0259 v\u0259 \u0259yadik\u0259 ya munt\u0259ha r\u0259\u011fb\u0259tir-ra\u011fibin!\u201d<\/p>\n<p><strong>T\u0259rc\u00fcm\u0259si:<\/strong>\u00a0\u201c\u0130lahi, bu g\u00fcn s\u0259n\u0259 qar\u015f\u0131 etdiyim g\u00fcnahlara g\u00f6r\u0259 m\u0259ni r\u00fcsvay etm\u0259. M\u0259ni intiqam taziyan\u0259l\u0259rinl\u0259 vurma. Bu g\u00fcn s\u0259nin q\u0259z\u0259bin\u0259 s\u0259b\u0259b olan i\u015fl\u0259rd\u0259n m\u0259ni uzaq et. B\u0259x\u015fi\u015f v\u0259 nem\u0259tl\u0259rin\u0259 and verir\u0259m, ey \u015f\u00f6vql\u00fc \u015f\u0259xsl\u0259rin arzusunun m\u00fcnt\u0259has\u0131!\u201d<\/p>\n<p><strong>Allah orucunuzu q\u0259bul etsin!<\/strong><\/p>\n","protected":false},"excerpt":{"rendered":"<p>Sabah Ramazan ay\u0131n\u0131n 12-ci g\u00fcn\u00fcd\u00fcr. Qafqaz M\u00fcs\u0259lmanlar\u0131 \u0130dar\u0259sinin a\u00e7\u0131qlad\u0131\u011f\u0131 Ramazan t\u0259qvimin\u0259 \u0259sas\u0259n, may\u0131n 5-d\u0259 imsak vaxt\u0131 saat 03:52-d\u0259, iftar vaxt\u0131 is\u0259 19:48-d\u0259dir. 12-ci g\u00fcn\u00fcn g\u00fcn\u00fcn imsak vaxt\u0131n\u0131n duas\u0131n\u0131 t\u0259qdim edirik: Duan\u0131n oxunu\u015fu:\u00a0\u201cAllahumm\u0259 z\u0259yyinni fihi bis-s\u0259tri v\u0259l-\u0259faf. V\u0259sturni fihi bilibasil-q\u00fcnui v\u0259l-k\u0259faf. V\u0259hmilni fihi \u0259l\u0259l-\u0259dli v\u0259l-insaf. V\u0259 amilni fihi min kulli ma \u0259xaf. Bi-ism\u0259tik\u0259 ya ism\u0259t\u0259l-xaifin\u201d. T\u0259rc\u00fcm\u0259si:\u00a0\u201c\u0130lahi, bu g\u00fcn g\u00fcnahlar\u0131m\u0131 gizl\u0259tm\u0259k v\u0259 iff\u0259t ba\u011f\u0131\u015flamaqla m\u0259ni zin\u0259tl\u0259ndir. Bu g\u00fcn m\u0259n\u0259 q\u0259na\u0259t v\u0259 kifay\u0259tcillik libas\u0131n\u0131 geyindir. M\u0259ni bu g\u00fcn \u0259dal\u0259t v\u0259 insafa vadar et. Bu g\u00fcn m\u0259ni b\u00fct\u00fcn qorxdu\u011fum \u015feyl\u0259rd\u0259n amanda saxla. \u0130sm\u0259tin\u0259 and&hellip;<\/p>\n","protected":false},"author":2,"featured_media":159861,"comment_status":"closed","ping_status":"closed","sticky":false,"template":"","format":"standard","meta":{"om_disable_all_campaigns":false,"_monsterinsights_skip_tracking":false,"_monsterinsights_sitenote_active":false,"_monsterinsights_sitenote_note":"","_monsterinsights_sitenote_category":0},"categories":[19],"tags":[],"aioseo_notices":[],"gutentor_comment":0,"rttpg_featured_image_url":{"full":["https:\/\/arantv.az\/wp-content\/uploads\/2020\/05\/ram-2.jpg",620,389,false],"landscape":["https:\/\/arantv.az\/wp-content\/uploads\/2020\/05\/ram-2.jpg",620,389,false],"portraits":["https:\/\/arantv.az\/wp-content\/uploads\/2020\/05\/ram-2.jpg",620,389,false],"thumbnail":["https:\/\/arantv.az\/wp-content\/uploads\/2020\/05\/ram-2-150x150.jpg",150,150,true],"medium":["https:\/\/arantv.az\/wp-content\/uploads\/2020\/05\/ram-2-300x188.jpg",300,188,true],"large":["https:\/\/arantv.az\/wp-content\/uploads\/2020\/05\/ram-2.jpg",620,389,false],"1536x1536":["https:\/\/arantv.az\/wp-content\/uploads\/2020\/05\/ram-2.jpg",620,389,false],"2048x2048":["https:\/\/arantv.az\/wp-content\/uploads\/2020\/05\/ram-2.jpg",620,389,false],"post-thumbnail":["https:\/\/arantv.az\/wp-content\/uploads\/2020\/05\/ram-2-240x172.jpg",240,172,true],"advps-thumb-one":["https:\/\/arantv.az\/wp-content\/uploads\/2020\/05\/ram-2.jpg",620,389,false]},"rttpg_author":{"display_name":"V\u00fcsal Rafiqo\u011flu","author_link":"https:\/\/arantv.az\/?author=2"},"rttpg_comment":0,"rttpg_category":"<a href=\"https:\/\/arantv.az\/?cat=19\" rel=\"category\">G\u00fcnd\u0259m<\/a>","rttpg_excerpt":"Sabah Ramazan ay\u0131n\u0131n 12-ci g\u00fcn\u00fcd\u00fcr. Qafqaz M\u00fcs\u0259lmanlar\u0131 \u0130dar\u0259sinin a\u00e7\u0131qlad\u0131\u011f\u0131 Ramazan t\u0259qvimin\u0259 \u0259sas\u0259n, may\u0131n 5-d\u0259 imsak vaxt\u0131 saat 03:52-d\u0259, iftar vaxt\u0131 is\u0259 19:48-d\u0259dir. 12-ci g\u00fcn\u00fcn g\u00fcn\u00fcn imsak vaxt\u0131n\u0131n duas\u0131n\u0131 t\u0259qdim edirik: Duan\u0131n oxunu\u015fu:\u00a0\u201cAllahumm\u0259 z\u0259yyinni fihi bis-s\u0259tri v\u0259l-\u0259faf. V\u0259sturni fihi bilibasil-q\u00fcnui v\u0259l-k\u0259faf. V\u0259hmilni fihi \u0259l\u0259l-\u0259dli v\u0259l-insaf. V\u0259 amilni fihi min kulli ma \u0259xaf. Bi-ism\u0259tik\u0259 ya ism\u0259t\u0259l-xaifin\u201d. T\u0259rc\u00fcm\u0259si:\u00a0\u201c\u0130lahi,&hellip;","_links":{"self":[{"href":"https:\/\/arantv.az\/index.php?rest_route=\/wp\/v2\/posts\/159860"}],"collection":[{"href":"https:\/\/arantv.az\/index.php?rest_route=\/wp\/v2\/posts"}],"about":[{"href":"https:\/\/arantv.az\/index.php?rest_route=\/wp\/v2\/types\/post"}],"author":[{"embeddable":true,"href":"https:\/\/arantv.az\/index.php?rest_route=\/wp\/v2\/users\/2"}],"replies":[{"embeddable":true,"href":"https:\/\/arantv.az\/index.php?rest_route=%2Fwp%2Fv2%2Fcomments&post=159860"}],"version-history":[{"count":0,"href":"https:\/\/arantv.az\/index.php?rest_route=\/wp\/v2\/posts\/159860\/revisions"}],"wp:featuredmedia":[{"embeddable":true,"href":"https:\/\/arantv.az\/index.php?rest_route=\/wp\/v2\/media\/159861"}],"wp:attachment":[{"href":"https:\/\/arantv.az\/index.php?rest_route=%2Fwp%2Fv2%2Fmedia&parent=159860"}],"wp:term":[{"taxonomy":"category","embeddable":true,"href":"https:\/\/arantv.az\/index.php?rest_route=%2Fwp%2Fv2%2Fcategories&post=159860"},{"taxonomy":"post_tag","embeddable":true,"href":"https:\/\/arantv.az\/index.php?rest_route=%2Fwp%2Fv2%2Ftags&post=159860"}],"curies":[{"name":"wp","href":"https:\/\/api.w.org\/{rel}","templated":true}]}}