{"id":159864,"date":"2020-05-05T20:11:54","date_gmt":"2020-05-05T17:11:54","guid":{"rendered":"http:\/\/arantv.az\/?p=159864"},"modified":"2020-05-05T20:11:54","modified_gmt":"2020-05-05T17:11:54","slug":"indiy%c9%99d%c9%99k-kmdf-%c9%99-toplanmis-v%c9%99saitl%c9%99rd%c9%99n-istifad%c9%99-edilm%c9%99yib-r%c9%99smi","status":"publish","type":"post","link":"https:\/\/arantv.az\/?p=159864","title":{"rendered":"\u0130ndiy\u0259d\u0259k KMDF-\u0259 toplanm\u0131\u015f v\u0259saitl\u0259rd\u0259n istifad\u0259 edilm\u0259yib &#8211; R\u018fSM\u0130"},"content":{"rendered":"<p>M\u0259lum oldu\u011fu kimi, Az\u0259rbaycan Respublikas\u0131 Prezidentinin 19 mart 2020-ci il tarixli F\u0259rman\u0131na \u0259sas\u0259n yarad\u0131lm\u0131\u015f Koronavirusla M\u00fcbariz\u0259y\u0259 D\u0259st\u0259k Fondunun m\u0259qs\u0259di koronavirus infeksiyas\u0131n\u0131n yay\u0131lmas\u0131 il\u0259 ba\u011fl\u0131 m\u00fcbariz\u0259 istiqam\u0259tind\u0259 h\u0259yata ke\u00e7iril\u0259n t\u0259dbirl\u0259r\u0259 maliyy\u0259 d\u0259st\u0259yinin g\u00f6st\u0259rilm\u0259siidir.<\/p>\n<p>Nazirl\u0259r Kabineti yan\u0131nda Operativ Q\u0259rargahdan veril\u0259n m\u0259lumata g\u00f6r\u0259,\u00a0Fondun v\u0259saitl\u0259rinin x\u0259rcl\u0259nm\u0259sin\u0259 n\u0259zar\u0259t m\u0259qs\u0259dil\u0259 aprel ay\u0131n\u0131n 11-d\u0259 Ba\u015f Nazirin m\u00fcvafiq S\u0259r\u0259ncam\u0131 il\u0259 \u0130ctimai N\u0259zar\u0259t \u015euras\u0131 yarad\u0131l\u0131b v\u0259 Fondun v\u0259saitinin s\u0259r\u0259ncam\u00e7\u0131s\u0131 kimi Az\u0259rbaycan Respublikas\u0131n\u0131n Nazirl\u0259r Kabineti m\u00fc\u0259yy\u0259n edilib. \u0130ctimai N\u0259zar\u0259t \u015euras\u0131n\u0131n \u0259sas f\u0259aliyy\u0259ti Fonda toplanm\u0131\u015f v\u0259saitd\u0259n istifad\u0259 zaman\u0131 \u015f\u0259ffafl\u0131\u011fa v\u0259 maliyy\u0259 hesabatl\u0131l\u0131\u011f\u0131na n\u0259zar\u0259t etm\u0259k, h\u0259m\u00e7inin ictimaiyy\u0259tin bununla ba\u011fl\u0131 m\u00fct\u0259madi m\u0259lumatland\u0131r\u0131lmas\u0131n\u0131 t\u0259min etm\u0259kdir.<\/p>\n<p>May\u0131n 5-d\u0259 Koronavirusla M\u00fcbariz\u0259y\u0259 D\u0259st\u0259k Fondunun \u0130ctimai N\u0259zar\u0259t \u015euras\u0131n\u0131n ilk iclas\u0131 ke\u00e7irilib. \u0130clasda Fondun f\u0259aliyy\u0259ti, toplanm\u0131\u015f maliyy\u0259 v\u0259saitl\u0259rinin t\u0259yinat\u0131 \u00fczr\u0259 istifad\u0259si zaman\u0131 \u015f\u0259ffafl\u0131q v\u0259 hesabatl\u0131l\u0131q m\u0259s\u0259l\u0259l\u0259ri m\u00fczakir\u0259 olunub.<\/p>\n<div id=\"AdviadNativeVideo0\" class=\"AdviadNativeVideo\"><\/div>\n<p>Bildirilib ki, ian\u0259l\u0259rin m\u0259bl\u0259\u011find\u0259n v\u0259 \u00f6d\u0259ni\u015fi h\u0259yata ke\u00e7ir\u0259nin sosial statusundan as\u0131l\u0131 olmayaraq Fonda toplanan v\u0259saitl\u0259r haqq\u0131nda m\u0259lumat ictimaiyy\u0259t\u0259 a\u00e7\u0131qd\u0131r v\u0259 g\u00fcnd\u0259lik olaraq r\u0259smi internet sayt\u0131nda (<a href=\"http:\/\/covid19fund.gov.az\/az\/\" target=\"_blank\" rel=\"noopener\">http:\/\/covid19fund.gov.az\/az\/<\/a>) yerl\u0259\u015fdirilir. \u0130ctimaiyy\u0259tin b\u00fct\u00fcn t\u0259b\u0259q\u0259l\u0259rind\u0259n olan v\u0259t\u0259nda\u015flar, h\u00fcquqi v\u0259 fiziki \u015f\u0259xsl\u0259r, sahibkarlar \u00f6lk\u0259 \u00fc\u00e7\u00fcn haz\u0131rk\u0131 \u00e7\u0259tin s\u0131naq d\u00f6vr\u00fcnd\u0259 h\u0259mr\u0259ylik n\u00fcmayi\u015f etdir\u0259r\u0259k Koronavirusla M\u00fcbariz\u0259y\u0259 D\u0259st\u0259k Fonduna k\u00f6n\u00fcll\u00fc \u00f6d\u0259m\u0259l\u0259r h\u0259yata ke\u00e7irirl\u0259r. 4 may 2020-ci il tarixin\u0259 Fonda edil\u0259n ian\u0259l\u0259rin \u00fcmumi m\u0259bl\u0259\u011fi 113 milyon manat, 157 min AB\u015e dollar\u0131, 87,5 min avro v\u0259 150 min rubl t\u0259\u015fkil edir.<\/p>\n<p>Qeyd ed\u0259k ki, Fonda toplanan v\u0259saitl\u0259rin koronavirusla m\u00fcbariz\u0259y\u0259 &#8211; x\u00fcsusi rejimli tibb m\u00fc\u0259ssis\u0259l\u0259rinin formala\u015fd\u0131r\u0131lmas\u0131na, tibb m\u00fc\u0259ssis\u0259l\u0259rinin infrastrukturunun t\u0259kmill\u0259\u015fdirilm\u0259sin\u0259 v\u0259 maddi-texniki bazas\u0131n\u0131n g\u00fccl\u0259ndirilm\u0259sin\u0259, tibb sah\u0259sind\u0259 \u00e7al\u0131\u015fan i\u015f\u00e7il\u0259rin m\u00fckafatland\u0131r\u0131lmas\u0131na v\u0259 onlara maddi yard\u0131m g\u00f6st\u0259rilm\u0259sin\u0259 y\u00f6n\u0259ldilm\u0259si n\u0259z\u0259rd\u0259 tutulur. Fonda v\u0259saitl\u0259rin toplanmas\u0131 v\u0259 ondan t\u0259yinat\u0131 \u00fczr\u0259 istifad\u0259 m\u0259qs\u0259dil\u0259 Maliyy\u0259 Nazirliyi yan\u0131nda D\u00f6vl\u0259t X\u0259zin\u0259darl\u0131q Agentliyind\u0259 x\u00fcsusi x\u0259zin\u0259 hesab\u0131 a\u00e7\u0131l\u0131b v\u0259 bu v\u0259saitl\u0259rd\u0259n istifad\u0259 edilm\u0259si Nazirl\u0259r Kabinetinin m\u00fc\u0259yy\u0259n etdiyi g\u0259lir v\u0259 x\u0259rcl\u0259r smetas\u0131 \u0259sas\u0131nda h\u0259yata ke\u00e7irilir. \u0130ndiy\u0259d\u0259k Fonda toplanm\u0131\u015f v\u0259saitl\u0259rd\u0259n h\u0259r hans\u0131 formada istifad\u0259 edilm\u0259yib.<\/p>\n<p>T\u0259dbirin sonunda K\u0130V n\u00fcmay\u0259nd\u0259l\u0259rinin suallar\u0131 cavabland\u0131r\u0131l\u0131b.<\/p>\n","protected":false},"excerpt":{"rendered":"<p>M\u0259lum oldu\u011fu kimi, Az\u0259rbaycan Respublikas\u0131 Prezidentinin 19 mart 2020-ci il tarixli F\u0259rman\u0131na \u0259sas\u0259n yarad\u0131lm\u0131\u015f Koronavirusla M\u00fcbariz\u0259y\u0259 D\u0259st\u0259k Fondunun m\u0259qs\u0259di koronavirus infeksiyas\u0131n\u0131n yay\u0131lmas\u0131 il\u0259 ba\u011fl\u0131 m\u00fcbariz\u0259 istiqam\u0259tind\u0259 h\u0259yata ke\u00e7iril\u0259n t\u0259dbirl\u0259r\u0259 maliyy\u0259 d\u0259st\u0259yinin g\u00f6st\u0259rilm\u0259siidir. Nazirl\u0259r Kabineti yan\u0131nda Operativ Q\u0259rargahdan veril\u0259n m\u0259lumata g\u00f6r\u0259,\u00a0Fondun v\u0259saitl\u0259rinin x\u0259rcl\u0259nm\u0259sin\u0259 n\u0259zar\u0259t m\u0259qs\u0259dil\u0259 aprel ay\u0131n\u0131n 11-d\u0259 Ba\u015f Nazirin m\u00fcvafiq S\u0259r\u0259ncam\u0131 il\u0259 \u0130ctimai N\u0259zar\u0259t \u015euras\u0131 yarad\u0131l\u0131b v\u0259 Fondun v\u0259saitinin s\u0259r\u0259ncam\u00e7\u0131s\u0131 kimi Az\u0259rbaycan Respublikas\u0131n\u0131n Nazirl\u0259r Kabineti m\u00fc\u0259yy\u0259n edilib. \u0130ctimai N\u0259zar\u0259t \u015euras\u0131n\u0131n \u0259sas f\u0259aliyy\u0259ti Fonda toplanm\u0131\u015f v\u0259saitd\u0259n istifad\u0259 zaman\u0131 \u015f\u0259ffafl\u0131\u011fa v\u0259 maliyy\u0259 hesabatl\u0131l\u0131\u011f\u0131na n\u0259zar\u0259t etm\u0259k, h\u0259m\u00e7inin ictimaiyy\u0259tin bununla ba\u011fl\u0131 m\u00fct\u0259madi m\u0259lumatland\u0131r\u0131lmas\u0131n\u0131 t\u0259min&hellip;<\/p>\n","protected":false},"author":2,"featured_media":159869,"comment_status":"closed","ping_status":"closed","sticky":false,"template":"","format":"standard","meta":{"om_disable_all_campaigns":false,"_monsterinsights_skip_tracking":false,"_monsterinsights_sitenote_active":false,"_monsterinsights_sitenote_note":"","_monsterinsights_sitenote_category":0},"categories":[19],"tags":[],"aioseo_notices":[],"gutentor_comment":0,"rttpg_featured_image_url":{"full":["https:\/\/arantv.az\/wp-content\/uploads\/2020\/05\/94f46e3c93a42b767b02865d43d3eab0.jpg",620,368,false],"landscape":["https:\/\/arantv.az\/wp-content\/uploads\/2020\/05\/94f46e3c93a42b767b02865d43d3eab0.jpg",620,368,false],"portraits":["https:\/\/arantv.az\/wp-content\/uploads\/2020\/05\/94f46e3c93a42b767b02865d43d3eab0.jpg",620,368,false],"thumbnail":["https:\/\/arantv.az\/wp-content\/uploads\/2020\/05\/94f46e3c93a42b767b02865d43d3eab0-150x150.jpg",150,150,true],"medium":["https:\/\/arantv.az\/wp-content\/uploads\/2020\/05\/94f46e3c93a42b767b02865d43d3eab0-300x178.jpg",300,178,true],"large":["https:\/\/arantv.az\/wp-content\/uploads\/2020\/05\/94f46e3c93a42b767b02865d43d3eab0.jpg",620,368,false],"1536x1536":["https:\/\/arantv.az\/wp-content\/uploads\/2020\/05\/94f46e3c93a42b767b02865d43d3eab0.jpg",620,368,false],"2048x2048":["https:\/\/arantv.az\/wp-content\/uploads\/2020\/05\/94f46e3c93a42b767b02865d43d3eab0.jpg",620,368,false],"post-thumbnail":["https:\/\/arantv.az\/wp-content\/uploads\/2020\/05\/94f46e3c93a42b767b02865d43d3eab0-240x172.jpg",240,172,true],"advps-thumb-one":["https:\/\/arantv.az\/wp-content\/uploads\/2020\/05\/94f46e3c93a42b767b02865d43d3eab0.jpg",620,368,false]},"rttpg_author":{"display_name":"V\u00fcsal Rafiqo\u011flu","author_link":"https:\/\/arantv.az\/?author=2"},"rttpg_comment":0,"rttpg_category":"<a href=\"https:\/\/arantv.az\/?cat=19\" rel=\"category\">G\u00fcnd\u0259m<\/a>","rttpg_excerpt":"M\u0259lum oldu\u011fu kimi, Az\u0259rbaycan Respublikas\u0131 Prezidentinin 19 mart 2020-ci il tarixli F\u0259rman\u0131na \u0259sas\u0259n yarad\u0131lm\u0131\u015f Koronavirusla M\u00fcbariz\u0259y\u0259 D\u0259st\u0259k Fondunun m\u0259qs\u0259di koronavirus infeksiyas\u0131n\u0131n yay\u0131lmas\u0131 il\u0259 ba\u011fl\u0131 m\u00fcbariz\u0259 istiqam\u0259tind\u0259 h\u0259yata ke\u00e7iril\u0259n t\u0259dbirl\u0259r\u0259 maliyy\u0259 d\u0259st\u0259yinin g\u00f6st\u0259rilm\u0259siidir. Nazirl\u0259r Kabineti yan\u0131nda Operativ Q\u0259rargahdan veril\u0259n m\u0259lumata g\u00f6r\u0259,\u00a0Fondun v\u0259saitl\u0259rinin x\u0259rcl\u0259nm\u0259sin\u0259 n\u0259zar\u0259t m\u0259qs\u0259dil\u0259 aprel ay\u0131n\u0131n 11-d\u0259 Ba\u015f Nazirin m\u00fcvafiq S\u0259r\u0259ncam\u0131 il\u0259 \u0130ctimai N\u0259zar\u0259t \u015euras\u0131&hellip;","_links":{"self":[{"href":"https:\/\/arantv.az\/index.php?rest_route=\/wp\/v2\/posts\/159864"}],"collection":[{"href":"https:\/\/arantv.az\/index.php?rest_route=\/wp\/v2\/posts"}],"about":[{"href":"https:\/\/arantv.az\/index.php?rest_route=\/wp\/v2\/types\/post"}],"author":[{"embeddable":true,"href":"https:\/\/arantv.az\/index.php?rest_route=\/wp\/v2\/users\/2"}],"replies":[{"embeddable":true,"href":"https:\/\/arantv.az\/index.php?rest_route=%2Fwp%2Fv2%2Fcomments&post=159864"}],"version-history":[{"count":0,"href":"https:\/\/arantv.az\/index.php?rest_route=\/wp\/v2\/posts\/159864\/revisions"}],"wp:featuredmedia":[{"embeddable":true,"href":"https:\/\/arantv.az\/index.php?rest_route=\/wp\/v2\/media\/159869"}],"wp:attachment":[{"href":"https:\/\/arantv.az\/index.php?rest_route=%2Fwp%2Fv2%2Fmedia&parent=159864"}],"wp:term":[{"taxonomy":"category","embeddable":true,"href":"https:\/\/arantv.az\/index.php?rest_route=%2Fwp%2Fv2%2Fcategories&post=159864"},{"taxonomy":"post_tag","embeddable":true,"href":"https:\/\/arantv.az\/index.php?rest_route=%2Fwp%2Fv2%2Ftags&post=159864"}],"curies":[{"name":"wp","href":"https:\/\/api.w.org\/{rel}","templated":true}]}}