{"id":159868,"date":"2020-05-05T20:14:54","date_gmt":"2020-05-05T17:14:54","guid":{"rendered":"http:\/\/arantv.az\/?p=159868"},"modified":"2020-05-05T20:14:54","modified_gmt":"2020-05-05T17:14:54","slug":"baki-sumqayit-istiqam%c9%99tind%c9%99-x%c9%99tt%c9%99-%c9%99lav%c9%99-qatarlar-buraxilacaq","status":"publish","type":"post","link":"https:\/\/arantv.az\/?p=159868","title":{"rendered":"Bak\u0131-Sumqay\u0131t istiqam\u0259tind\u0259 x\u0259tt\u0259 \u0259lav\u0259 qatarlar burax\u0131lacaq"},"content":{"rendered":"<p>Bak\u0131-Sumqay\u0131t istiqam\u0259tind\u0259 x\u0259tt\u0259 \u0259lav\u0259 qatarlar burax\u0131lacaq.<\/p>\n<p><strong>ARANTV.AZ<\/strong>\u00a0<a href=\"http:\/\/az.trend.az\/\" target=\"_blank\" rel=\"noopener\">Trend<\/a>-\u0259 istinad\u0259n bildirir ki,\u00a0bu bar\u0259d\u0259 bu g\u00fcn &#8220;Az\u0259rbaycan D\u0259mir Yollar\u0131&#8221; QSC-d\u0259 (ADY) qurumun s\u0259dri Cavid Qurbanovun r\u0259hb\u0259rliyi il\u0259 videokonfrans \u015f\u0259klind\u0259 ke\u00e7iril\u0259n kollegiya iclas\u0131nda deyilib.<\/p>\n<p>\u0130clasda pandemiya d\u00f6vr\u00fcnd\u0259 ADY-nin m\u00fcxt\u0259lif strukturlar\u0131n\u0131n f\u0259aliyy\u0259tin\u0259 dair hesabatlar dinl\u0259nilib. Bildirilib ki, Nazirl\u0259r Kabinetinin q\u0259rar\u0131na \u0259sas\u0259n, may\u0131n 4-d\u0259n x\u00fcsusi karantin rejiminin yum\u015fald\u0131lmas\u0131 il\u0259 \u0259laq\u0259dar Bak\u0131-X\u0131rdalan-Sumqay\u0131t istiqam\u0259tind\u0259 s\u0259rni\u015fin s\u0131xl\u0131\u011f\u0131 m\u00fc\u015fahid\u0259 olunur. S\u0259rni\u015fin t\u0259l\u0259bat\u0131n\u0131n artd\u0131\u011f\u0131n\u0131 n\u0259z\u0259r\u0259 alaraq, h\u0259min mar\u015frut \u00fczr\u0259 \u0259lav\u0259 qatarlar\u0131n x\u0259tt\u0259 burax\u0131lmas\u0131na q\u0259rar verilib.<\/p>\n<p>\u0130clasda ilin sonunad\u0259k icras\u0131 n\u0259z\u0259rd\u0259 tutulan vacib m\u0259s\u0259l\u0259l\u0259r m\u00fczakir\u0259 olunub, konkret t\u0259dbirl\u0259r m\u00fc\u0259yy\u0259nl\u0259\u015fdirilib.<\/p>\n","protected":false},"excerpt":{"rendered":"<p>Bak\u0131-Sumqay\u0131t istiqam\u0259tind\u0259 x\u0259tt\u0259 \u0259lav\u0259 qatarlar burax\u0131lacaq. ARANTV.AZ\u00a0Trend-\u0259 istinad\u0259n bildirir ki,\u00a0bu bar\u0259d\u0259 bu g\u00fcn &#8220;Az\u0259rbaycan D\u0259mir Yollar\u0131&#8221; QSC-d\u0259 (ADY) qurumun s\u0259dri Cavid Qurbanovun r\u0259hb\u0259rliyi il\u0259 videokonfrans \u015f\u0259klind\u0259 ke\u00e7iril\u0259n kollegiya iclas\u0131nda deyilib. \u0130clasda pandemiya d\u00f6vr\u00fcnd\u0259 ADY-nin m\u00fcxt\u0259lif strukturlar\u0131n\u0131n f\u0259aliyy\u0259tin\u0259 dair hesabatlar dinl\u0259nilib. Bildirilib ki, Nazirl\u0259r Kabinetinin q\u0259rar\u0131na \u0259sas\u0259n, may\u0131n 4-d\u0259n x\u00fcsusi karantin rejiminin yum\u015fald\u0131lmas\u0131 il\u0259 \u0259laq\u0259dar Bak\u0131-X\u0131rdalan-Sumqay\u0131t istiqam\u0259tind\u0259 s\u0259rni\u015fin s\u0131xl\u0131\u011f\u0131 m\u00fc\u015fahid\u0259 olunur. S\u0259rni\u015fin t\u0259l\u0259bat\u0131n\u0131n artd\u0131\u011f\u0131n\u0131 n\u0259z\u0259r\u0259 alaraq, h\u0259min mar\u015frut \u00fczr\u0259 \u0259lav\u0259 qatarlar\u0131n x\u0259tt\u0259 burax\u0131lmas\u0131na q\u0259rar verilib. \u0130clasda ilin sonunad\u0259k icras\u0131 n\u0259z\u0259rd\u0259 tutulan vacib m\u0259s\u0259l\u0259l\u0259r m\u00fczakir\u0259 olunub, konkret t\u0259dbirl\u0259r m\u00fc\u0259yy\u0259nl\u0259\u015fdirilib.<\/p>\n","protected":false},"author":2,"featured_media":159877,"comment_status":"closed","ping_status":"closed","sticky":false,"template":"","format":"standard","meta":{"om_disable_all_campaigns":false,"_monsterinsights_skip_tracking":false,"_monsterinsights_sitenote_active":false,"_monsterinsights_sitenote_note":"","_monsterinsights_sitenote_category":0},"categories":[19],"tags":[],"aioseo_notices":[],"gutentor_comment":0,"rttpg_featured_image_url":{"full":["https:\/\/arantv.az\/wp-content\/uploads\/2020\/05\/qatar_2378375756.jpg",800,600,false],"landscape":["https:\/\/arantv.az\/wp-content\/uploads\/2020\/05\/qatar_2378375756.jpg",800,600,false],"portraits":["https:\/\/arantv.az\/wp-content\/uploads\/2020\/05\/qatar_2378375756.jpg",800,600,false],"thumbnail":["https:\/\/arantv.az\/wp-content\/uploads\/2020\/05\/qatar_2378375756-150x150.jpg",150,150,true],"medium":["https:\/\/arantv.az\/wp-content\/uploads\/2020\/05\/qatar_2378375756-300x225.jpg",300,225,true],"large":["https:\/\/arantv.az\/wp-content\/uploads\/2020\/05\/qatar_2378375756.jpg",640,480,false],"1536x1536":["https:\/\/arantv.az\/wp-content\/uploads\/2020\/05\/qatar_2378375756.jpg",800,600,false],"2048x2048":["https:\/\/arantv.az\/wp-content\/uploads\/2020\/05\/qatar_2378375756.jpg",800,600,false],"post-thumbnail":["https:\/\/arantv.az\/wp-content\/uploads\/2020\/05\/qatar_2378375756-240x172.jpg",240,172,true],"advps-thumb-one":["https:\/\/arantv.az\/wp-content\/uploads\/2020\/05\/qatar_2378375756.jpg",800,600,false]},"rttpg_author":{"display_name":"V\u00fcsal Rafiqo\u011flu","author_link":"https:\/\/arantv.az\/?author=2"},"rttpg_comment":0,"rttpg_category":"<a href=\"https:\/\/arantv.az\/?cat=19\" rel=\"category\">G\u00fcnd\u0259m<\/a>","rttpg_excerpt":"Bak\u0131-Sumqay\u0131t istiqam\u0259tind\u0259 x\u0259tt\u0259 \u0259lav\u0259 qatarlar burax\u0131lacaq. ARANTV.AZ\u00a0Trend-\u0259 istinad\u0259n bildirir ki,\u00a0bu bar\u0259d\u0259 bu g\u00fcn &#8220;Az\u0259rbaycan D\u0259mir Yollar\u0131&#8221; QSC-d\u0259 (ADY) qurumun s\u0259dri Cavid Qurbanovun r\u0259hb\u0259rliyi il\u0259 videokonfrans \u015f\u0259klind\u0259 ke\u00e7iril\u0259n kollegiya iclas\u0131nda deyilib. \u0130clasda pandemiya d\u00f6vr\u00fcnd\u0259 ADY-nin m\u00fcxt\u0259lif strukturlar\u0131n\u0131n f\u0259aliyy\u0259tin\u0259 dair hesabatlar dinl\u0259nilib. Bildirilib ki, Nazirl\u0259r Kabinetinin q\u0259rar\u0131na \u0259sas\u0259n, may\u0131n 4-d\u0259n x\u00fcsusi karantin rejiminin yum\u015fald\u0131lmas\u0131 il\u0259 \u0259laq\u0259dar Bak\u0131-X\u0131rdalan-Sumqay\u0131t&hellip;","_links":{"self":[{"href":"https:\/\/arantv.az\/index.php?rest_route=\/wp\/v2\/posts\/159868"}],"collection":[{"href":"https:\/\/arantv.az\/index.php?rest_route=\/wp\/v2\/posts"}],"about":[{"href":"https:\/\/arantv.az\/index.php?rest_route=\/wp\/v2\/types\/post"}],"author":[{"embeddable":true,"href":"https:\/\/arantv.az\/index.php?rest_route=\/wp\/v2\/users\/2"}],"replies":[{"embeddable":true,"href":"https:\/\/arantv.az\/index.php?rest_route=%2Fwp%2Fv2%2Fcomments&post=159868"}],"version-history":[{"count":0,"href":"https:\/\/arantv.az\/index.php?rest_route=\/wp\/v2\/posts\/159868\/revisions"}],"wp:featuredmedia":[{"embeddable":true,"href":"https:\/\/arantv.az\/index.php?rest_route=\/wp\/v2\/media\/159877"}],"wp:attachment":[{"href":"https:\/\/arantv.az\/index.php?rest_route=%2Fwp%2Fv2%2Fmedia&parent=159868"}],"wp:term":[{"taxonomy":"category","embeddable":true,"href":"https:\/\/arantv.az\/index.php?rest_route=%2Fwp%2Fv2%2Fcategories&post=159868"},{"taxonomy":"post_tag","embeddable":true,"href":"https:\/\/arantv.az\/index.php?rest_route=%2Fwp%2Fv2%2Ftags&post=159868"}],"curies":[{"name":"wp","href":"https:\/\/api.w.org\/{rel}","templated":true}]}}