{"id":159892,"date":"2020-05-05T20:49:45","date_gmt":"2020-05-05T17:49:45","guid":{"rendered":"http:\/\/arantv.az\/?p=159892"},"modified":"2020-05-05T20:49:45","modified_gmt":"2020-05-05T17:49:45","slug":"az%c9%99rbaycan-d%c9%99mir-yollari-qsc-d%c9%99-videokonfrans-s%c9%99klind%c9%99-kollegiya-iclasi-kecirilib-foto","status":"publish","type":"post","link":"https:\/\/arantv.az\/?p=159892","title":{"rendered":"&#8220;Az\u0259rbaycan D\u0259mir Yollar\u0131&#8221; QSC-d\u0259 videokonfrans \u015f\u0259klind\u0259 kollegiya iclas\u0131 ke\u00e7irilib &#8211; Foto"},"content":{"rendered":"<p>May\u0131n 5-d\u0259 \u201cAz\u0259rbaycan D\u0259mir Yollar\u0131\u201d QSC-d\u0259 videokonfrans \u015f\u0259klind\u0259 kollegiya iclas\u0131 olub. \u201cAz\u0259rbaycan D\u0259mir Yollar\u0131\u201d QSC-nin s\u0259dri Cavid Qurbanovun r\u0259hb\u0259rliyi il\u0259 ke\u00e7\u0259n iclasda qlobal pandemiya \u015f\u0259raitind\u0259 insanlar\u0131n sa\u011flaml\u0131\u011f\u0131n\u0131n qorunmas\u0131, COV\u0130D-19 qlobal pandemiyas\u0131n\u0131n Az\u0259rbaycan iqtisadiyyat\u0131na m\u0259nfi t\u0259sirinin, habel\u0259 sosial-iqtisadi sah\u0259y\u0259 ciddi f\u0259sadlar\u0131n\u0131n qar\u015f\u0131s\u0131n\u0131n al\u0131nmas\u0131 m\u0259qs\u0259dil\u0259 at\u0131lan vacib add\u0131mlardan dan\u0131\u015f\u0131l\u0131b.<\/p>\n<p>Az\u0259rbaycan D\u0259mir Yollar\u0131\u201d QSC-d\u0259n APA-ya veril\u0259n m\u0259lumata g\u00f6r\u0259, c\u0259miyy\u0259tin s\u0259dri qeyd edib ki, d\u00f6vl\u0259t ba\u015f\u00e7\u0131s\u0131n\u0131n q\u0259tiyy\u0259tli v\u0259 \u00e7evik q\u0259rarlar\u0131, pandemiya il\u0259 m\u00fcbariz\u0259d\u0259 v\u0259t\u0259nda\u015flar\u0131n Prezident \u0130lham \u018fliyev v\u0259 Birinci vitse-prezident Mehriban \u018fliyevan\u0131n \u00e7a\u011f\u0131r\u0131\u015flar\u0131na qo\u015fularaq sosial h\u0259mr\u0259ylik n\u00fcmayi\u015f etdirm\u0259si tezlikl\u0259 bu \u00e7\u0259tinlikd\u0259n xilas olaca\u011f\u0131m\u0131za inam yarad\u0131r.<\/p>\n<p>C\u0259miyy\u0259tin s\u0259dri bildirib ki, prezident \u0130lham \u018fliyevin t\u0259\u015f\u0259bb\u00fcs\u00fc il\u0259 Qo\u015fulmama H\u0259r\u0259kat\u0131n\u0131n T\u0259mas Qrupu format\u0131nda Zirv\u0259 g\u00f6r\u00fc\u015f\u00fcnd\u0259 d\u00f6vl\u0259t ba\u015f\u00e7\u0131s\u0131 \u00f6lk\u0259mizin Avrasiyada \u00f6n\u0259mli n\u0259qliyyat v\u0259 logistika m\u0259rk\u0259zl\u0259rind\u0259n biri kimi vacib roluna diqq\u0259t \u00e7\u0259kib. Prezident \u0130lham \u018fliyevin qeyd etdiyi kimi pandemiya d\u00f6vr\u00fcnd\u0259 d\u0259 Az\u0259rbaycan etibarl\u0131 tranzit-logistika m\u0259rk\u0259zi kimi \u00f6z roluna m\u0259suliyy\u0259tl\u0259 yana\u015faraq \u0259razisi vasit\u0259sil\u0259 mane\u0259siz tranzit da\u015f\u0131malar\u0131n\u0131 t\u0259min edir. Bildirilib ki, pandemiya \u015f\u0259raitind\u0259 Az\u0259rbaycan d\u0259mir yollar\u0131nda s\u0259rni\u015finda\u015f\u0131maya m\u0259hdudiyy\u0259t qoyulsa da, y\u00fckda\u015f\u0131nmalar\u0131 m\u00fcnt\u0259z\u0259m \u015f\u0259kild\u0259 yerin\u0259 yetirilir. Y\u00fckda\u015f\u0131malar\u0131n h\u0259cminin artmas\u0131nda \u015e\u0259rq-Q\u0259rb, \u015eimal-C\u0259nub, \u015eimal-Q\u0259rb n\u0259qliyyat d\u0259hlizl\u0259ri vacib rola malikdir. \u0130clasda Bak\u0131-Tbilisi-Qars (BTQ) d\u0259mir yolu x\u0259tti il\u0259 da\u015f\u0131nan y\u00fckl\u0259rin h\u0259cminin artd\u0131\u011f\u0131 da diqq\u0259t\u0259 \u00e7atd\u0131r\u0131l\u0131b. Y\u00fckl\u0259rin da\u015f\u0131nmas\u0131nda \u201cAz\u0259rbaycan D\u0259mir Yollar\u0131\u201d QSC-nin t\u00f6r\u0259m\u0259 \u015firk\u0259tl\u0259ri olan \u201cADY Konteyner\u201d MMC v\u0259 \u201cADY Ekspress\u201d MMC b\u00f6y\u00fck \u0259h\u0259miyy\u0259t k\u0259sb edir. O da vur\u011fulan\u0131b ki, 2017-ci ild\u0259n da\u015f\u0131nan y\u00fckl\u0259r aras\u0131nda qeyri-neft m\u0259hsullar\u0131 \u00fcst\u00fcnl\u00fck t\u0259\u015fkil edir.<\/p>\n<p>\u0130clasda s\u0259rni\u015finl\u0259rin v\u0259 d\u0259miryol\u00e7ular\u0131n sa\u011flaml\u0131\u011f\u0131n\u0131n qorunmas\u0131 \u00fc\u00e7\u00fcn d\u0259mir yollar\u0131nda g\u00f6r\u00fcl\u0259n m\u00fcvafiq profilaktik t\u0259dbirl\u0259r, dezinfeksiya i\u015fl\u0259ri bar\u0259d\u0259 m\u0259lumat verilib. Qeyd edilib ki, pandemiya \u015f\u0259raitind\u0259 i\u015f\u0259 m\u0259hdud sayda \u0259m\u0259kda\u015flar c\u0259lb olunaraq, onlar\u0131n n\u00f6vb\u0259li i\u015f rejimind\u0259 \u00e7al\u0131\u015fmas\u0131na \u015f\u0259rait yarad\u0131l\u0131b. F\u0259aliyy\u0259tin s\u0259m\u0259r\u0259liliyinin t\u0259\u015fkili \u00fc\u00e7\u00fcn m\u00fcasir texniki innovasiyalar\u0131n t\u0259tbiqi geni\u015fl\u0259ndirilib, idar\u0259d\u0259 b\u00fct\u00fcn s\u0259n\u0259dl\u0259\u015fdirm\u0259 i\u015fl\u0259ri elektronla\u015fd\u0131r\u0131l\u0131b.<\/p>\n<p>C\u0259miyy\u0259tin s\u0259dri Ab\u015feron dair\u0259vi d\u0259mir yolu layih\u0259sinin tamamland\u0131\u011f\u0131n\u0131, qalan i\u015fl\u0259rin is\u0259 ilin sonunad\u0259k yekunla\u015fd\u0131r\u0131laca\u011f\u0131n\u0131 bildirib. O, L\u0259ki-Q\u0259b\u0259l\u0259, Bil\u0259c\u0259ri-Yalama v\u0259 \u018fl\u0259t-Astara d\u0259miryolu x\u0259ttinin tikintisi il\u0259 ba\u011fl\u0131 g\u00f6r\u00fcl\u0259n v\u0259 g\u00f6r\u00fcl\u0259c\u0259k i\u015fl\u0259r bar\u0259d\u0259 m\u0259lumat verib, layih\u0259l\u0259rin icra v\u0259ziyy\u0259ti il\u0259 maraqlan\u0131b. Bak\u0131-B\u00f6y\u00fck K\u0259sik istiqam\u0259tind\u0259 s\u00fcr\u0259t h\u0259ddinin art\u0131r\u0131lmas\u0131 \u00fc\u00e7\u00fcn z\u0259ruri infrastruktur t\u0259dbirl\u0259rinin h\u0259yata ke\u00e7irilm\u0259si m\u00fczakir\u0259 olunub. H\u0259m\u00e7inin bildirilib ki, Xa\u00e7maz\u2013\u015eahda\u011f d\u0259mir yolu x\u0259tti layih\u0259l\u0259ndirilir, \u0259razinin co\u011frafi relyefi \u00f6yr\u0259nilir.<\/p>\n<p>Cavid Qurbanov qeyd edib ki, C\u0259miyy\u0259tin h\u0259r\u0259k\u0259t t\u0259rkibi park\u0131n\u0131n yenil\u0259nm\u0259si i\u015fl\u0259ri \u00e7\u0259r\u00e7iv\u0259sind\u0259 sifari\u015f olunan, d\u0259yi\u015f\u0259n c\u0259r\u0259yanla i\u015fl\u0259y\u0259n 50 lokomotivd\u0259n 21-i art\u0131q \u00f6lk\u0259y\u0259 g\u0259tirilib. Bu il daha 9 lokomotivin \u00e7atd\u0131r\u0131lmas\u0131 n\u0259z\u0259rd\u0259 tutulur. Eyni zamanda, 20 s\u0259rni\u015fin vaqonundan 10-u art\u0131q q\u0259bul olunub, dig\u0259r 10 vaqonun da cari ild\u0259 \u00e7atd\u0131r\u0131lmas\u0131 planla\u015fd\u0131r\u0131l\u0131r. \u018flav\u0259 olaraq, C\u0259miyy\u0259t t\u0259r\u0259find\u0259n 10 s\u0259rni\u015fin qatar\u0131 sifari\u015f edilib.<\/p>\n<p>Videoformatda t\u0259\u015fkil olunan iclasda pandemiya d\u00f6vr\u00fcnd\u0259 C\u0259miyy\u0259tin m\u00fcxt\u0259lif strukturlar\u0131n\u0131n f\u0259aliyy\u0259tin\u0259 dair hesabatlar dinl\u0259nilib. M\u0259lumat verilib ki, Nazirl\u0259r Kabinetinin q\u0259rar\u0131na \u0259sas\u0259n, may\u0131n 4-d\u0259n x\u00fcsusi karantin rejiminin yum\u015fald\u0131lmas\u0131 il\u0259 \u0259laq\u0259dar Bak\u0131-X\u0131rdalan-Sumqay\u0131t istiqam\u0259tind\u0259 s\u0259rni\u015fin s\u0131xl\u0131\u011f\u0131 m\u00fc\u015fahid\u0259 olunur. S\u0259rni\u015fin t\u0259l\u0259bat\u0131n\u0131n artd\u0131\u011f\u0131n\u0131 n\u0259z\u0259r\u0259 alaraq, h\u0259min mar\u015frut \u00fczr\u0259 \u0259lav\u0259 qatarlar\u0131n x\u0259tt\u0259 burax\u0131lmas\u0131na q\u0259rar verilib.<\/p>\n<p>\u0130clasda ilin sonunad\u0259k icras\u0131 n\u0259z\u0259rd\u0259 tutulan vacib m\u0259s\u0259l\u0259l\u0259r m\u00fczakir\u0259 olunub, konkret t\u0259dbirl\u0259r m\u00fc\u0259yy\u0259nl\u0259\u015fdirilib.<\/p>\n<p><img src=\"https:\/\/ww.apa.az\/upload\/news\/2020\/may\/05\/big\/1588699679774_TAc4JRiw.jpeg\" \/><\/p>\n<p><img src=\"https:\/\/ww.apa.az\/upload\/news\/2020\/may\/05\/big\/1588699672088_PxY90kPD.jpeg\" \/><\/p>\n","protected":false},"excerpt":{"rendered":"<p>May\u0131n 5-d\u0259 \u201cAz\u0259rbaycan D\u0259mir Yollar\u0131\u201d QSC-d\u0259 videokonfrans \u015f\u0259klind\u0259 kollegiya iclas\u0131 olub. \u201cAz\u0259rbaycan D\u0259mir Yollar\u0131\u201d QSC-nin s\u0259dri Cavid Qurbanovun r\u0259hb\u0259rliyi il\u0259 ke\u00e7\u0259n iclasda qlobal pandemiya \u015f\u0259raitind\u0259 insanlar\u0131n sa\u011flaml\u0131\u011f\u0131n\u0131n qorunmas\u0131, COV\u0130D-19 qlobal pandemiyas\u0131n\u0131n Az\u0259rbaycan iqtisadiyyat\u0131na m\u0259nfi t\u0259sirinin, habel\u0259 sosial-iqtisadi sah\u0259y\u0259 ciddi f\u0259sadlar\u0131n\u0131n qar\u015f\u0131s\u0131n\u0131n al\u0131nmas\u0131 m\u0259qs\u0259dil\u0259 at\u0131lan vacib add\u0131mlardan dan\u0131\u015f\u0131l\u0131b. Az\u0259rbaycan D\u0259mir Yollar\u0131\u201d QSC-d\u0259n APA-ya veril\u0259n m\u0259lumata g\u00f6r\u0259, c\u0259miyy\u0259tin s\u0259dri qeyd edib ki, d\u00f6vl\u0259t ba\u015f\u00e7\u0131s\u0131n\u0131n q\u0259tiyy\u0259tli v\u0259 \u00e7evik q\u0259rarlar\u0131, pandemiya il\u0259 m\u00fcbariz\u0259d\u0259 v\u0259t\u0259nda\u015flar\u0131n Prezident \u0130lham \u018fliyev v\u0259 Birinci vitse-prezident Mehriban \u018fliyevan\u0131n \u00e7a\u011f\u0131r\u0131\u015flar\u0131na qo\u015fularaq sosial h\u0259mr\u0259ylik n\u00fcmayi\u015f etdirm\u0259si tezlikl\u0259 bu \u00e7\u0259tinlikd\u0259n xilas olaca\u011f\u0131m\u0131za inam&hellip;<\/p>\n","protected":false},"author":2,"featured_media":159893,"comment_status":"closed","ping_status":"closed","sticky":false,"template":"","format":"standard","meta":{"om_disable_all_campaigns":false,"_monsterinsights_skip_tracking":false,"_monsterinsights_sitenote_active":false,"_monsterinsights_sitenote_note":"","_monsterinsights_sitenote_category":0},"categories":[19],"tags":[],"aioseo_notices":[],"gutentor_comment":0,"rttpg_featured_image_url":{"full":["https:\/\/arantv.az\/wp-content\/uploads\/2020\/05\/7ed5d8d5ddd6f24da0e0b9c6901e8040.jpg",450,300,false],"landscape":["https:\/\/arantv.az\/wp-content\/uploads\/2020\/05\/7ed5d8d5ddd6f24da0e0b9c6901e8040.jpg",450,300,false],"portraits":["https:\/\/arantv.az\/wp-content\/uploads\/2020\/05\/7ed5d8d5ddd6f24da0e0b9c6901e8040.jpg",450,300,false],"thumbnail":["https:\/\/arantv.az\/wp-content\/uploads\/2020\/05\/7ed5d8d5ddd6f24da0e0b9c6901e8040-150x150.jpg",150,150,true],"medium":["https:\/\/arantv.az\/wp-content\/uploads\/2020\/05\/7ed5d8d5ddd6f24da0e0b9c6901e8040-300x200.jpg",300,200,true],"large":["https:\/\/arantv.az\/wp-content\/uploads\/2020\/05\/7ed5d8d5ddd6f24da0e0b9c6901e8040.jpg",450,300,false],"1536x1536":["https:\/\/arantv.az\/wp-content\/uploads\/2020\/05\/7ed5d8d5ddd6f24da0e0b9c6901e8040.jpg",450,300,false],"2048x2048":["https:\/\/arantv.az\/wp-content\/uploads\/2020\/05\/7ed5d8d5ddd6f24da0e0b9c6901e8040.jpg",450,300,false],"post-thumbnail":["https:\/\/arantv.az\/wp-content\/uploads\/2020\/05\/7ed5d8d5ddd6f24da0e0b9c6901e8040-240x172.jpg",240,172,true],"advps-thumb-one":["https:\/\/arantv.az\/wp-content\/uploads\/2020\/05\/7ed5d8d5ddd6f24da0e0b9c6901e8040.jpg",450,300,false]},"rttpg_author":{"display_name":"V\u00fcsal Rafiqo\u011flu","author_link":"https:\/\/arantv.az\/?author=2"},"rttpg_comment":0,"rttpg_category":"<a href=\"https:\/\/arantv.az\/?cat=19\" rel=\"category\">G\u00fcnd\u0259m<\/a>","rttpg_excerpt":"May\u0131n 5-d\u0259 \u201cAz\u0259rbaycan D\u0259mir Yollar\u0131\u201d QSC-d\u0259 videokonfrans \u015f\u0259klind\u0259 kollegiya iclas\u0131 olub. \u201cAz\u0259rbaycan D\u0259mir Yollar\u0131\u201d QSC-nin s\u0259dri Cavid Qurbanovun r\u0259hb\u0259rliyi il\u0259 ke\u00e7\u0259n iclasda qlobal pandemiya \u015f\u0259raitind\u0259 insanlar\u0131n sa\u011flaml\u0131\u011f\u0131n\u0131n qorunmas\u0131, COV\u0130D-19 qlobal pandemiyas\u0131n\u0131n Az\u0259rbaycan iqtisadiyyat\u0131na m\u0259nfi t\u0259sirinin, habel\u0259 sosial-iqtisadi sah\u0259y\u0259 ciddi f\u0259sadlar\u0131n\u0131n qar\u015f\u0131s\u0131n\u0131n al\u0131nmas\u0131 m\u0259qs\u0259dil\u0259 at\u0131lan vacib add\u0131mlardan dan\u0131\u015f\u0131l\u0131b. Az\u0259rbaycan D\u0259mir Yollar\u0131\u201d QSC-d\u0259n APA-ya veril\u0259n m\u0259lumata g\u00f6r\u0259,&hellip;","_links":{"self":[{"href":"https:\/\/arantv.az\/index.php?rest_route=\/wp\/v2\/posts\/159892"}],"collection":[{"href":"https:\/\/arantv.az\/index.php?rest_route=\/wp\/v2\/posts"}],"about":[{"href":"https:\/\/arantv.az\/index.php?rest_route=\/wp\/v2\/types\/post"}],"author":[{"embeddable":true,"href":"https:\/\/arantv.az\/index.php?rest_route=\/wp\/v2\/users\/2"}],"replies":[{"embeddable":true,"href":"https:\/\/arantv.az\/index.php?rest_route=%2Fwp%2Fv2%2Fcomments&post=159892"}],"version-history":[{"count":0,"href":"https:\/\/arantv.az\/index.php?rest_route=\/wp\/v2\/posts\/159892\/revisions"}],"wp:featuredmedia":[{"embeddable":true,"href":"https:\/\/arantv.az\/index.php?rest_route=\/wp\/v2\/media\/159893"}],"wp:attachment":[{"href":"https:\/\/arantv.az\/index.php?rest_route=%2Fwp%2Fv2%2Fmedia&parent=159892"}],"wp:term":[{"taxonomy":"category","embeddable":true,"href":"https:\/\/arantv.az\/index.php?rest_route=%2Fwp%2Fv2%2Fcategories&post=159892"},{"taxonomy":"post_tag","embeddable":true,"href":"https:\/\/arantv.az\/index.php?rest_route=%2Fwp%2Fv2%2Ftags&post=159892"}],"curies":[{"name":"wp","href":"https:\/\/api.w.org\/{rel}","templated":true}]}}