{"id":159896,"date":"2020-05-05T20:51:52","date_gmt":"2020-05-05T17:51:52","guid":{"rendered":"http:\/\/arantv.az\/?p=159896"},"modified":"2020-05-05T20:51:52","modified_gmt":"2020-05-05T17:51:52","slug":"q%c9%99nir%c9%99-pasayeva-n%c9%99srl%c9%99rin-beyn%c9%99lxalq-mubadil%c9%99sin%c9%99-dair-konvensiyaya-qosulmaq-az%c9%99rbaycan-h%c9%99qiq%c9%99tl%c9%99rinin-daha-genis-t%c9%99bligi","status":"publish","type":"post","link":"https:\/\/arantv.az\/?p=159896","title":{"rendered":"Q\u0259nir\u0259 Pa\u015fayeva: \u201cN\u0259\u015frl\u0259rin beyn\u0259lxalq m\u00fcbadil\u0259sin\u0259 dair\u201d Konvensiyaya qo\u015fulmaq Az\u0259rbaycan h\u0259qiq\u0259tl\u0259rinin daha geni\u015f t\u0259bli\u011find\u0259 \u00f6n\u0259mli rol oynayacaq\u201d &#8211; V\u0130DEO"},"content":{"rendered":"<div class=\"news-content\">\n<p>\u201cN\u0259\u015frl\u0259rin beyn\u0259lxalq m\u00fcbadil\u0259sin\u0259 dair\u201d Konvensiyan\u0131n t\u0259sdiq edilm\u0259si haqq\u0131nda Az\u0259rbaycan Respublikas\u0131 qanun layih\u0259sini t\u0259qdim ed\u0259n M\u0259d\u0259niyy\u0259t Komit\u0259sinin s\u0259dri Q\u0259nir\u0259 Pa\u015fayeva bu s\u0259n\u0259din \u00f6lk\u0259miz \u00fc\u00e7\u00fcn vacib \u0259h\u0259miyy\u0259ti bar\u0259d\u0259 geni\u015f m\u0259lumatlar verib.<\/p>\n<p><b>ARANTV.AZ<\/b> x\u0259v\u0259r verir ki, mill\u0259t v\u0259kili h\u0259mkarlar\u0131n\u0131 s\u0259s verm\u0259y\u0259 \u00e7a\u011f\u0131r\u0131b:<\/p>\n<p>\u201cN\u0259\u015frl\u0259rin beyn\u0259lxalq m\u00fcbadil\u0259sin\u0259 dair\u201d Konvensiya d\u00f6vl\u0259t ba\u015f\u00e7\u0131m\u0131z c\u0259nab \u0130lham \u018fliyev t\u0259r\u0259find\u0259n t\u0259sdiq olunmaq \u00fc\u00e7\u00fcn Az\u0259rbaycan Respublikas\u0131n\u0131n Milli M\u0259clisin\u0259 t\u0259qdim olunub. \u201cN\u0259\u015frl\u0259rin beyn\u0259lxalq m\u00fcbadil\u0259sin\u0259 dair\u201d Konvensiya 3 dekabr 1958-ci ild\u0259 Paris \u015f\u0259h\u0259rind\u0259 YUNESKO t\u0259r\u0259find\u0259n q\u0259bul edilmi\u015fdir. Konvensiya 23 noyabr 1961-ci ild\u0259 q\u00fcvv\u0259y\u0259 minmi\u015f art\u0131q 47 \u00f6lk\u0259 t\u0259r\u0259find\u0259n ratifikasiya edilmi\u015fdir. Konvensiyan\u0131n 14-c\u00fc madd\u0259sin\u0259 \u0259sas\u0259n UNESKO-ya \u00fczv d\u00f6vl\u0259tl\u0259r \u00f6z milli qanunvericiliyin\u0259 uy\u011fun olaraq bu Konvensiyan\u0131 ratifikasiya v\u0259 ya q\u0259bul edirl\u0259r. Konvensiyan\u0131n ratifikasiya etm\u0259zd\u0259n \u0259vv\u0259l imzalanmas\u0131 n\u0259z\u0259rd\u0259 tutulmur.<\/p>\n<p>Konvensiyada konvensiyan\u0131n i\u015ftirak\u00e7\u0131s\u0131 olan d\u00f6vl\u0259tl\u0259rin h\u00f6kum\u0259t orqanlar\u0131 v\u0259 kommersiya m\u0259qs\u0259di da\u015f\u0131mayan t\u0259hsil, elm, texnika v\u0259 ya m\u0259d\u0259niyy\u0259t profilli qeyri-h\u00f6kum\u0259t qurumlar\u0131 aras\u0131nda n\u0259\u015frl\u0259rin m\u00fcbadil\u0259si n\u0259z\u0259rd\u0259 tutulur. M\u00fcbadil\u0259 obyektl\u0259ri kimi t\u0259hsil, h\u00fcquqi, elmi-texniki, m\u0259d\u0259niyy\u0259t v\u0259 informasiya sah\u0259si \u00fczr\u0259 n\u0259\u015frl\u0259r qeyd olunur. X\u00fcsusil\u0259 olaraq qeyd etm\u0259k laz\u0131md\u0131r ki, bu Konvensiya m\u0259xfi s\u0259n\u0259dl\u0259r\u0259, sirkulyar m\u0259ktublara v\u0259 a\u00e7\u0131qlanmayan dig\u0259r s\u0259n\u0259dl\u0259r\u0259 \u015famil edilmir.<\/p>\n<p>N\u0259\u015frl\u0259rin m\u00fcbadil\u0259si aidiyy\u0259ti orqanlar v\u0259 qurumlar aras\u0131nda ya birba\u015fa, yaxud milli m\u00fcbadil\u0259 xidm\u0259tl\u0259ri v\u0259 ya m\u00fcbadil\u0259 orqanlar\u0131 vasit\u0259sil\u0259 h\u0259yata ke\u00e7irilir. D\u00f6vl\u0259tl\u0259r m\u00fcbadil\u0259 \u00fc\u00e7\u00fcn \u0259n \u0259lveri\u015fli tarifl\u0259r v\u0259 da\u015f\u0131nma \u015f\u0259rtl\u0259rini t\u0259min etm\u0259k \u00fc\u00e7\u00fcn b\u00fct\u00fcn z\u0259ruri t\u0259dbirl\u0259r g\u00f6rm\u0259lidirl\u0259r. \u0130dxal v\u0259 ixrac edil\u0259n n\u0259\u015fr m\u0259hsullar\u0131 g\u00f6mr\u00fck r\u00fcsumundan azad edilir v\u0259 g\u00f6mr\u00fck v\u0259 dig\u0259r prosedur qaylar\u0131n\u0131n icras\u0131 zaman\u0131 \u0259n \u0259lveri\u015fli \u015f\u0259rait yarad\u0131l\u0131r. S\u0259n\u0259dd\u0259 h\u0259m\u00e7inin m\u00fcbadil\u0259 imkanlar\u0131n\u0131 art\u0131rmaq m\u0259qs\u0259dil\u0259 d\u00f6vl\u0259tl\u0259rin m\u00fcvafiq orqanlar\u0131 aras\u0131nda m\u0259sl\u0259h\u0259t v\u0259 informasiya verilm\u0259si n\u0259z\u0259rd\u0259 tutulur.<\/p>\n<p>Konvensiyan\u0131n 17-ci madd\u0259sin\u0259 \u0259sas\u0259n h\u0259r bir d\u00f6vl\u0259t Konvensiyaya qo\u015fulma zaman\u0131 v\u0259 ya qo\u015fulduqdan sonra ist\u0259nil\u0259n vaxt Konvensiyan\u0131n h\u0259min d\u00f6vl\u0259tin b\u00fct\u00fcn \u0259rasizin\u0259 \u015famil olunaca\u011f\u0131 v\u0259 ya \u0259razisinin h\u0259r hans\u0131 bir hiss\u0259sin\u0259 \u015famil olunmayaca\u011f\u0131 bar\u0259d\u0259 b\u0259yanat ver\u0259 bil\u0259r. Buna uy\u011fun olaraq Az\u0259rbaycan Respublikas\u0131 Konvensiyaya m\u00fcvafiq b\u0259yanatla qo\u015fulur. B\u0259yanatda Konvensiyan\u0131n m\u00fcdd\u0259alar\u0131 Az\u0259rbaycan Respublikas\u0131 t\u0259r\u0259find\u0259n Erm\u0259nistan Respublikas\u0131na m\u00fcnasib\u0259td\u0259 t\u0259tbiq edilm\u0259y\u0259c\u0259yi v\u0259 Erm\u0259nistan Respublikas\u0131 t\u0259r\u0259find\u0259n i\u015f\u011fal olunmu\u015f \u0259razil\u0259rimizd\u0259 Konvensiyan\u0131n h\u0259yata ke\u00e7irilm\u0259sin\u0259 h\u0259min \u0259razil\u0259r i\u015f\u011faldan tam azad olunanad\u0259k v\u0259 i\u015f\u011fal\u0131n n\u0259tic\u0259l\u0259ri tam aradan qald\u0131r\u0131lanad\u0259k t\u0259minat verm\u0259m\u0259si qeyd olunur.<\/p>\n<p>Konvensiyan\u0131n \u0259h\u0259miyy\u0259ti n\u0259\u015frl\u0259rin d\u00fcnya d\u00f6vl\u0259tl\u0259ri v\u0259 xalqlar\u0131 aras\u0131nda s\u0259rb\u0259st yay\u0131lmas\u0131na \u015f\u0259rait yarad\u0131lmas\u0131ndan ibar\u0259tdir. Qeyd etm\u0259k olar ki, YUNESKO-nun Nizamnam\u0259sind\u0259 t\u0259\u015fkilat\u0131n m\u0259qs\u0259dl\u0259rind\u0259n biri kimi d\u00fcnya xalqlar\u0131 aras\u0131nda fikir v\u0259<br \/>\nbilikl\u0259rin yay\u0131lmas\u0131 v\u0259 bu m\u0259qs\u0259dl\u0259 beyn\u0259lxalq m\u00fcqavil\u0259l\u0259rin imzalanmas\u0131 qeyd olunur.<\/p>\n<p>Qeyd edim ki, Az\u0259rbaycan Respublikas\u0131 YUNESKO-nun bu g\u00fcn\u0259 q\u0259d\u0259r 10-dan \u00e7ox konvensiyas\u0131na qo\u015fulmu\u015fdur. Az\u0259rbaycan YUNESKO il\u0259 \u00e7ox geni\u015f \u0259m\u0259kda\u015fl\u0131q edir. Az\u0259rbaycanla YUNESKO aras\u0131nda bir \u00e7ox \u0259m\u0259kda\u015fl\u0131q sazi\u015fl\u0259ri imzalanm\u0131\u015f v\u0259 m\u00fch\u00fcm layih\u0259l\u0259r h\u0259yata ke\u00e7irilmi\u015fdir. Bu \u00e7ox \u00f6n\u0259mli layih\u0259l\u0259r \u00f6lk\u0259mizin birinci vitse-prezidenti, YUNESKO-nun xo\u015fm\u0259raml\u0131 s\u0259firi h\u00f6rm\u0259tli Mehriban xan\u0131m \u018fliyevan\u0131n r\u0259hb\u0259rliyi alt\u0131nda h\u0259yata ke\u00e7irilmi\u015fdir. H\u00f6rm\u0259tli Mehriban xan\u0131m\u0131n Az\u0259rbaycanla YUNESKO aras\u0131nda y\u00fcks\u0259k s\u0259viyy\u0259d\u0259 \u0259m\u0259kda\u015fl\u0131\u011f\u0131n qurulmas\u0131nda v\u0259 h\u0259yata ke\u00e7irilm\u0259sind\u0259 b\u00f6y\u00fck rolunu v\u0259 xidm\u0259tl\u0259rini x\u00fcsusi vur\u011fulamaq ist\u0259yir\u0259m.<\/p>\n<p>D\u0259y\u0259rli h\u0259mkarlar\u0131m, b\u00fct\u00fcn bunlar\u0131 n\u0259z\u0259r\u0259 alaraq sizi \u201cN\u0259\u015frl\u0259rin beyn\u0259lxalq m\u00fcbadil\u0259sin\u0259 dair\u201d Konvensiyan\u0131n t\u0259sdiq olunmas\u0131na s\u0259s verm\u0259y\u0259 \u00e7a\u011f\u0131r\u0131ram.\u201d Qeyd ed\u0259k ki mill\u0259t v\u0259kill\u0259ri s\u0259n\u0259di y\u00fcks\u0259k qiym\u0259tl\u0259ndiribl\u0259r v\u0259 Konvensiyan\u0131n t\u0259sdiq olunmas\u0131na s\u0259s veribl\u0259r.<\/p>\n<p>&nbsp;<\/p>\n<p><iframe loading=\"lazy\" src=\"https:\/\/www.youtube.com\/embed\/ftz6ExOcyKo\" width=\"300\" height=\"150\" allowfullscreen=\"allowfullscreen\" data-mce-fragment=\"1\"><\/iframe><\/p>\n<\/div>\n<div class=\"subs-in-social subs-facebook\">\n<div class=\"icon\">Musavat.com<\/div>\n<div class=\"subs-message\"><\/div>\n<\/div>\n","protected":false},"excerpt":{"rendered":"<p>\u201cN\u0259\u015frl\u0259rin beyn\u0259lxalq m\u00fcbadil\u0259sin\u0259 dair\u201d Konvensiyan\u0131n t\u0259sdiq edilm\u0259si haqq\u0131nda Az\u0259rbaycan Respublikas\u0131 qanun layih\u0259sini t\u0259qdim ed\u0259n M\u0259d\u0259niyy\u0259t Komit\u0259sinin s\u0259dri Q\u0259nir\u0259 Pa\u015fayeva bu s\u0259n\u0259din \u00f6lk\u0259miz \u00fc\u00e7\u00fcn vacib \u0259h\u0259miyy\u0259ti bar\u0259d\u0259 geni\u015f m\u0259lumatlar verib. ARANTV.AZ x\u0259v\u0259r verir ki, mill\u0259t v\u0259kili h\u0259mkarlar\u0131n\u0131 s\u0259s verm\u0259y\u0259 \u00e7a\u011f\u0131r\u0131b: \u201cN\u0259\u015frl\u0259rin beyn\u0259lxalq m\u00fcbadil\u0259sin\u0259 dair\u201d Konvensiya d\u00f6vl\u0259t ba\u015f\u00e7\u0131m\u0131z c\u0259nab \u0130lham \u018fliyev t\u0259r\u0259find\u0259n t\u0259sdiq olunmaq \u00fc\u00e7\u00fcn Az\u0259rbaycan Respublikas\u0131n\u0131n Milli M\u0259clisin\u0259 t\u0259qdim olunub. \u201cN\u0259\u015frl\u0259rin beyn\u0259lxalq m\u00fcbadil\u0259sin\u0259 dair\u201d Konvensiya 3 dekabr 1958-ci ild\u0259 Paris \u015f\u0259h\u0259rind\u0259 YUNESKO t\u0259r\u0259find\u0259n q\u0259bul edilmi\u015fdir. Konvensiya 23 noyabr 1961-ci ild\u0259 q\u00fcvv\u0259y\u0259 minmi\u015f art\u0131q 47 \u00f6lk\u0259 t\u0259r\u0259find\u0259n ratifikasiya edilmi\u015fdir. Konvensiyan\u0131n 14-c\u00fc madd\u0259sin\u0259&hellip;<\/p>\n","protected":false},"author":2,"featured_media":159901,"comment_status":"closed","ping_status":"closed","sticky":false,"template":"","format":"standard","meta":{"om_disable_all_campaigns":false,"_monsterinsights_skip_tracking":false,"_monsterinsights_sitenote_active":false,"_monsterinsights_sitenote_note":"","_monsterinsights_sitenote_category":0},"categories":[19],"tags":[],"aioseo_notices":[],"gutentor_comment":0,"rttpg_featured_image_url":{"full":["https:\/\/arantv.az\/wp-content\/uploads\/2020\/05\/2b31ede94446d2e5624d3f4d1dfc1685.jpg",450,300,false],"landscape":["https:\/\/arantv.az\/wp-content\/uploads\/2020\/05\/2b31ede94446d2e5624d3f4d1dfc1685.jpg",450,300,false],"portraits":["https:\/\/arantv.az\/wp-content\/uploads\/2020\/05\/2b31ede94446d2e5624d3f4d1dfc1685.jpg",450,300,false],"thumbnail":["https:\/\/arantv.az\/wp-content\/uploads\/2020\/05\/2b31ede94446d2e5624d3f4d1dfc1685-150x150.jpg",150,150,true],"medium":["https:\/\/arantv.az\/wp-content\/uploads\/2020\/05\/2b31ede94446d2e5624d3f4d1dfc1685-300x200.jpg",300,200,true],"large":["https:\/\/arantv.az\/wp-content\/uploads\/2020\/05\/2b31ede94446d2e5624d3f4d1dfc1685.jpg",450,300,false],"1536x1536":["https:\/\/arantv.az\/wp-content\/uploads\/2020\/05\/2b31ede94446d2e5624d3f4d1dfc1685.jpg",450,300,false],"2048x2048":["https:\/\/arantv.az\/wp-content\/uploads\/2020\/05\/2b31ede94446d2e5624d3f4d1dfc1685.jpg",450,300,false],"post-thumbnail":["https:\/\/arantv.az\/wp-content\/uploads\/2020\/05\/2b31ede94446d2e5624d3f4d1dfc1685-240x172.jpg",240,172,true],"advps-thumb-one":["https:\/\/arantv.az\/wp-content\/uploads\/2020\/05\/2b31ede94446d2e5624d3f4d1dfc1685.jpg",450,300,false]},"rttpg_author":{"display_name":"V\u00fcsal Rafiqo\u011flu","author_link":"https:\/\/arantv.az\/?author=2"},"rttpg_comment":0,"rttpg_category":"<a href=\"https:\/\/arantv.az\/?cat=19\" rel=\"category\">G\u00fcnd\u0259m<\/a>","rttpg_excerpt":"\u201cN\u0259\u015frl\u0259rin beyn\u0259lxalq m\u00fcbadil\u0259sin\u0259 dair\u201d Konvensiyan\u0131n t\u0259sdiq edilm\u0259si haqq\u0131nda Az\u0259rbaycan Respublikas\u0131 qanun layih\u0259sini t\u0259qdim ed\u0259n M\u0259d\u0259niyy\u0259t Komit\u0259sinin s\u0259dri Q\u0259nir\u0259 Pa\u015fayeva bu s\u0259n\u0259din \u00f6lk\u0259miz \u00fc\u00e7\u00fcn vacib \u0259h\u0259miyy\u0259ti bar\u0259d\u0259 geni\u015f m\u0259lumatlar verib. ARANTV.AZ x\u0259v\u0259r verir ki, mill\u0259t v\u0259kili h\u0259mkarlar\u0131n\u0131 s\u0259s verm\u0259y\u0259 \u00e7a\u011f\u0131r\u0131b: \u201cN\u0259\u015frl\u0259rin beyn\u0259lxalq m\u00fcbadil\u0259sin\u0259 dair\u201d Konvensiya d\u00f6vl\u0259t ba\u015f\u00e7\u0131m\u0131z c\u0259nab \u0130lham \u018fliyev t\u0259r\u0259find\u0259n t\u0259sdiq olunmaq \u00fc\u00e7\u00fcn Az\u0259rbaycan Respublikas\u0131n\u0131n&hellip;","_links":{"self":[{"href":"https:\/\/arantv.az\/index.php?rest_route=\/wp\/v2\/posts\/159896"}],"collection":[{"href":"https:\/\/arantv.az\/index.php?rest_route=\/wp\/v2\/posts"}],"about":[{"href":"https:\/\/arantv.az\/index.php?rest_route=\/wp\/v2\/types\/post"}],"author":[{"embeddable":true,"href":"https:\/\/arantv.az\/index.php?rest_route=\/wp\/v2\/users\/2"}],"replies":[{"embeddable":true,"href":"https:\/\/arantv.az\/index.php?rest_route=%2Fwp%2Fv2%2Fcomments&post=159896"}],"version-history":[{"count":0,"href":"https:\/\/arantv.az\/index.php?rest_route=\/wp\/v2\/posts\/159896\/revisions"}],"wp:featuredmedia":[{"embeddable":true,"href":"https:\/\/arantv.az\/index.php?rest_route=\/wp\/v2\/media\/159901"}],"wp:attachment":[{"href":"https:\/\/arantv.az\/index.php?rest_route=%2Fwp%2Fv2%2Fmedia&parent=159896"}],"wp:term":[{"taxonomy":"category","embeddable":true,"href":"https:\/\/arantv.az\/index.php?rest_route=%2Fwp%2Fv2%2Fcategories&post=159896"},{"taxonomy":"post_tag","embeddable":true,"href":"https:\/\/arantv.az\/index.php?rest_route=%2Fwp%2Fv2%2Ftags&post=159896"}],"curies":[{"name":"wp","href":"https:\/\/api.w.org\/{rel}","templated":true}]}}