{"id":159928,"date":"2020-05-05T22:10:38","date_gmt":"2020-05-05T19:10:38","guid":{"rendered":"http:\/\/arantv.az\/?p=159928"},"modified":"2020-05-05T22:10:38","modified_gmt":"2020-05-05T19:10:38","slug":"lombardlar-must%c9%99ril%c9%99r%c9%99-guz%c9%99stl%c9%99r-ed%c9%99c%c9%99k-video","status":"publish","type":"post","link":"https:\/\/arantv.az\/?p=159928","title":{"rendered":"Lombardlar m\u00fc\u015ft\u0259ril\u0259r\u0259 g\u00fcz\u0259\u015ftl\u0259r ed\u0259c\u0259k &#8211; V\u0130DEO"},"content":{"rendered":"<p>Nazirl\u0259r Kabineti yan\u0131nda Operativ Q\u0259rargah\u0131n q\u0259rar\u0131na g\u00f6r\u0259, \u00f6lk\u0259d\u0259 t\u0259tbiq olunan x\u00fcsusi karantin rejimi 31 may tarixin\u0259d\u0259k uzad\u0131lsa da, b\u0259zi m\u0259hdudla\u015fd\u0131rmalar aradan g\u00f6t\u00fcr\u00fcl\u00fcb. O c\u00fcml\u0259d\u0259n, q\u0131z\u0131l-g\u00fcm\u00fc\u015f d\u00fckanlar\u0131, elektronika ma\u011fazalar\u0131 v\u0259 lombardlar f\u0259aliyy\u0259tini b\u0259rpa edib.<\/p>\n<p>Baku TV-nin \u0259m\u0259kda\u015flar\u0131 paytaxtda f\u0259aliyy\u0259t g\u00f6st\u0259r\u0259n lombardlar\u0131n bir\u00a0ayl\u0131q fasil\u0259d\u0259n sonrak\u0131 i\u015fi il\u0259 maraqlan\u0131b.<\/p>\n<div id=\"AdviadNativeVideo0\" class=\"AdviadNativeVideo\"><\/div>\n<p>Bel\u0259 q\u0259na\u0259t\u0259 g\u0259lm\u0259k olar ki, lombardlar\u0131n f\u0259aliyy\u0259tind\u0259 h\u0259l\u0259 bir m\u00fcdd\u0259t dur\u011funluq m\u00fc\u015fahid\u0259 olunacaq.<\/p>\n<div><iframe loading=\"lazy\" src=\"https:\/\/player.baku.tv\/embed\/18153\" width=\"560\" height=\"315\" frameborder=\"0\" allowfullscreen=\"allowfullscreen\" data-mce-fragment=\"1\"><\/iframe><\/div>\n<p>&nbsp;<\/p>\n","protected":false},"excerpt":{"rendered":"<p>Nazirl\u0259r Kabineti yan\u0131nda Operativ Q\u0259rargah\u0131n q\u0259rar\u0131na g\u00f6r\u0259, \u00f6lk\u0259d\u0259 t\u0259tbiq olunan x\u00fcsusi karantin rejimi 31 may tarixin\u0259d\u0259k uzad\u0131lsa da, b\u0259zi m\u0259hdudla\u015fd\u0131rmalar aradan g\u00f6t\u00fcr\u00fcl\u00fcb. O c\u00fcml\u0259d\u0259n, q\u0131z\u0131l-g\u00fcm\u00fc\u015f d\u00fckanlar\u0131, elektronika ma\u011fazalar\u0131 v\u0259 lombardlar f\u0259aliyy\u0259tini b\u0259rpa edib. Baku TV-nin \u0259m\u0259kda\u015flar\u0131 paytaxtda f\u0259aliyy\u0259t g\u00f6st\u0259r\u0259n lombardlar\u0131n bir\u00a0ayl\u0131q fasil\u0259d\u0259n sonrak\u0131 i\u015fi il\u0259 maraqlan\u0131b. Bel\u0259 q\u0259na\u0259t\u0259 g\u0259lm\u0259k olar ki, lombardlar\u0131n f\u0259aliyy\u0259tind\u0259 h\u0259l\u0259 bir m\u00fcdd\u0259t dur\u011funluq m\u00fc\u015fahid\u0259 olunacaq. &nbsp;<\/p>\n","protected":false},"author":2,"featured_media":159932,"comment_status":"closed","ping_status":"closed","sticky":false,"template":"","format":"standard","meta":{"om_disable_all_campaigns":false,"_monsterinsights_skip_tracking":false,"_monsterinsights_sitenote_active":false,"_monsterinsights_sitenote_note":"","_monsterinsights_sitenote_category":0},"categories":[24],"tags":[],"aioseo_notices":[],"gutentor_comment":0,"rttpg_featured_image_url":{"full":["https:\/\/arantv.az\/wp-content\/uploads\/2020\/05\/lombard.jpg",620,326,false],"landscape":["https:\/\/arantv.az\/wp-content\/uploads\/2020\/05\/lombard.jpg",620,326,false],"portraits":["https:\/\/arantv.az\/wp-content\/uploads\/2020\/05\/lombard.jpg",620,326,false],"thumbnail":["https:\/\/arantv.az\/wp-content\/uploads\/2020\/05\/lombard-150x150.jpg",150,150,true],"medium":["https:\/\/arantv.az\/wp-content\/uploads\/2020\/05\/lombard-300x158.jpg",300,158,true],"large":["https:\/\/arantv.az\/wp-content\/uploads\/2020\/05\/lombard.jpg",620,326,false],"1536x1536":["https:\/\/arantv.az\/wp-content\/uploads\/2020\/05\/lombard.jpg",620,326,false],"2048x2048":["https:\/\/arantv.az\/wp-content\/uploads\/2020\/05\/lombard.jpg",620,326,false],"post-thumbnail":["https:\/\/arantv.az\/wp-content\/uploads\/2020\/05\/lombard-240x172.jpg",240,172,true],"advps-thumb-one":["https:\/\/arantv.az\/wp-content\/uploads\/2020\/05\/lombard.jpg",620,326,false]},"rttpg_author":{"display_name":"V\u00fcsal Rafiqo\u011flu","author_link":"https:\/\/arantv.az\/?author=2"},"rttpg_comment":0,"rttpg_category":"<a href=\"https:\/\/arantv.az\/?cat=24\" rel=\"category\">Maraql\u0131<\/a>","rttpg_excerpt":"Nazirl\u0259r Kabineti yan\u0131nda Operativ Q\u0259rargah\u0131n q\u0259rar\u0131na g\u00f6r\u0259, \u00f6lk\u0259d\u0259 t\u0259tbiq olunan x\u00fcsusi karantin rejimi 31 may tarixin\u0259d\u0259k uzad\u0131lsa da, b\u0259zi m\u0259hdudla\u015fd\u0131rmalar aradan g\u00f6t\u00fcr\u00fcl\u00fcb. O c\u00fcml\u0259d\u0259n, q\u0131z\u0131l-g\u00fcm\u00fc\u015f d\u00fckanlar\u0131, elektronika ma\u011fazalar\u0131 v\u0259 lombardlar f\u0259aliyy\u0259tini b\u0259rpa edib. Baku TV-nin \u0259m\u0259kda\u015flar\u0131 paytaxtda f\u0259aliyy\u0259t g\u00f6st\u0259r\u0259n lombardlar\u0131n bir\u00a0ayl\u0131q fasil\u0259d\u0259n sonrak\u0131 i\u015fi il\u0259 maraqlan\u0131b. Bel\u0259 q\u0259na\u0259t\u0259 g\u0259lm\u0259k olar ki, lombardlar\u0131n f\u0259aliyy\u0259tind\u0259 h\u0259l\u0259 bir&hellip;","_links":{"self":[{"href":"https:\/\/arantv.az\/index.php?rest_route=\/wp\/v2\/posts\/159928"}],"collection":[{"href":"https:\/\/arantv.az\/index.php?rest_route=\/wp\/v2\/posts"}],"about":[{"href":"https:\/\/arantv.az\/index.php?rest_route=\/wp\/v2\/types\/post"}],"author":[{"embeddable":true,"href":"https:\/\/arantv.az\/index.php?rest_route=\/wp\/v2\/users\/2"}],"replies":[{"embeddable":true,"href":"https:\/\/arantv.az\/index.php?rest_route=%2Fwp%2Fv2%2Fcomments&post=159928"}],"version-history":[{"count":0,"href":"https:\/\/arantv.az\/index.php?rest_route=\/wp\/v2\/posts\/159928\/revisions"}],"wp:featuredmedia":[{"embeddable":true,"href":"https:\/\/arantv.az\/index.php?rest_route=\/wp\/v2\/media\/159932"}],"wp:attachment":[{"href":"https:\/\/arantv.az\/index.php?rest_route=%2Fwp%2Fv2%2Fmedia&parent=159928"}],"wp:term":[{"taxonomy":"category","embeddable":true,"href":"https:\/\/arantv.az\/index.php?rest_route=%2Fwp%2Fv2%2Fcategories&post=159928"},{"taxonomy":"post_tag","embeddable":true,"href":"https:\/\/arantv.az\/index.php?rest_route=%2Fwp%2Fv2%2Ftags&post=159928"}],"curies":[{"name":"wp","href":"https:\/\/api.w.org\/{rel}","templated":true}]}}