{"id":159933,"date":"2020-05-05T22:12:22","date_gmt":"2020-05-05T19:12:22","guid":{"rendered":"http:\/\/arantv.az\/?p=159933"},"modified":"2020-05-05T22:12:22","modified_gmt":"2020-05-05T19:12:22","slug":"fransa-az%c9%99rbaycan-isguzar-surasinin-novb%c9%99ti-iclasi-keciril%c9%99c%c9%99k","status":"publish","type":"post","link":"https:\/\/arantv.az\/?p=159933","title":{"rendered":"Fransa-Az\u0259rbaycan i\u015fg\u00fczar \u015furas\u0131n\u0131n n\u00f6vb\u0259ti iclas\u0131 ke\u00e7iril\u0259c\u0259k"},"content":{"rendered":"<p>May\u0131n 12-d\u0259 \u0130xrac\u0131n v\u0259 \u0130nvestisiyalar\u0131n T\u0259\u015fviqi Fondu (AZPROMO) il\u0259 Fransa-Az\u0259rbaycan Ticar\u0259t v\u0259 S\u0259naye Palatas\u0131 birlikd\u0259 &#8220;MEDEF \u0130nternational&#8221; t\u0259\u015fkilat\u0131n\u0131n Fransa-Az\u0259rbaycan i\u015fg\u00fczar \u015furas\u0131n\u0131n n\u00f6vb\u0259ti iclas\u0131 ke\u00e7iril\u0259c\u0259k.<\/p>\n<p><strong>ARANTV.AZ<\/strong>\u00a0<a href=\"http:\/\/az.trend.az\/\" target=\"_blank\" rel=\"noopener\">Trend<\/a>-\u0259 istinad\u0259n bildirir ki,\u00a0vebinar format\u0131nda ke\u00e7iril\u0259c\u0259k t\u0259dbird\u0259 Az\u0259rbaycan\u0131n \u0130qtisadiyyat naziri Mikay\u0131l Cabbarov i\u015ftirak ed\u0259c\u0259k.<\/p>\n<p>G\u00f6r\u00fc\u015fd\u0259 Az\u0259rbaycanda koronavirusun iqtisadiyyata t\u0259sirini azaltmaq \u00fc\u00e7\u00fcn g\u00f6r\u00fcl\u0259n t\u0259dbirl\u0259r, h\u0259m\u00e7inin pandemiyan\u0131n investisiya layih\u0259l\u0259rin\u0259, insan resurslar\u0131n\u0131n idar\u0259 edilm\u0259sin\u0259 v\u0259 g\u00f6mr\u00fck prosedurlar\u0131na t\u0259siri m\u00fczakir\u0259 edil\u0259c\u0259k.<\/p>\n","protected":false},"excerpt":{"rendered":"<p>May\u0131n 12-d\u0259 \u0130xrac\u0131n v\u0259 \u0130nvestisiyalar\u0131n T\u0259\u015fviqi Fondu (AZPROMO) il\u0259 Fransa-Az\u0259rbaycan Ticar\u0259t v\u0259 S\u0259naye Palatas\u0131 birlikd\u0259 &#8220;MEDEF \u0130nternational&#8221; t\u0259\u015fkilat\u0131n\u0131n Fransa-Az\u0259rbaycan i\u015fg\u00fczar \u015furas\u0131n\u0131n n\u00f6vb\u0259ti iclas\u0131 ke\u00e7iril\u0259c\u0259k. ARANTV.AZ\u00a0Trend-\u0259 istinad\u0259n bildirir ki,\u00a0vebinar format\u0131nda ke\u00e7iril\u0259c\u0259k t\u0259dbird\u0259 Az\u0259rbaycan\u0131n \u0130qtisadiyyat naziri Mikay\u0131l Cabbarov i\u015ftirak ed\u0259c\u0259k. G\u00f6r\u00fc\u015fd\u0259 Az\u0259rbaycanda koronavirusun iqtisadiyyata t\u0259sirini azaltmaq \u00fc\u00e7\u00fcn g\u00f6r\u00fcl\u0259n t\u0259dbirl\u0259r, h\u0259m\u00e7inin pandemiyan\u0131n investisiya layih\u0259l\u0259rin\u0259, insan resurslar\u0131n\u0131n idar\u0259 edilm\u0259sin\u0259 v\u0259 g\u00f6mr\u00fck prosedurlar\u0131na t\u0259siri m\u00fczakir\u0259 edil\u0259c\u0259k.<\/p>\n","protected":false},"author":2,"featured_media":159936,"comment_status":"closed","ping_status":"closed","sticky":false,"template":"","format":"standard","meta":{"om_disable_all_campaigns":false,"_monsterinsights_skip_tracking":false,"_monsterinsights_sitenote_active":false,"_monsterinsights_sitenote_note":"","_monsterinsights_sitenote_category":0},"categories":[7],"tags":[],"aioseo_notices":[],"gutentor_comment":0,"rttpg_featured_image_url":{"full":["https:\/\/arantv.az\/wp-content\/uploads\/2020\/05\/74959060-67.jpg",800,600,false],"landscape":["https:\/\/arantv.az\/wp-content\/uploads\/2020\/05\/74959060-67.jpg",800,600,false],"portraits":["https:\/\/arantv.az\/wp-content\/uploads\/2020\/05\/74959060-67.jpg",800,600,false],"thumbnail":["https:\/\/arantv.az\/wp-content\/uploads\/2020\/05\/74959060-67-150x150.jpg",150,150,true],"medium":["https:\/\/arantv.az\/wp-content\/uploads\/2020\/05\/74959060-67-300x225.jpg",300,225,true],"large":["https:\/\/arantv.az\/wp-content\/uploads\/2020\/05\/74959060-67.jpg",640,480,false],"1536x1536":["https:\/\/arantv.az\/wp-content\/uploads\/2020\/05\/74959060-67.jpg",800,600,false],"2048x2048":["https:\/\/arantv.az\/wp-content\/uploads\/2020\/05\/74959060-67.jpg",800,600,false],"post-thumbnail":["https:\/\/arantv.az\/wp-content\/uploads\/2020\/05\/74959060-67-240x172.jpg",240,172,true],"advps-thumb-one":["https:\/\/arantv.az\/wp-content\/uploads\/2020\/05\/74959060-67.jpg",800,600,false]},"rttpg_author":{"display_name":"V\u00fcsal Rafiqo\u011flu","author_link":"https:\/\/arantv.az\/?author=2"},"rttpg_comment":0,"rttpg_category":"<a href=\"https:\/\/arantv.az\/?cat=7\" rel=\"category\">D\u00fcnya<\/a>","rttpg_excerpt":"May\u0131n 12-d\u0259 \u0130xrac\u0131n v\u0259 \u0130nvestisiyalar\u0131n T\u0259\u015fviqi Fondu (AZPROMO) il\u0259 Fransa-Az\u0259rbaycan Ticar\u0259t v\u0259 S\u0259naye Palatas\u0131 birlikd\u0259 &#8220;MEDEF \u0130nternational&#8221; t\u0259\u015fkilat\u0131n\u0131n Fransa-Az\u0259rbaycan i\u015fg\u00fczar \u015furas\u0131n\u0131n n\u00f6vb\u0259ti iclas\u0131 ke\u00e7iril\u0259c\u0259k. ARANTV.AZ\u00a0Trend-\u0259 istinad\u0259n bildirir ki,\u00a0vebinar format\u0131nda ke\u00e7iril\u0259c\u0259k t\u0259dbird\u0259 Az\u0259rbaycan\u0131n \u0130qtisadiyyat naziri Mikay\u0131l Cabbarov i\u015ftirak ed\u0259c\u0259k. G\u00f6r\u00fc\u015fd\u0259 Az\u0259rbaycanda koronavirusun iqtisadiyyata t\u0259sirini azaltmaq \u00fc\u00e7\u00fcn g\u00f6r\u00fcl\u0259n t\u0259dbirl\u0259r, h\u0259m\u00e7inin pandemiyan\u0131n investisiya layih\u0259l\u0259rin\u0259, insan resurslar\u0131n\u0131n idar\u0259 edilm\u0259sin\u0259&hellip;","_links":{"self":[{"href":"https:\/\/arantv.az\/index.php?rest_route=\/wp\/v2\/posts\/159933"}],"collection":[{"href":"https:\/\/arantv.az\/index.php?rest_route=\/wp\/v2\/posts"}],"about":[{"href":"https:\/\/arantv.az\/index.php?rest_route=\/wp\/v2\/types\/post"}],"author":[{"embeddable":true,"href":"https:\/\/arantv.az\/index.php?rest_route=\/wp\/v2\/users\/2"}],"replies":[{"embeddable":true,"href":"https:\/\/arantv.az\/index.php?rest_route=%2Fwp%2Fv2%2Fcomments&post=159933"}],"version-history":[{"count":0,"href":"https:\/\/arantv.az\/index.php?rest_route=\/wp\/v2\/posts\/159933\/revisions"}],"wp:featuredmedia":[{"embeddable":true,"href":"https:\/\/arantv.az\/index.php?rest_route=\/wp\/v2\/media\/159936"}],"wp:attachment":[{"href":"https:\/\/arantv.az\/index.php?rest_route=%2Fwp%2Fv2%2Fmedia&parent=159933"}],"wp:term":[{"taxonomy":"category","embeddable":true,"href":"https:\/\/arantv.az\/index.php?rest_route=%2Fwp%2Fv2%2Fcategories&post=159933"},{"taxonomy":"post_tag","embeddable":true,"href":"https:\/\/arantv.az\/index.php?rest_route=%2Fwp%2Fv2%2Ftags&post=159933"}],"curies":[{"name":"wp","href":"https:\/\/api.w.org\/{rel}","templated":true}]}}