{"id":159939,"date":"2020-05-05T22:30:40","date_gmt":"2020-05-05T19:30:40","guid":{"rendered":"http:\/\/arantv.az\/?p=159939"},"modified":"2020-05-05T22:30:40","modified_gmt":"2020-05-05T19:30:40","slug":"realin-sabiq-vitse-prezidenti-koronovirusdan-olub","status":"publish","type":"post","link":"https:\/\/arantv.az\/?p=159939","title":{"rendered":"\u201cReal\u201d\u0131n sabiq vitse-prezidenti koronovirusdan \u00f6l\u00fcb"},"content":{"rendered":"<p>\u0130spaniyan\u0131n &#8220;Real&#8221; klubunun sabiq vitse-prezidenti Amador Suares koronovirusdan \u00f6l\u00fcb.<\/p>\n<p><strong>ARANTV.AZ<\/strong> APA-ya istinad\u0259n x\u0259b\u0259r verir ki,\u00a0bunu Madrid t\u0259msil\u00e7isinin r\u0259smi sayt\u0131 a\u00e7\u0131qlay\u0131b.<\/p>\n<p>40 g\u00fcn bu x\u0259st\u0259likl\u0259 m\u00fcbariz\u0259 aparan Suares 76 ya\u015f\u0131nda d\u00fcnyas\u0131n\u0131 d\u0259yi\u015fib. 2006-c\u0131 ild\u0259 klubun direktoru t\u0259yin olunan funksioner bir il sonra vitse-prezident olub. Suares bu postda 2 il qal\u0131b.<\/p>\n<p>Qeyd ed\u0259k ki, iki ay \u0259vv\u0259l klubun sabiq prezidenti Lorenso Sans da koronovirusdan \u00f6l\u00fcb. 1995-2000-ci ill\u0259rd\u0259 kluba r\u0259hb\u0259rlik ed\u0259n bu \u015f\u0259xs d\u0259 76 ya\u015f\u0131nda v\u0259fat edib.<\/p>\n","protected":false},"excerpt":{"rendered":"<p>\u0130spaniyan\u0131n &#8220;Real&#8221; klubunun sabiq vitse-prezidenti Amador Suares koronovirusdan \u00f6l\u00fcb. ARANTV.AZ APA-ya istinad\u0259n x\u0259b\u0259r verir ki,\u00a0bunu Madrid t\u0259msil\u00e7isinin r\u0259smi sayt\u0131 a\u00e7\u0131qlay\u0131b. 40 g\u00fcn bu x\u0259st\u0259likl\u0259 m\u00fcbariz\u0259 aparan Suares 76 ya\u015f\u0131nda d\u00fcnyas\u0131n\u0131 d\u0259yi\u015fib. 2006-c\u0131 ild\u0259 klubun direktoru t\u0259yin olunan funksioner bir il sonra vitse-prezident olub. Suares bu postda 2 il qal\u0131b. Qeyd ed\u0259k ki, iki ay \u0259vv\u0259l klubun sabiq prezidenti Lorenso Sans da koronovirusdan \u00f6l\u00fcb. 1995-2000-ci ill\u0259rd\u0259 kluba r\u0259hb\u0259rlik ed\u0259n bu \u015f\u0259xs d\u0259 76 ya\u015f\u0131nda v\u0259fat edib.<\/p>\n","protected":false},"author":2,"featured_media":159944,"comment_status":"closed","ping_status":"closed","sticky":false,"template":"","format":"standard","meta":{"om_disable_all_campaigns":false,"_monsterinsights_skip_tracking":false,"_monsterinsights_sitenote_active":false,"_monsterinsights_sitenote_note":"","_monsterinsights_sitenote_category":0},"categories":[7],"tags":[],"aioseo_notices":[],"gutentor_comment":0,"rttpg_featured_image_url":{"full":["https:\/\/arantv.az\/wp-content\/uploads\/2020\/05\/389er89873fg.jpg",800,600,false],"landscape":["https:\/\/arantv.az\/wp-content\/uploads\/2020\/05\/389er89873fg.jpg",800,600,false],"portraits":["https:\/\/arantv.az\/wp-content\/uploads\/2020\/05\/389er89873fg.jpg",800,600,false],"thumbnail":["https:\/\/arantv.az\/wp-content\/uploads\/2020\/05\/389er89873fg-150x150.jpg",150,150,true],"medium":["https:\/\/arantv.az\/wp-content\/uploads\/2020\/05\/389er89873fg-300x225.jpg",300,225,true],"large":["https:\/\/arantv.az\/wp-content\/uploads\/2020\/05\/389er89873fg.jpg",640,480,false],"1536x1536":["https:\/\/arantv.az\/wp-content\/uploads\/2020\/05\/389er89873fg.jpg",800,600,false],"2048x2048":["https:\/\/arantv.az\/wp-content\/uploads\/2020\/05\/389er89873fg.jpg",800,600,false],"post-thumbnail":["https:\/\/arantv.az\/wp-content\/uploads\/2020\/05\/389er89873fg-240x172.jpg",240,172,true],"advps-thumb-one":["https:\/\/arantv.az\/wp-content\/uploads\/2020\/05\/389er89873fg.jpg",800,600,false]},"rttpg_author":{"display_name":"V\u00fcsal Rafiqo\u011flu","author_link":"https:\/\/arantv.az\/?author=2"},"rttpg_comment":0,"rttpg_category":"<a href=\"https:\/\/arantv.az\/?cat=7\" rel=\"category\">D\u00fcnya<\/a>","rttpg_excerpt":"\u0130spaniyan\u0131n &#8220;Real&#8221; klubunun sabiq vitse-prezidenti Amador Suares koronovirusdan \u00f6l\u00fcb. ARANTV.AZ APA-ya istinad\u0259n x\u0259b\u0259r verir ki,\u00a0bunu Madrid t\u0259msil\u00e7isinin r\u0259smi sayt\u0131 a\u00e7\u0131qlay\u0131b. 40 g\u00fcn bu x\u0259st\u0259likl\u0259 m\u00fcbariz\u0259 aparan Suares 76 ya\u015f\u0131nda d\u00fcnyas\u0131n\u0131 d\u0259yi\u015fib. 2006-c\u0131 ild\u0259 klubun direktoru t\u0259yin olunan funksioner bir il sonra vitse-prezident olub. Suares bu postda 2 il qal\u0131b. Qeyd ed\u0259k ki, iki ay \u0259vv\u0259l&hellip;","_links":{"self":[{"href":"https:\/\/arantv.az\/index.php?rest_route=\/wp\/v2\/posts\/159939"}],"collection":[{"href":"https:\/\/arantv.az\/index.php?rest_route=\/wp\/v2\/posts"}],"about":[{"href":"https:\/\/arantv.az\/index.php?rest_route=\/wp\/v2\/types\/post"}],"author":[{"embeddable":true,"href":"https:\/\/arantv.az\/index.php?rest_route=\/wp\/v2\/users\/2"}],"replies":[{"embeddable":true,"href":"https:\/\/arantv.az\/index.php?rest_route=%2Fwp%2Fv2%2Fcomments&post=159939"}],"version-history":[{"count":0,"href":"https:\/\/arantv.az\/index.php?rest_route=\/wp\/v2\/posts\/159939\/revisions"}],"wp:featuredmedia":[{"embeddable":true,"href":"https:\/\/arantv.az\/index.php?rest_route=\/wp\/v2\/media\/159944"}],"wp:attachment":[{"href":"https:\/\/arantv.az\/index.php?rest_route=%2Fwp%2Fv2%2Fmedia&parent=159939"}],"wp:term":[{"taxonomy":"category","embeddable":true,"href":"https:\/\/arantv.az\/index.php?rest_route=%2Fwp%2Fv2%2Fcategories&post=159939"},{"taxonomy":"post_tag","embeddable":true,"href":"https:\/\/arantv.az\/index.php?rest_route=%2Fwp%2Fv2%2Ftags&post=159939"}],"curies":[{"name":"wp","href":"https:\/\/api.w.org\/{rel}","templated":true}]}}