{"id":159945,"date":"2020-05-05T22:34:57","date_gmt":"2020-05-05T19:34:57","guid":{"rendered":"http:\/\/arantv.az\/?p=159945"},"modified":"2020-05-05T22:34:57","modified_gmt":"2020-05-05T19:34:57","slug":"goycay-sakininin-h%c9%99y%c9%99tin%c9%99-nadir-%c9%99babil-qusu-dusub-foto","status":"publish","type":"post","link":"https:\/\/arantv.az\/?p=159945","title":{"rendered":"G\u00f6y\u00e7ay sakininin h\u0259y\u0259tin\u0259 nadir \u018fbabil qu\u015fu d\u00fc\u015f\u00fcb &#8211; FOTO"},"content":{"rendered":"<div class=\"news-content\">\n<div>\n<p>G\u00f6y\u00e7ayda nadir hallarda g\u00f6r\u00fcn\u0259n v\u0259 Yer \u00fcz\u0259rin\u0259 en\u0259n \u018fbabil qu\u015funa rast g\u0259linib. APA-n\u0131n yerli b\u00fcrosunun x\u0259b\u0259rin\u0259 g\u00f6r\u0259 bu qu\u015f rayon sakini S\u0259id \u0130smay\u0131lovun h\u0259y\u0259tin\u0259 d\u00fc\u015f\u00fcb. Ev sahibinin s\u00f6zl\u0259rin\u0259 g\u00f6r\u0259, h\u0259y\u0259t\u0259 d\u00fc\u015f\u0259n qu\u015fu ilk d\u0259f\u0259 g\u00f6rd\u00fcy\u00fc \u00fc\u00e7\u00fcn tan\u0131mad\u0131\u011f\u0131n\u0131 bildirib. Ara\u015fd\u0131rmalar zaman\u0131 bu canl\u0131n\u0131n \u018fbabil qu\u015fu oldu\u011fu m\u0259lub olub.<\/p>\n<p>S\u0259id \u0130smay\u0131lov h\u0259y\u0259tind\u0259 ba\u015fqa n\u00f6v qu\u015flar b\u0259sl\u0259diyi \u00fc\u00e7\u00fcn tapd\u0131\u011f\u0131 \u018fbabil qu\u015funa da b\u00f6y\u00fck maraqla yana\u015f\u0131r. Ona qidalanmaq \u00fc\u00e7\u00fcn laz\u0131m olan yem v\u0259 \u0259t verir.<\/p>\n<p>S\u0259id \u0130smay\u0131lov bu qu\u015fu bir ne\u00e7\u0259 g\u00fcn saxlad\u0131qdan sonra onu s\u0259maya buraxaca\u011f\u0131n\u0131 bildirib.<\/p>\n<p>Qeyd ed\u0259k ki, \u018fbabil qu\u015flar\u0131 bar\u0259d\u0259 Qurani-K\u0259rimin 5 ay\u0259d\u0259n ibar\u0259t olan \u201cFil\u201d sur\u0259sind\u0259, y\u0259ni 105-ci sur\u0259d\u0259 s\u00f6hb\u0259t a\u00e7\u0131l\u0131r. Y\u0259m\u0259n h\u00f6kmdar\u0131 \u018fbr\u0259h\u0259 d\u00f6y\u00fc\u015f fill\u0259ri il\u0259 birlikd\u0259 K\u0259b\u0259ni da\u011f\u0131tmaq \u00fc\u00e7\u00fcn M\u0259kk\u0259 \u00fcz\u0259rin\u0259 h\u00fccum ed\u0259nd\u0259 Allah\u0131n \u0259mri il\u0259 bir d\u0259st\u0259 \u018fbabil qu\u015fu Q\u0131rm\u0131z\u0131 d\u0259niz t\u0259r\u0259fd\u0259n u\u00e7ub g\u0259lir. Onlar\u0131n h\u0259r biri dimdiyind\u0259 v\u0259 iki cayna\u011f\u0131nda bi\u015fmi\u015f gild\u0259n d\u00fcz\u0259lmi\u015f x\u0131rda da\u015f tutmu\u015fdular. Qu\u015flar\u0131n atd\u0131qlar\u0131 da\u015flar d\u00f6y\u00fc\u015f\u00e7\u00fcl\u0259rin b\u0259d\u0259nind\u0259 yara \u0259m\u0259l\u0259 g\u0259tir\u0259r\u0259k tezlikl\u0259 onlar\u0131n \u00f6l\u00fcm\u00fcn\u0259 s\u0259b\u0259b olur. \u201cFil\u201d sur\u0259sind\u0259 h\u0259min hadis\u0259 bar\u0259d\u0259 m\u0259lumat verilib.<\/p>\n<p><img src=\"https:\/\/ww.apa.az\/upload\/news\/2020\/may\/05\/big\/1588697377326_7Y9xdL1f.jpeg\" \/><\/p>\n<p><img src=\"https:\/\/ww.apa.az\/upload\/news\/2020\/may\/05\/big\/1588697376189_gjQrEKIh.jpeg\" \/><\/p>\n<\/div>\n<\/div>\n<div class=\"subs-in-social subs-telegram\">\n<div class=\"subs-message\"><\/div>\n<\/div>\n","protected":false},"excerpt":{"rendered":"<p>G\u00f6y\u00e7ayda nadir hallarda g\u00f6r\u00fcn\u0259n v\u0259 Yer \u00fcz\u0259rin\u0259 en\u0259n \u018fbabil qu\u015funa rast g\u0259linib. APA-n\u0131n yerli b\u00fcrosunun x\u0259b\u0259rin\u0259 g\u00f6r\u0259 bu qu\u015f rayon sakini S\u0259id \u0130smay\u0131lovun h\u0259y\u0259tin\u0259 d\u00fc\u015f\u00fcb. Ev sahibinin s\u00f6zl\u0259rin\u0259 g\u00f6r\u0259, h\u0259y\u0259t\u0259 d\u00fc\u015f\u0259n qu\u015fu ilk d\u0259f\u0259 g\u00f6rd\u00fcy\u00fc \u00fc\u00e7\u00fcn tan\u0131mad\u0131\u011f\u0131n\u0131 bildirib. Ara\u015fd\u0131rmalar zaman\u0131 bu canl\u0131n\u0131n \u018fbabil qu\u015fu oldu\u011fu m\u0259lub olub. S\u0259id \u0130smay\u0131lov h\u0259y\u0259tind\u0259 ba\u015fqa n\u00f6v qu\u015flar b\u0259sl\u0259diyi \u00fc\u00e7\u00fcn tapd\u0131\u011f\u0131 \u018fbabil qu\u015funa da b\u00f6y\u00fck maraqla yana\u015f\u0131r. Ona qidalanmaq \u00fc\u00e7\u00fcn laz\u0131m olan yem v\u0259 \u0259t verir. S\u0259id \u0130smay\u0131lov bu qu\u015fu bir ne\u00e7\u0259 g\u00fcn saxlad\u0131qdan sonra onu s\u0259maya buraxaca\u011f\u0131n\u0131 bildirib. Qeyd ed\u0259k ki, \u018fbabil qu\u015flar\u0131 bar\u0259d\u0259&hellip;<\/p>\n","protected":false},"author":2,"featured_media":159957,"comment_status":"closed","ping_status":"closed","sticky":false,"template":"","format":"standard","meta":{"om_disable_all_campaigns":false,"_monsterinsights_skip_tracking":false,"_monsterinsights_sitenote_active":false,"_monsterinsights_sitenote_note":"","_monsterinsights_sitenote_category":0},"categories":[2],"tags":[],"aioseo_notices":[],"gutentor_comment":0,"rttpg_featured_image_url":{"full":["https:\/\/arantv.az\/wp-content\/uploads\/2020\/05\/d634628637b9cf1e4c5e2ff4796649a3.jpg",450,300,false],"landscape":["https:\/\/arantv.az\/wp-content\/uploads\/2020\/05\/d634628637b9cf1e4c5e2ff4796649a3.jpg",450,300,false],"portraits":["https:\/\/arantv.az\/wp-content\/uploads\/2020\/05\/d634628637b9cf1e4c5e2ff4796649a3.jpg",450,300,false],"thumbnail":["https:\/\/arantv.az\/wp-content\/uploads\/2020\/05\/d634628637b9cf1e4c5e2ff4796649a3-150x150.jpg",150,150,true],"medium":["https:\/\/arantv.az\/wp-content\/uploads\/2020\/05\/d634628637b9cf1e4c5e2ff4796649a3-300x200.jpg",300,200,true],"large":["https:\/\/arantv.az\/wp-content\/uploads\/2020\/05\/d634628637b9cf1e4c5e2ff4796649a3.jpg",450,300,false],"1536x1536":["https:\/\/arantv.az\/wp-content\/uploads\/2020\/05\/d634628637b9cf1e4c5e2ff4796649a3.jpg",450,300,false],"2048x2048":["https:\/\/arantv.az\/wp-content\/uploads\/2020\/05\/d634628637b9cf1e4c5e2ff4796649a3.jpg",450,300,false],"post-thumbnail":["https:\/\/arantv.az\/wp-content\/uploads\/2020\/05\/d634628637b9cf1e4c5e2ff4796649a3-240x172.jpg",240,172,true],"advps-thumb-one":["https:\/\/arantv.az\/wp-content\/uploads\/2020\/05\/d634628637b9cf1e4c5e2ff4796649a3.jpg",450,300,false]},"rttpg_author":{"display_name":"V\u00fcsal Rafiqo\u011flu","author_link":"https:\/\/arantv.az\/?author=2"},"rttpg_comment":0,"rttpg_category":"<a href=\"https:\/\/arantv.az\/?cat=2\" rel=\"category\">Region X\u0259b\u0259rl\u0259ri<\/a>","rttpg_excerpt":"G\u00f6y\u00e7ayda nadir hallarda g\u00f6r\u00fcn\u0259n v\u0259 Yer \u00fcz\u0259rin\u0259 en\u0259n \u018fbabil qu\u015funa rast g\u0259linib. APA-n\u0131n yerli b\u00fcrosunun x\u0259b\u0259rin\u0259 g\u00f6r\u0259 bu qu\u015f rayon sakini S\u0259id \u0130smay\u0131lovun h\u0259y\u0259tin\u0259 d\u00fc\u015f\u00fcb. Ev sahibinin s\u00f6zl\u0259rin\u0259 g\u00f6r\u0259, h\u0259y\u0259t\u0259 d\u00fc\u015f\u0259n qu\u015fu ilk d\u0259f\u0259 g\u00f6rd\u00fcy\u00fc \u00fc\u00e7\u00fcn tan\u0131mad\u0131\u011f\u0131n\u0131 bildirib. Ara\u015fd\u0131rmalar zaman\u0131 bu canl\u0131n\u0131n \u018fbabil qu\u015fu oldu\u011fu m\u0259lub olub. S\u0259id \u0130smay\u0131lov h\u0259y\u0259tind\u0259 ba\u015fqa n\u00f6v qu\u015flar b\u0259sl\u0259diyi \u00fc\u00e7\u00fcn&hellip;","_links":{"self":[{"href":"https:\/\/arantv.az\/index.php?rest_route=\/wp\/v2\/posts\/159945"}],"collection":[{"href":"https:\/\/arantv.az\/index.php?rest_route=\/wp\/v2\/posts"}],"about":[{"href":"https:\/\/arantv.az\/index.php?rest_route=\/wp\/v2\/types\/post"}],"author":[{"embeddable":true,"href":"https:\/\/arantv.az\/index.php?rest_route=\/wp\/v2\/users\/2"}],"replies":[{"embeddable":true,"href":"https:\/\/arantv.az\/index.php?rest_route=%2Fwp%2Fv2%2Fcomments&post=159945"}],"version-history":[{"count":0,"href":"https:\/\/arantv.az\/index.php?rest_route=\/wp\/v2\/posts\/159945\/revisions"}],"wp:featuredmedia":[{"embeddable":true,"href":"https:\/\/arantv.az\/index.php?rest_route=\/wp\/v2\/media\/159957"}],"wp:attachment":[{"href":"https:\/\/arantv.az\/index.php?rest_route=%2Fwp%2Fv2%2Fmedia&parent=159945"}],"wp:term":[{"taxonomy":"category","embeddable":true,"href":"https:\/\/arantv.az\/index.php?rest_route=%2Fwp%2Fv2%2Fcategories&post=159945"},{"taxonomy":"post_tag","embeddable":true,"href":"https:\/\/arantv.az\/index.php?rest_route=%2Fwp%2Fv2%2Ftags&post=159945"}],"curies":[{"name":"wp","href":"https:\/\/api.w.org\/{rel}","templated":true}]}}