{"id":159952,"date":"2020-05-05T22:33:58","date_gmt":"2020-05-05T19:33:58","guid":{"rendered":"http:\/\/arantv.az\/?p=159952"},"modified":"2020-05-05T22:33:58","modified_gmt":"2020-05-05T19:33:58","slug":"h%c9%99s%c9%99n-rust%c9%99mzad-astara-astara-magistral-yolunun-tikintisini-h%c9%99yata-kecir%c9%99c%c9%99k-podratci-sirk%c9%99t-mu%c9%99yy%c9%99nl%c9%99sib","status":"publish","type":"post","link":"https:\/\/arantv.az\/?p=159952","title":{"rendered":"H\u0259s\u0259n R\u00fcst\u0259mzad: &#8220;Astara &#8211; Astara magistral yolunun tikintisini h\u0259yata ke\u00e7ir\u0259c\u0259k podrat\u00e7\u0131 \u015firk\u0259t m\u00fc\u0259yy\u0259nl\u0259\u015fib&#8221;"},"content":{"rendered":"<p>Ticar\u0259t d\u00f6vriyy\u0259sini art\u0131rmaq m\u0259qs\u0259dil\u0259 \u0130ran\u0131n Astara inzibati \u0259razisi il\u0259 Az\u0259rbaycan\u0131n Astara rayonu aras\u0131nda tranzit magistral yolu tikil\u0259c\u0259k.<\/p>\n<p>APA-n\u0131n Tehran b\u00fcrosunun m\u0259lumat\u0131na g\u00f6r\u0259, bunu \u0130ran\u0131n Astara \u015f\u0259h\u0259rinin ba\u015f\u00e7\u0131s\u0131 H\u0259s\u0259n R\u00fcst\u0259mzad bu g\u00fcn Astara-Astara d\u0259mir yolu x\u0259ttinin yax\u0131nl\u0131\u011f\u0131nda \u00e7\u0259kil\u0259c\u0259k magistral yolun haz\u0131rl\u0131q i\u015fl\u0259rin\u0259 bax\u0131\u015f ke\u00e7ir\u0259rk\u0259n deyib.<\/p>\n<p>O bildirib ki, bu magistral yol Az\u0259rbaycan v\u0259 \u0130ran aras\u0131nda m\u00f6vcud olan d\u0259mir yolu x\u0259ttinin k\u0259nar\u0131nda \u00e7\u0259kil\u0259c\u0259k. &#8220;Yolun tikintisi il\u0259 iki \u00f6lk\u0259 aras\u0131nda y\u00fck da\u015f\u0131malar\u0131 v\u0259 ticar\u0259t d\u00f6vriyy\u0259si art\u0131r\u0131lacaq. Az\u0259rbaycan \u00f6z magistral yolunu \u0130ran s\u0259rh\u0259din\u0259 kimi \u00e7\u0259kib. \u0130ran daxilind\u0259 d\u0259 yol y\u00fck terminal\u0131na kimi \u00e7\u0259kil\u0259c\u0259k. Bel\u0259likl\u0259, y\u00fck ma\u015f\u0131nlar\u0131n\u0131n gedi\u015f-g\u0259li\u015fi daha da asanla\u015facaq&#8221;.<\/p>\n<p>Onun s\u00f6zl\u0259rin\u0259 g\u00f6r\u0259, Astara &#8211; Astara magistral yolunun tikintisini h\u0259yata ke\u00e7ir\u0259c\u0259k podrat\u00e7\u0131 \u015firk\u0259t m\u00fc\u0259yy\u0259nl\u0259\u015fib: &#8220;Yax\u0131n zamanlarda bu magistral yolun tikintisi \u00fc\u00e7\u00fcn t\u0259m\u0259lqoyma m\u0259rasimi ke\u00e7iril\u0259c\u0259k&#8221;.<\/p>\n<p>O qeyd edib ki, haz\u0131rda \u0130ran Astaras\u0131n\u0131n Az\u0259rbaycanla d\u0259niz, quru v\u0259 d\u0259mir yolu vasit\u0259si il\u0259 \u0259laq\u0259si m\u00f6vcuddur.<\/p>\n<p>H.R\u00fcst\u0259mzad deyib ki, haz\u0131rda \u018frd\u0259bil &#8211; Astara (\u0130ran) magistral yolunun geni\u015fl\u0259ndirilm\u0259si layih\u0259si icra olunur: &#8220;Bu yolun geni\u015fl\u0259ndirilm\u0259si il\u0259 \u0130ran\u0131n \u015fimal q\u0259rbind\u0259 y\u00fckda\u015f\u0131malar\u0131 artacaq v\u0259 yol n\u0259qliyyat hadis\u0259l\u0259rinin azalmas\u0131na s\u0259b\u0259b olacaq.<\/p>\n","protected":false},"excerpt":{"rendered":"<p>Ticar\u0259t d\u00f6vriyy\u0259sini art\u0131rmaq m\u0259qs\u0259dil\u0259 \u0130ran\u0131n Astara inzibati \u0259razisi il\u0259 Az\u0259rbaycan\u0131n Astara rayonu aras\u0131nda tranzit magistral yolu tikil\u0259c\u0259k. APA-n\u0131n Tehran b\u00fcrosunun m\u0259lumat\u0131na g\u00f6r\u0259, bunu \u0130ran\u0131n Astara \u015f\u0259h\u0259rinin ba\u015f\u00e7\u0131s\u0131 H\u0259s\u0259n R\u00fcst\u0259mzad bu g\u00fcn Astara-Astara d\u0259mir yolu x\u0259ttinin yax\u0131nl\u0131\u011f\u0131nda \u00e7\u0259kil\u0259c\u0259k magistral yolun haz\u0131rl\u0131q i\u015fl\u0259rin\u0259 bax\u0131\u015f ke\u00e7ir\u0259rk\u0259n deyib. O bildirib ki, bu magistral yol Az\u0259rbaycan v\u0259 \u0130ran aras\u0131nda m\u00f6vcud olan d\u0259mir yolu x\u0259ttinin k\u0259nar\u0131nda \u00e7\u0259kil\u0259c\u0259k. &#8220;Yolun tikintisi il\u0259 iki \u00f6lk\u0259 aras\u0131nda y\u00fck da\u015f\u0131malar\u0131 v\u0259 ticar\u0259t d\u00f6vriyy\u0259si art\u0131r\u0131lacaq. Az\u0259rbaycan \u00f6z magistral yolunu \u0130ran s\u0259rh\u0259din\u0259 kimi \u00e7\u0259kib. \u0130ran daxilind\u0259 d\u0259 yol y\u00fck terminal\u0131na kimi \u00e7\u0259kil\u0259c\u0259k. Bel\u0259likl\u0259,&hellip;<\/p>\n","protected":false},"author":2,"featured_media":159953,"comment_status":"closed","ping_status":"closed","sticky":false,"template":"","format":"standard","meta":{"om_disable_all_campaigns":false,"_monsterinsights_skip_tracking":false,"_monsterinsights_sitenote_active":false,"_monsterinsights_sitenote_note":"","_monsterinsights_sitenote_category":0},"categories":[4],"tags":[],"aioseo_notices":[],"gutentor_comment":0,"rttpg_featured_image_url":{"full":["https:\/\/arantv.az\/wp-content\/uploads\/2020\/05\/a0945c8330cb6b224c03a7fed49a021a.jpg",450,300,false],"landscape":["https:\/\/arantv.az\/wp-content\/uploads\/2020\/05\/a0945c8330cb6b224c03a7fed49a021a.jpg",450,300,false],"portraits":["https:\/\/arantv.az\/wp-content\/uploads\/2020\/05\/a0945c8330cb6b224c03a7fed49a021a.jpg",450,300,false],"thumbnail":["https:\/\/arantv.az\/wp-content\/uploads\/2020\/05\/a0945c8330cb6b224c03a7fed49a021a-150x150.jpg",150,150,true],"medium":["https:\/\/arantv.az\/wp-content\/uploads\/2020\/05\/a0945c8330cb6b224c03a7fed49a021a-300x200.jpg",300,200,true],"large":["https:\/\/arantv.az\/wp-content\/uploads\/2020\/05\/a0945c8330cb6b224c03a7fed49a021a.jpg",450,300,false],"1536x1536":["https:\/\/arantv.az\/wp-content\/uploads\/2020\/05\/a0945c8330cb6b224c03a7fed49a021a.jpg",450,300,false],"2048x2048":["https:\/\/arantv.az\/wp-content\/uploads\/2020\/05\/a0945c8330cb6b224c03a7fed49a021a.jpg",450,300,false],"post-thumbnail":["https:\/\/arantv.az\/wp-content\/uploads\/2020\/05\/a0945c8330cb6b224c03a7fed49a021a-240x172.jpg",240,172,true],"advps-thumb-one":["https:\/\/arantv.az\/wp-content\/uploads\/2020\/05\/a0945c8330cb6b224c03a7fed49a021a.jpg",450,300,false]},"rttpg_author":{"display_name":"V\u00fcsal Rafiqo\u011flu","author_link":"https:\/\/arantv.az\/?author=2"},"rttpg_comment":0,"rttpg_category":"<a href=\"https:\/\/arantv.az\/?cat=4\" rel=\"category\">Siyas\u0259t<\/a>","rttpg_excerpt":"Ticar\u0259t d\u00f6vriyy\u0259sini art\u0131rmaq m\u0259qs\u0259dil\u0259 \u0130ran\u0131n Astara inzibati \u0259razisi il\u0259 Az\u0259rbaycan\u0131n Astara rayonu aras\u0131nda tranzit magistral yolu tikil\u0259c\u0259k. APA-n\u0131n Tehran b\u00fcrosunun m\u0259lumat\u0131na g\u00f6r\u0259, bunu \u0130ran\u0131n Astara \u015f\u0259h\u0259rinin ba\u015f\u00e7\u0131s\u0131 H\u0259s\u0259n R\u00fcst\u0259mzad bu g\u00fcn Astara-Astara d\u0259mir yolu x\u0259ttinin yax\u0131nl\u0131\u011f\u0131nda \u00e7\u0259kil\u0259c\u0259k magistral yolun haz\u0131rl\u0131q i\u015fl\u0259rin\u0259 bax\u0131\u015f ke\u00e7ir\u0259rk\u0259n deyib. O bildirib ki, bu magistral yol Az\u0259rbaycan v\u0259 \u0130ran aras\u0131nda m\u00f6vcud&hellip;","_links":{"self":[{"href":"https:\/\/arantv.az\/index.php?rest_route=\/wp\/v2\/posts\/159952"}],"collection":[{"href":"https:\/\/arantv.az\/index.php?rest_route=\/wp\/v2\/posts"}],"about":[{"href":"https:\/\/arantv.az\/index.php?rest_route=\/wp\/v2\/types\/post"}],"author":[{"embeddable":true,"href":"https:\/\/arantv.az\/index.php?rest_route=\/wp\/v2\/users\/2"}],"replies":[{"embeddable":true,"href":"https:\/\/arantv.az\/index.php?rest_route=%2Fwp%2Fv2%2Fcomments&post=159952"}],"version-history":[{"count":0,"href":"https:\/\/arantv.az\/index.php?rest_route=\/wp\/v2\/posts\/159952\/revisions"}],"wp:featuredmedia":[{"embeddable":true,"href":"https:\/\/arantv.az\/index.php?rest_route=\/wp\/v2\/media\/159953"}],"wp:attachment":[{"href":"https:\/\/arantv.az\/index.php?rest_route=%2Fwp%2Fv2%2Fmedia&parent=159952"}],"wp:term":[{"taxonomy":"category","embeddable":true,"href":"https:\/\/arantv.az\/index.php?rest_route=%2Fwp%2Fv2%2Fcategories&post=159952"},{"taxonomy":"post_tag","embeddable":true,"href":"https:\/\/arantv.az\/index.php?rest_route=%2Fwp%2Fv2%2Ftags&post=159952"}],"curies":[{"name":"wp","href":"https:\/\/api.w.org\/{rel}","templated":true}]}}