{"id":160064,"date":"2020-05-06T08:52:33","date_gmt":"2020-05-06T05:52:33","guid":{"rendered":"http:\/\/arantv.az\/?p=160064"},"modified":"2020-05-06T08:52:33","modified_gmt":"2020-05-06T05:52:33","slug":"600-min-n%c9%99f%c9%99r%c9%99-190-manatin-od%c9%99nilm%c9%99si-yekunlasdi","status":"publish","type":"post","link":"https:\/\/arantv.az\/?p=160064","title":{"rendered":"600 min n\u0259f\u0259r\u0259 190 manat\u0131n \u00f6d\u0259nilm\u0259si yekunla\u015fd\u0131"},"content":{"rendered":"<p><strong>\u0130\u015fsizl\u0259rd\u0259n v\u0259 x\u00fcsusi karantin rejimin\u0259 g\u00f6r\u0259 i\u015fini itir\u0259n qeyri-formal m\u0259\u015f\u011ful \u015f\u0259xsl\u0259rd\u0259n ibar\u0259t azt\u0259minatl\u0131lardandaha 100 min azt\u0259minatl\u0131 \u00fc\u00e7\u00fcn bird\u0259f\u0259lik v\u0259sait (190 manat) k\u00f6\u00e7\u00fcr\u00fcl\u00fcb.<\/strong><\/p>\n<p>Bu bar\u0259d\u0259\u00a0Publika.az-a \u018fm\u0259k v\u0259 \u018fhalinin Sosial M\u00fcdafi\u0259si Nazirliyind\u0259n m\u0259lumat verilib.<\/p>\n<p>Bununla da pandemiya il\u0259 \u0259laq\u0259dar m\u00fch\u00fcm sosial d\u0259st\u0259k proqramlar\u0131ndan biri olan bird\u0259f\u0259lik \u00f6d\u0259m\u0259 proqram\u0131 \u00fczr\u0259 600 min \u015f\u0259xsin m\u00fc\u0259yy\u0259n edilm\u0259si v\u0259 onlara aprel ay\u0131na dair \u00f6d\u0259ni\u015fl\u0259rin olunmas\u0131 prosesi yekunla\u015f\u0131b.<\/p>\n<p>Prezident \u0130lham \u018fliyevin tap\u015f\u0131r\u0131\u011f\u0131na \u0259sas\u0259n bird\u0259f\u0259lik \u00f6d\u0259m\u0259 proqram\u0131n\u0131n \u0259hat\u0259 dair\u0259si 3 d\u0259f\u0259 art\u0131r\u0131lmaqla, bird\u0259f\u0259lik \u00f6d\u0259m\u0259 veril\u0259nl\u0259rin say\u0131 200 mind\u0259n 600 min \u00e7atd\u0131r\u0131l\u0131b. \u018fm\u0259k v\u0259 \u018fhalinin Sosial M\u00fcdafi\u0259si Nazirliyi t\u0259r\u0259find\u0259n aprelin 9-dan \u00f6d\u0259ni\u015f prosesi h\u0259yata ke\u00e7irilib. Onlar g\u00f6nd\u0259ril\u0259n SMS-l\u0259rd\u0259 g\u00f6st\u0259rildiyi qaydada po\u00e7t \u015f\u00f6b\u0259l\u0259rind\u0259n v\u0259 ya bank fililallar\u0131ndan v\u0259saitl\u0259rini al\u0131blar.<\/p>\n<p>May ay\u0131na dair bird\u0259f\u0259lik \u00f6d\u0259ni\u015fl\u0259ri is\u0259 h\u0259min v\u0259t\u0259nda\u015flar bank kartlar\u0131 vasit\u0259sil\u0259 alacaqlar. Nazirliyi sifari\u015fi il\u0259 haz\u0131rlanan kartlar banklar t\u0259r\u0259find\u0259n haz\u0131rda onlara t\u0259dim edilir.<\/p>\n<p><img loading=\"lazy\" src=\"https:\/\/publika.az\/storage\/2020\/05\/06\/1b9fa1c7-18e8-424b-ba97-e11632f6ae99.jpg\" alt=\"\" width=\"700\" height=\"698\" \/><\/p>\n<p>Dig\u0259r sosial m\u00fcdafi\u0259 v\u0259 aktiv m\u0259\u015f\u011fulluq t\u0259dbirl\u0259rind\u0259 oldu\u011fu kimi, Nazirlik bu sah\u0259d\u0259 d\u0259 \u015f\u0259ffafl\u0131q v\u0259 ictimai a\u00e7\u0131ql\u0131q prinsipini r\u0259hb\u0259r tutur. Bu m\u0259qs\u0259dl\u0259, bird\u0259f\u0259lik \u00f6d\u0259ni\u015f edilmi\u015f 600 min \u015f\u0259xsin siyah\u0131s\u0131n\u0131 da Nazirlik r\u0259smi sayt\u0131nda yerl\u0259\u015fdirib. (<a href=\"http:\/\/sosial.gov.az\/FWsiyah%C4%B1s%C4%B1\/Siyahi600.pdf\" target=\"_blank\" rel=\"noopener\">http:\/\/sosial.gov.az\/FWsiyah%C4%B1s%C4%B1\/Siyahi600.pdf<\/a>)<\/p>\n<p>Xat\u0131rladaq ki, \u00f6t\u0259n d\u00f6vrd\u0259 h\u0259m\u00e7inin,<\/p>\n<p>&#8211; \u00fcnvanl\u0131 d\u00f6vl\u0259t sosial yard\u0131m\u0131 alanlar\u0131n siyah\u0131s\u0131 (<a href=\"http:\/\/sosial.gov.az\/udssiyahi\" target=\"_blank\" rel=\"noopener\">http:\/\/sosial.gov.az\/udssiyahi<\/a>),<\/p>\n<p>&#8211; imtiyazl\u0131 \u015f\u0259xsl\u0259rin m\u0259nzil v\u0259 f\u0259rdi ev n\u00f6vb\u0259liliyi siyah\u0131s\u0131 (<a href=\"http:\/\/sosial.gov.az\/novbeyedayananvetendashlarinsiyahisi\" target=\"_blank\" rel=\"noopener\">http:\/\/sosial.gov.az\/novbeyedayananvetendashlarinsiyahisi<\/a>),<\/p>\n<p>&#8211; imtiyazl\u0131 \u015f\u0259xsl\u0259rin avtomobil n\u00f6vb\u0259liliyi siyah\u0131s\u0131 (<a href=\"http:\/\/sosial.gov.az\/avtomobilleteminat\" target=\"_blank\" rel=\"noopener\">http:\/\/sosial.gov.az\/avtomobilleteminat<\/a>),<\/p>\n<p>&#8211; m\u0259nzill\u0259 t\u0259min edil\u0259nl\u0259rin siyah\u0131s\u0131 (<a href=\"http:\/\/sosial.gov.az\/menzilleteminat\" target=\"_blank\" rel=\"noopener\">http:\/\/sosial.gov.az\/menzilleteminat<\/a>),<\/p>\n<p>&#8211; avtomobill\u0259 t\u0259min edil\u0259nl\u0259rin siyah\u0131s\u0131 (<a href=\"http:\/\/sosial.gov.az\/avtomobilleteminat\" target=\"_blank\" rel=\"noopener\">http:\/\/sosial.gov.az\/avtomobilleteminat<\/a>),<\/p>\n<p>&#8211; \u00f6d\u0259ni\u015fli ictimai i\u015fl\u0259r\u0259 c\u0259lb edil\u0259nl\u0259rin siyah\u0131s\u0131 (<a href=\"http:\/\/sosial.gov.az\/list-of-persons-involved-in-social-work\" target=\"_blank\" rel=\"noopener\">http:\/\/sosial.gov.az\/list-of-persons-involved-in-social-work<\/a>) da Nazirliyin sayt\u0131nda yerl\u0259\u015fdirilib.<\/p>\n<p>Eyni zamanda, \u00f6z\u00fcn\u00fcm\u0259\u015f\u011fulluq proqram\u0131na c\u0259lb edil\u0259nl\u0259r v\u0259 onlara t\u0259qdim edilmi\u015f aktivl\u0259r, aktivl\u0259rin t\u0259hvil verilm\u0259sini \u0259ks etdir\u0259n r\u0259smi s\u0259n\u0259dl\u0259r (skan edilmi\u015f formada), foto v\u0259 videomateriallar da saytda (<a href=\"https:\/\/mas.mlspp.gov.az\/selfemployment\/\" target=\"_blank\" rel=\"noopener\">https:\/\/mas.mlspp.gov.az\/selfemployment\/<\/a>) yer al\u0131b.<\/p>\n","protected":false},"excerpt":{"rendered":"<p>\u0130\u015fsizl\u0259rd\u0259n v\u0259 x\u00fcsusi karantin rejimin\u0259 g\u00f6r\u0259 i\u015fini itir\u0259n qeyri-formal m\u0259\u015f\u011ful \u015f\u0259xsl\u0259rd\u0259n ibar\u0259t azt\u0259minatl\u0131lardandaha 100 min azt\u0259minatl\u0131 \u00fc\u00e7\u00fcn bird\u0259f\u0259lik v\u0259sait (190 manat) k\u00f6\u00e7\u00fcr\u00fcl\u00fcb. Bu bar\u0259d\u0259\u00a0Publika.az-a \u018fm\u0259k v\u0259 \u018fhalinin Sosial M\u00fcdafi\u0259si Nazirliyind\u0259n m\u0259lumat verilib. Bununla da pandemiya il\u0259 \u0259laq\u0259dar m\u00fch\u00fcm sosial d\u0259st\u0259k proqramlar\u0131ndan biri olan bird\u0259f\u0259lik \u00f6d\u0259m\u0259 proqram\u0131 \u00fczr\u0259 600 min \u015f\u0259xsin m\u00fc\u0259yy\u0259n edilm\u0259si v\u0259 onlara aprel ay\u0131na dair \u00f6d\u0259ni\u015fl\u0259rin olunmas\u0131 prosesi yekunla\u015f\u0131b. Prezident \u0130lham \u018fliyevin tap\u015f\u0131r\u0131\u011f\u0131na \u0259sas\u0259n bird\u0259f\u0259lik \u00f6d\u0259m\u0259 proqram\u0131n\u0131n \u0259hat\u0259 dair\u0259si 3 d\u0259f\u0259 art\u0131r\u0131lmaqla, bird\u0259f\u0259lik \u00f6d\u0259m\u0259 veril\u0259nl\u0259rin say\u0131 200 mind\u0259n 600 min \u00e7atd\u0131r\u0131l\u0131b. \u018fm\u0259k v\u0259 \u018fhalinin Sosial M\u00fcdafi\u0259si Nazirliyi t\u0259r\u0259find\u0259n&hellip;<\/p>\n","protected":false},"author":2,"featured_media":160065,"comment_status":"closed","ping_status":"closed","sticky":false,"template":"","format":"standard","meta":{"om_disable_all_campaigns":false,"_monsterinsights_skip_tracking":false,"_monsterinsights_sitenote_active":false,"_monsterinsights_sitenote_note":"","_monsterinsights_sitenote_category":0},"categories":[26],"tags":[],"aioseo_notices":[],"gutentor_comment":0,"rttpg_featured_image_url":{"full":["https:\/\/arantv.az\/wp-content\/uploads\/2020\/05\/manat_180215-1-800x445.jpg",800,450,false],"landscape":["https:\/\/arantv.az\/wp-content\/uploads\/2020\/05\/manat_180215-1-800x445.jpg",800,450,false],"portraits":["https:\/\/arantv.az\/wp-content\/uploads\/2020\/05\/manat_180215-1-800x445.jpg",800,450,false],"thumbnail":["https:\/\/arantv.az\/wp-content\/uploads\/2020\/05\/manat_180215-1-800x445-150x150.jpg",150,150,true],"medium":["https:\/\/arantv.az\/wp-content\/uploads\/2020\/05\/manat_180215-1-800x445-300x169.jpg",300,169,true],"large":["https:\/\/arantv.az\/wp-content\/uploads\/2020\/05\/manat_180215-1-800x445.jpg",640,360,false],"1536x1536":["https:\/\/arantv.az\/wp-content\/uploads\/2020\/05\/manat_180215-1-800x445.jpg",800,450,false],"2048x2048":["https:\/\/arantv.az\/wp-content\/uploads\/2020\/05\/manat_180215-1-800x445.jpg",800,450,false],"post-thumbnail":["https:\/\/arantv.az\/wp-content\/uploads\/2020\/05\/manat_180215-1-800x445-240x172.jpg",240,172,true],"advps-thumb-one":["https:\/\/arantv.az\/wp-content\/uploads\/2020\/05\/manat_180215-1-800x445.jpg",800,450,false]},"rttpg_author":{"display_name":"V\u00fcsal Rafiqo\u011flu","author_link":"https:\/\/arantv.az\/?author=2"},"rttpg_comment":0,"rttpg_category":"<a href=\"https:\/\/arantv.az\/?cat=26\" rel=\"category\">Sosial<\/a>","rttpg_excerpt":"\u0130\u015fsizl\u0259rd\u0259n v\u0259 x\u00fcsusi karantin rejimin\u0259 g\u00f6r\u0259 i\u015fini itir\u0259n qeyri-formal m\u0259\u015f\u011ful \u015f\u0259xsl\u0259rd\u0259n ibar\u0259t azt\u0259minatl\u0131lardandaha 100 min azt\u0259minatl\u0131 \u00fc\u00e7\u00fcn bird\u0259f\u0259lik v\u0259sait (190 manat) k\u00f6\u00e7\u00fcr\u00fcl\u00fcb. Bu bar\u0259d\u0259\u00a0Publika.az-a \u018fm\u0259k v\u0259 \u018fhalinin Sosial M\u00fcdafi\u0259si Nazirliyind\u0259n m\u0259lumat verilib. Bununla da pandemiya il\u0259 \u0259laq\u0259dar m\u00fch\u00fcm sosial d\u0259st\u0259k proqramlar\u0131ndan biri olan bird\u0259f\u0259lik \u00f6d\u0259m\u0259 proqram\u0131 \u00fczr\u0259 600 min \u015f\u0259xsin m\u00fc\u0259yy\u0259n edilm\u0259si v\u0259 onlara aprel&hellip;","_links":{"self":[{"href":"https:\/\/arantv.az\/index.php?rest_route=\/wp\/v2\/posts\/160064"}],"collection":[{"href":"https:\/\/arantv.az\/index.php?rest_route=\/wp\/v2\/posts"}],"about":[{"href":"https:\/\/arantv.az\/index.php?rest_route=\/wp\/v2\/types\/post"}],"author":[{"embeddable":true,"href":"https:\/\/arantv.az\/index.php?rest_route=\/wp\/v2\/users\/2"}],"replies":[{"embeddable":true,"href":"https:\/\/arantv.az\/index.php?rest_route=%2Fwp%2Fv2%2Fcomments&post=160064"}],"version-history":[{"count":0,"href":"https:\/\/arantv.az\/index.php?rest_route=\/wp\/v2\/posts\/160064\/revisions"}],"wp:featuredmedia":[{"embeddable":true,"href":"https:\/\/arantv.az\/index.php?rest_route=\/wp\/v2\/media\/160065"}],"wp:attachment":[{"href":"https:\/\/arantv.az\/index.php?rest_route=%2Fwp%2Fv2%2Fmedia&parent=160064"}],"wp:term":[{"taxonomy":"category","embeddable":true,"href":"https:\/\/arantv.az\/index.php?rest_route=%2Fwp%2Fv2%2Fcategories&post=160064"},{"taxonomy":"post_tag","embeddable":true,"href":"https:\/\/arantv.az\/index.php?rest_route=%2Fwp%2Fv2%2Ftags&post=160064"}],"curies":[{"name":"wp","href":"https:\/\/api.w.org\/{rel}","templated":true}]}}